{"id":9627,"date":"2017-08-31T17:35:14","date_gmt":"2017-08-31T15:35:14","guid":{"rendered":"http:\/\/nowa.scinawa.pl\/?p=9627"},"modified":"2017-09-18T15:29:35","modified_gmt":"2017-09-18T13:29:35","slug":"jutro-ostatni-dzien-na-zakupy-w-tesco","status":"publish","type":"post","link":"https:\/\/scinawa.pl\/index.php\/2017\/08\/31\/jutro-ostatni-dzien-na-zakupy-w-tesco\/","title":{"rendered":"Ostatni dzie\u0144 na zakupy w TESCO"},"content":{"rendered":"<p align=\"justify\">Dzie\u0144 1 wrze\u015bnia b\u0119dzie ostatni\u0105 okazj\u0105 do dokonania zakup\u00f3w w \u015bcinawskim markecie Tesco.<br \/>\nO zamiarze zamkni\u0119cia sklep\u00f3w na terenie ca\u0142ego kraju brytyjska sie\u0107 hipermarket\u00f3w informowa\u0142a jeszcze przed wakacjami. <\/p>\n<p><!--more--><\/p>\n<p align=\"justify\">W\u00f3wczas Martin Behan, dyrektor zarz\u0105dzaj\u0105cy Tesco w Polsce komunikowa\u0142: \u201eSklepy: Bia\u0142ystok Bia\u0142ostoczek, G\u0142og\u00f3w Jedno\u015bci, Konin Chopina, \u0141\u00f3d\u017a Galeria, Opole \u0141\u0105kowa, O\u015bwi\u0119cim Majzla, Wa\u0142brzych G\u0142\u00f3wna, \u015acinawa Lubi\u0144ska i \u017bywiec Ko\u015bciuszki zostan\u0105 zamkni\u0119te do 14 wrze\u015bnia\u201d.<\/p>\n<p align=\"justify\">Konkurencja dyskont\u00f3w uderza nie tylko w ma\u0142e sklepy, ale r\u00f3wnie\u017c hipermarkety. Ich liczba b\u0119dzie spada\u0107, niekt\u00f3re b\u0119d\u0105 zmniejszane. Poza Tesco w \u015acinawie s\u0105 jeszcze cztery inne markety: Dino, Polo Market, Eko i Biedronka. Ponadto k\u0142opoty Tesco to prawdopodobnie m.in. efekt rosn\u0105cej popularno\u015bci dyskont\u00f3w, na czele z Biedronk\u0105 i Lidlem, kt\u00f3re odbieraj\u0105 klient\u00f3w super- i hipermarketom.<\/p>\n<p align=\"justify\">Jak pisze Rzeczypospolita polski rynek handlowy kurczy si\u0119 systematycznie od lat, na ten rok prognozowane jest znikni\u0119cie og\u00f3\u0142em 3,3 tys. plac\u00f3wek, z czego 1,7 tys. na rynku spo\u017cywczym. <\/p>\n<p align=\"justify\">Zamkni\u0119cie sklepu w \u015acinawie jest r\u00f3wnoznaczne ze zwolnieniami, a zatrudnionych jest oko\u0142o dwadzie\u015bcia os\u00f3b. Prawdopodobnie kilka os\u00f3b zostanie przeniesionych do Lubina.<\/p>\n<p align=\"justify\">Z informacji uzyskanych z biura prasowego Tesco Polska sp. z o.o. nieruchomo\u015b\u0107 przy ulicy Lubi\u0144skiej nie jest jeszcze przeznaczona do sprzeda\u017cy. S\u0105 takie plany odno\u015bnie tej plac\u00f3wki, jednak obecnie jest zbyt wcze\u015bnie na jakiekolwiek szczeg\u00f3\u0142y dotycz\u0105ce tej transakcji. <\/p>\n","protected":false},"excerpt":{"rendered":"<p>Dzie\u0144 1 wrze\u015bnia b\u0119dzie ostatni\u0105 okazj\u0105 do dokonania zakup\u00f3w w \u015bcinawskim markecie Tesco. O zamiarze zamkni\u0119cia sklep\u00f3w na terenie ca\u0142ego<\/p>\n","protected":false},"author":2,"featured_media":9628,"comment_status":"open","ping_status":"open","sticky":false,"template":"","format":"standard","meta":{"ngg_post_thumbnail":0},"categories":[2],"tags":[85,26,83,84],"_links":{"self":[{"href":"https:\/\/scinawa.pl\/index.php\/wp-json\/wp\/v2\/posts\/9627"}],"collection":[{"href":"https:\/\/scinawa.pl\/index.php\/wp-json\/wp\/v2\/posts"}],"about":[{"href":"https:\/\/scinawa.pl\/index.php\/wp-json\/wp\/v2\/types\/post"}],"author":[{"embeddable":true,"href":"https:\/\/scinawa.pl\/index.php\/wp-json\/wp\/v2\/users\/2"}],"replies":[{"embeddable":true,"href":"https:\/\/scinawa.pl\/index.php\/wp-json\/wp\/v2\/comments?post=9627"}],"version-history":[{"count":2,"href":"https:\/\/scinawa.pl\/index.php\/wp-json\/wp\/v2\/posts\/9627\/revisions"}],"predecessor-version":[{"id":9630,"href":"https:\/\/scinawa.pl\/index.php\/wp-json\/wp\/v2\/posts\/9627\/revisions\/9630"}],"wp:featuredmedia":[{"embeddable":true,"href":"https:\/\/scinawa.pl\/index.php\/wp-json\/wp\/v2\/media\/9628"}],"wp:attachment":[{"href":"https:\/\/scinawa.pl\/index.php\/wp-json\/wp\/v2\/media?parent=9627"}],"wp:term":[{"taxonomy":"category","embeddable":true,"href":"https:\/\/scinawa.pl\/index.php\/wp-json\/wp\/v2\/categories?post=9627"},{"taxonomy":"post_tag","embeddable":true,"href":"https:\/\/scinawa.pl\/index.php\/wp-json\/wp\/v2\/tags?post=9627"}],"curies":[{"name":"wp","href":"https:\/\/api.w.org\/{rel}","templated":true}]}}