{"id":9559,"date":"2017-08-25T11:51:37","date_gmt":"2017-08-25T09:51:37","guid":{"rendered":"http:\/\/nowa.scinawa.pl\/?p=9559"},"modified":"2017-09-18T15:29:22","modified_gmt":"2017-09-18T13:29:22","slug":"ludzkie-szczatki-spoczely-na-scinawskim-cmentarzu","status":"publish","type":"post","link":"https:\/\/scinawa.pl\/index.php\/2017\/08\/25\/ludzkie-szczatki-spoczely-na-scinawskim-cmentarzu\/","title":{"rendered":"Ludzkie szcz\u0105tki spocz\u0119\u0142y na \u015bcinawskim cmentarzu"},"content":{"rendered":"<p align=\"justify\">Zako\u0144czy\u0142y si\u0119 prace zwi\u0105zane z ekshumacj\u0105 ludzkich szcz\u0105tek w \u015acinawie. Przypomnijmy, \u017ce ko\u015bci zosta\u0142y odkopane kilka tygodni temu podczas wykopu pod fundamenty windy w remontowanym pa\u0142acyku na terenie miasta. Spocz\u0119\u0142y one w dw\u00f3ch trumnach na \u015bcinawskim cmentarzu. Prace budowlane z ty\u0142u obiektu s\u0105 kontynuowane.<\/p>\n<p align=\"justify\">Zakres rob\u00f3t przy obiekcie obejmuje m.in. modernizacj\u0119 istniej\u0105cej elewacji wraz z g\u0142\u00f3wnymi schodami wej\u015bciowymi oraz ca\u0142ym terenem otaczaj\u0105cym i wn\u0119trzem budynku, przebudow\u0119 schod\u00f3w gospodarczych do piwnicy od ty\u0142u obiektu oraz dobudowanie windy na potrzeby os\u00f3b niepe\u0142nosprawnych ruchowo. Z kolei zagospodarowanie terenu przewiduje m.in. wykonanie nawierzchni wjazdu na teren, ci\u0105g\u00f3w pieszo-jezdnych, stanowisk postojowych i chodnik\u00f3w oraz budow\u0119 nowego ogrodzenia. Ponadto zostanie zastosowane energooszcz\u0119dne o\u015bwietlenie z inteligentnym systemem zarz\u0105dzania reguluj\u0105cym moc o\u015bwietlenia w zale\u017cno\u015bci od warunk\u00f3w zewn\u0119trznych i bie\u017c\u0105cego zapotrzebowania, co ograniczy nadmierny pob\u00f3r energii.<\/p>\n<p align=\"justify\">O szczeg\u00f3\u0142ach m\u00f3wi\u0142 burmistrz \u015acinawy Krystian Koszty\u0142a podczas audycji pn. &#8222;<A href=\"https:\/\/legnica.fm\/wiadomosci\/wiadomosci-fakty\/17-fakty-lubin\/17776-ludzkie-szczatki-spoczely-na-scinawskim-cmentarzu\" target=\"_blank\">\u015acinawa nad Odr\u0105 &#8211; aktywnie, obiektywnie z pasj\u0105<\/a>&#8221; w <A href=\"https:\/\/legnica.fm\/wiadomosci\/wiadomosci-fakty\/17-fakty-lubin\/17776-ludzkie-szczatki-spoczely-na-scinawskim-cmentarzu\" target=\"_blank\">radiu PLUS<\/a>.<\/p>\n","protected":false},"excerpt":{"rendered":"<p>Zako\u0144czy\u0142y si\u0119 prace zwi\u0105zane z ekshumacj\u0105 ludzkich szcz\u0105tek w \u015acinawie. Przypomnijmy, \u017ce ko\u015bci zosta\u0142y odkopane kilka tygodni temu podczas wykopu<\/p>\n","protected":false},"author":2,"featured_media":9560,"comment_status":"open","ping_status":"open","sticky":false,"template":"","format":"audio","meta":{"ngg_post_thumbnail":0},"categories":[2],"tags":[81,80,52,26],"_links":{"self":[{"href":"https:\/\/scinawa.pl\/index.php\/wp-json\/wp\/v2\/posts\/9559"}],"collection":[{"href":"https:\/\/scinawa.pl\/index.php\/wp-json\/wp\/v2\/posts"}],"about":[{"href":"https:\/\/scinawa.pl\/index.php\/wp-json\/wp\/v2\/types\/post"}],"author":[{"embeddable":true,"href":"https:\/\/scinawa.pl\/index.php\/wp-json\/wp\/v2\/users\/2"}],"replies":[{"embeddable":true,"href":"https:\/\/scinawa.pl\/index.php\/wp-json\/wp\/v2\/comments?post=9559"}],"version-history":[{"count":2,"href":"https:\/\/scinawa.pl\/index.php\/wp-json\/wp\/v2\/posts\/9559\/revisions"}],"predecessor-version":[{"id":9562,"href":"https:\/\/scinawa.pl\/index.php\/wp-json\/wp\/v2\/posts\/9559\/revisions\/9562"}],"wp:featuredmedia":[{"embeddable":true,"href":"https:\/\/scinawa.pl\/index.php\/wp-json\/wp\/v2\/media\/9560"}],"wp:attachment":[{"href":"https:\/\/scinawa.pl\/index.php\/wp-json\/wp\/v2\/media?parent=9559"}],"wp:term":[{"taxonomy":"category","embeddable":true,"href":"https:\/\/scinawa.pl\/index.php\/wp-json\/wp\/v2\/categories?post=9559"},{"taxonomy":"post_tag","embeddable":true,"href":"https:\/\/scinawa.pl\/index.php\/wp-json\/wp\/v2\/tags?post=9559"}],"curies":[{"name":"wp","href":"https:\/\/api.w.org\/{rel}","templated":true}]}}