{"id":8603,"date":"2017-08-18T13:02:48","date_gmt":"2017-08-18T11:02:48","guid":{"rendered":"http:\/\/nowa.scinawa.pl\/?p=8603"},"modified":"2017-08-22T12:18:57","modified_gmt":"2017-08-22T10:18:57","slug":"w-niedziele-starcie-iv-ligowych-beniaminkow","status":"publish","type":"post","link":"https:\/\/scinawa.pl\/index.php\/2017\/08\/18\/w-niedziele-starcie-iv-ligowych-beniaminkow\/","title":{"rendered":"W niedziel\u0119 starcie IV-ligowych beniamink\u00f3w"},"content":{"rendered":"<p align=\"justify\">Inauguracja nowego sezonu pi\u0142karskiego ju\u017c za nami, kolejne rozgrywki zaplanowano na najbli\u017cszy weekend.<\/p>\n<p><!--more--><\/p>\n<p align=\"justify\">W sobot\u0119, 19 sierpnia zawodnicy klasy okr\u0119gowej Gromu Gromadzy\u0144-Wielowie\u015b na wyje\u017adzie zmierz\u0105 si\u0119 Zametem Przemk\u00f3w. Mecz rozpocznie si\u0119 o godz. 17:00.<\/p>\n<p align=\"justify\">Z kolei w niedziel\u0119, 20 sierpnia na boisku w Dziewinie w derbach gminnych rywalizowa\u0107 b\u0119d\u0105, graj\u0105cy w klasie &#8222;A&#8221;, Czarni ze Spart\u0105 Parszowice. Pocz\u0105tek pojedynku o godz. 14:00.<\/p>\n<p align=\"justify\">Tego dnia zagra tak\u017ce Victoria Tymowa, uczestnicz\u0105ca w rozgrywkach klasy &#8222;B&#8221;, kt\u00f3ra o godz. 11:00 podejmie u siebie Huzara Rasz\u00f3wka.<\/p>\n<p>R\u00f3wnie\u017c w niedziel\u0119 o godz. 17:00 na stadionie w \u015acinawie Odra-Total zawalczy o kolejne cenne punkty. Tym razem jej rywalem b\u0119dzie G\u00f3rnik Z\u0142otoryja, kt\u00f3ry podobnie jak \u015bcinawski zesp\u00f3\u0142, w minionym sezonie awansowa\u0142 do IV ligi.<\/p>\n<p align=\"justify\">Emocji co niemiara, przy tym trema nowicjuszy na tym poziomie rozgrywek, oczekiwania kibic\u00f3w powoduj\u0105, \u017ce dru\u017cyna ze \u015acinawy nie z\u0142apa\u0142a jeszcze swojego rytmu. &#8211; Ostatnie spotkanie nie nale\u017ca\u0142o do najlepszych, ale liczymy, \u017ce ch\u0142opaki si\u0119 rozkr\u0119c\u0105- m\u00f3wi prezes Odry Jacek Wo\u0142och.<\/p>\n<p align=\"justify\">Wspomniane &#8222;rozkr\u0119cenie&#8221; b\u0119dzie w najbli\u017cszym zmaganiach wskazane, bo rozgrywki pi\u0142karskie przyjad\u0105 obejrze\u0107 wiceprezes Polskiego Zwi\u0105zku Pi\u0142ki No\u017cnej i jednocze\u015bnie prezes DZPN Andrzej Padewski, a tak\u017ce wiceprezes DZPN i zarazem prezes OZPN Legnica Maria Kajdan. Towarzyszy\u0107 im b\u0119dzie gospodarz gminy Krystian Koszty\u0142a, kt\u00f3ry jest r\u00f3wnie\u017c cz\u0142onkiem zarz\u0105du Dolno\u015bl\u0105skiego Zwi\u0105zku Pi\u0142ki No\u017cnej. Obie dru\u017cyny zostan\u0105 wyr\u00f3\u017cnione za osi\u0105gni\u0119cia z poprzedniego sezonu i awans do IV ligi. Ponadto wr\u0119czona zostanie licencja trenerska szkoleniowcowi pierwszego zespo\u0142u Odry Tomaszowi Wo\u0142ochowi.<\/p>\n<p><img decoding=\"async\" loading=\"lazy\" class=\"alignnone size-full wp-image-8604\" src=\"http:\/\/nowa.scinawa.pl\/wp-content\/uploads\/2017\/08\/2017-08-20-afisz_odra.jpg\" alt=\"\" width=\"960\" height=\"665\" srcset=\"https:\/\/scinawa.pl\/wp-content\/uploads\/2017\/08\/2017-08-20-afisz_odra.jpg 960w, https:\/\/scinawa.pl\/wp-content\/uploads\/2017\/08\/2017-08-20-afisz_odra-300x208.jpg 300w, https:\/\/scinawa.pl\/wp-content\/uploads\/2017\/08\/2017-08-20-afisz_odra-768x532.jpg 768w, https:\/\/scinawa.pl\/wp-content\/uploads\/2017\/08\/2017-08-20-afisz_odra-392x272.jpg 392w, https:\/\/scinawa.pl\/wp-content\/uploads\/2017\/08\/2017-08-20-afisz_odra-130x90.jpg 130w\" sizes=\"(max-width: 960px) 100vw, 960px\" \/><BR \/><br \/>\n<img decoding=\"async\" loading=\"lazy\" class=\"alignnone size-full wp-image-8605\" src=\"http:\/\/nowa.scinawa.pl\/wp-content\/uploads\/2017\/08\/2017-08-20-derby.jpg\" alt=\"\" width=\"960\" height=\"665\" srcset=\"https:\/\/scinawa.pl\/wp-content\/uploads\/2017\/08\/2017-08-20-derby.jpg 960w, https:\/\/scinawa.pl\/wp-content\/uploads\/2017\/08\/2017-08-20-derby-300x208.jpg 300w, https:\/\/scinawa.pl\/wp-content\/uploads\/2017\/08\/2017-08-20-derby-768x532.jpg 768w, https:\/\/scinawa.pl\/wp-content\/uploads\/2017\/08\/2017-08-20-derby-392x272.jpg 392w, https:\/\/scinawa.pl\/wp-content\/uploads\/2017\/08\/2017-08-20-derby-130x90.jpg 130w\" sizes=\"(max-width: 960px) 100vw, 960px\" \/><\/p>\n","protected":false},"excerpt":{"rendered":"<p>Inauguracja nowego sezonu pi\u0142karskiego ju\u017c za nami, kolejne rozgrywki zaplanowano na najbli\u017cszy weekend.<\/p>\n","protected":false},"author":2,"featured_media":8604,"comment_status":"open","ping_status":"open","sticky":false,"template":"","format":"image","meta":{"ngg_post_thumbnail":0},"categories":[15],"tags":[65,67,58,61,66,64],"_links":{"self":[{"href":"https:\/\/scinawa.pl\/index.php\/wp-json\/wp\/v2\/posts\/8603"}],"collection":[{"href":"https:\/\/scinawa.pl\/index.php\/wp-json\/wp\/v2\/posts"}],"about":[{"href":"https:\/\/scinawa.pl\/index.php\/wp-json\/wp\/v2\/types\/post"}],"author":[{"embeddable":true,"href":"https:\/\/scinawa.pl\/index.php\/wp-json\/wp\/v2\/users\/2"}],"replies":[{"embeddable":true,"href":"https:\/\/scinawa.pl\/index.php\/wp-json\/wp\/v2\/comments?post=8603"}],"version-history":[{"count":4,"href":"https:\/\/scinawa.pl\/index.php\/wp-json\/wp\/v2\/posts\/8603\/revisions"}],"predecessor-version":[{"id":8609,"href":"https:\/\/scinawa.pl\/index.php\/wp-json\/wp\/v2\/posts\/8603\/revisions\/8609"}],"wp:featuredmedia":[{"embeddable":true,"href":"https:\/\/scinawa.pl\/index.php\/wp-json\/wp\/v2\/media\/8604"}],"wp:attachment":[{"href":"https:\/\/scinawa.pl\/index.php\/wp-json\/wp\/v2\/media?parent=8603"}],"wp:term":[{"taxonomy":"category","embeddable":true,"href":"https:\/\/scinawa.pl\/index.php\/wp-json\/wp\/v2\/categories?post=8603"},{"taxonomy":"post_tag","embeddable":true,"href":"https:\/\/scinawa.pl\/index.php\/wp-json\/wp\/v2\/tags?post=8603"}],"curies":[{"name":"wp","href":"https:\/\/api.w.org\/{rel}","templated":true}]}}