{"id":819,"date":"2017-05-04T15:20:24","date_gmt":"2017-05-04T13:20:24","guid":{"rendered":"http:\/\/nowa.scinawa.pl\/?p=819"},"modified":"2017-05-15T15:21:43","modified_gmt":"2017-05-15T13:21:43","slug":"odra-wystapila-z-brzegow","status":"publish","type":"post","link":"https:\/\/scinawa.pl\/index.php\/2017\/05\/04\/odra-wystapila-z-brzegow\/","title":{"rendered":"Odra wyst\u0105pi\u0142a z brzeg\u00f3w"},"content":{"rendered":"<p><P align=\"justify\">Pogoda jest bardzo nieprzyjemna. Ocieplenie i opady powoduj\u0105, \u017ce pojawiaj\u0105 si\u0119 lokalne podtopienia, a wody w rzekach wci\u0105\u017c przybywa. Przekroczenie stanu alarmowego, tj. poziomu 400 cm, odnotowano r\u00f3wnie\u017c w \u015acinawie na rzece Odrze.<\/P><!--more--><\/p>\n<p><P align=\"justify\">Fala kulminacyjna przesz\u0142a przez nasze miasto dzisiaj o godzinie 4.00 nad ranem. &#8211; Zgodnie z prognoz\u0105 Instytutu Meteorologii i Gospodarki Wodnej fala, kt\u00f3ra przesz\u0142a przez \u015acinaw\u0119 mia\u0142a by\u0107 wy\u017csza i wed\u0142ug zapowiedzi mia\u0142a osi\u0105gn\u0105\u0107 poziom 492 cm- informuje gospodarz gminy Krystian Kosztyla. &#8211; Ostatecznie uleg\u0142a ona sp\u0142aszczeniu, tzn. przysz\u0142a do nas ni\u017csza ni\u017c prognozowano i wed\u0142ug ju\u017c realnych pomiar\u00f3w mia\u0142a ostatecznie 474 cm- dopowiada.<\/P><\/p>\n<p><P align=\"justify\">Mimo tendencji spadkowych stan alarmowy jednak wci\u0105\u017c si\u0119 utrzymuje, o 12.30 w po\u0142udnie odnotowano 455 cm. Jak zapewniaj\u0105 s\u0142u\u017cby gminne sytuacja jest na bie\u017c\u0105co monitorowana. W zwi\u0105zku z podwy\u017cszeniem si\u0119 poziomu rzeki dotychczas nie stwierdzono \u017cadnych zdarze\u0144 wp\u0142ywaj\u0105cych na stan bezpiecze\u0144stwa mieszka\u0144c\u00f3w miasta i gminy \u015acinawa.<\/P> <\/p>\n<p><P align=\"justify\">W razie pogorszenia si\u0119 sytuacji \u015bcinawski magistrat jest gotowy na podj\u0119cie odpowiednich w tym zakresie dzia\u0142a\u0144. &#8211; Posiadamy zabezpieczenie powodziowe, tj. worki, folie, geow\u0142\u00f3knin\u0119, wszystkie niezb\u0119dne s\u0142u\u017cby s\u0105 w gotowo\u015bci. Mamy jednak nadziej\u0119, \u017ce zagro\u017cenie powodziowe ju\u017c min\u0119\u0142o &#8211; m\u00f3wi Danuta Zarzycka, inspektor ds. obronnych i zarz\u0105dzania kryzysowego w \u015bcinawskim urz\u0119dzie.<\/P><\/p>\n<p><P align=\"justify\">Przepisy zobowi\u0105zuj\u0105 jednostki samorz\u0105du terytorialnego do prowadzenia dy\u017cur\u00f3w ca\u0142odobowych, w przypadku og\u0142oszenia alarmu powodziowego. W gminie \u015acinawa wprowadzany jest on w sytuacji, kiedy Odra osi\u0105gnie poziom 530 cm.<\/P><\/p>\n<p>\u0179r\u00f3d\u0142o zdj\u0119\u0107: <A href=\"http:\/\/www.lubin.pl\/przekroczony-stan-alarmowy-na-odrze\/\" target=\"_blank\">Lubin.pl<\/A><\/P><\/p>\n","protected":false},"excerpt":{"rendered":"<p>Pogoda jest bardzo nieprzyjemna. Ocieplenie i opady powoduj\u0105, \u017ce pojawiaj\u0105 si\u0119 lokalne podtopienia, a wody w rzekach wci\u0105\u017c przybywa. Przekroczenie<\/p>\n","protected":false},"author":2,"featured_media":0,"comment_status":"open","ping_status":"open","sticky":false,"template":"","format":"standard","meta":{"ngg_post_thumbnail":0},"categories":[2],"tags":[],"_links":{"self":[{"href":"https:\/\/scinawa.pl\/index.php\/wp-json\/wp\/v2\/posts\/819"}],"collection":[{"href":"https:\/\/scinawa.pl\/index.php\/wp-json\/wp\/v2\/posts"}],"about":[{"href":"https:\/\/scinawa.pl\/index.php\/wp-json\/wp\/v2\/types\/post"}],"author":[{"embeddable":true,"href":"https:\/\/scinawa.pl\/index.php\/wp-json\/wp\/v2\/users\/2"}],"replies":[{"embeddable":true,"href":"https:\/\/scinawa.pl\/index.php\/wp-json\/wp\/v2\/comments?post=819"}],"version-history":[{"count":1,"href":"https:\/\/scinawa.pl\/index.php\/wp-json\/wp\/v2\/posts\/819\/revisions"}],"predecessor-version":[{"id":821,"href":"https:\/\/scinawa.pl\/index.php\/wp-json\/wp\/v2\/posts\/819\/revisions\/821"}],"wp:attachment":[{"href":"https:\/\/scinawa.pl\/index.php\/wp-json\/wp\/v2\/media?parent=819"}],"wp:term":[{"taxonomy":"category","embeddable":true,"href":"https:\/\/scinawa.pl\/index.php\/wp-json\/wp\/v2\/categories?post=819"},{"taxonomy":"post_tag","embeddable":true,"href":"https:\/\/scinawa.pl\/index.php\/wp-json\/wp\/v2\/tags?post=819"}],"curies":[{"name":"wp","href":"https:\/\/api.w.org\/{rel}","templated":true}]}}