{"id":7612,"date":"2017-07-11T10:35:48","date_gmt":"2017-07-11T08:35:48","guid":{"rendered":"http:\/\/nowa.scinawa.pl\/?p=7612"},"modified":"2017-08-07T10:37:06","modified_gmt":"2017-08-07T08:37:06","slug":"prokuratura-i-ipn-zdecyduja-co-dalej","status":"publish","type":"post","link":"https:\/\/scinawa.pl\/index.php\/2017\/07\/11\/prokuratura-i-ipn-zdecyduja-co-dalej\/","title":{"rendered":"Prokuratura i IPN zdecyduj\u0105 co dalej"},"content":{"rendered":"<p><P align=\"justify\">W najbli\u017cszych dniach lubi\u0144ska prokuratura w porozumieniu z wroc\u0142awskim oddzia\u0142em IPN podejmie decyzj\u0119 czy teren przy \u015bcinawskim Pa\u0142acyku, gdzie w ubieg\u0142ym tygodniu odkopano ludzkie szcz\u0105tki, nadal b\u0119dzie przeszukiwany. P\u00f3ki co miejsce zosta\u0142o zabezpieczone, a \u015bledztwo w tej sprawie wszcz\u0119\u0142a lubi\u0144ska prokuratura.<\/P><\/p>\n<hr id=\"system-readmore\" \/><img decoding=\"async\" class=\"joomslide\" align=\"right\" src=\"images\/stories\/galerie\/2017\/07-07-ludzkie-szczatki\/ludzkie-szcz\u0105tki-\u015acinawa-9.jpg\" alt=\"\" \/><\/p>\n<p><P align=\"justify\">O odkopaniu ko\u015bci i czaszek pisali\u015bmy na naszym portalu <A href=\"index.php\/2017\/07\/07\/ludzkie-szczatki-na-placu-budowy\/\" target=\"_blank\">TUTAJ<\/A>. Ludzkie szcz\u0105tki odkopali pracownicy, kt\u00f3rzy przygotowywali fundament pod budow\u0119 windy przy \u015bcinawskim Pa\u0142acyku.<\/P><\/p>\n<p><P align=\"justify\">\u2013 Na miejscu pracowa\u0142 prokurator, kt\u00f3ry przeprowadzi\u0142 wst\u0119pne ogl\u0119dziny i wykona\u0142 wst\u0119pne czynno\u015bci w tej sprawie. By\u0142 te\u017c archeolog \u2013 informuje Lidia Tkaczyszyn, rzecznik Prokuratury Okr\u0119gowej w Legnicy. \u2013 Miejsce, gdzie odkopano szcz\u0105tki, zosta\u0142o zabezpieczone, teraz wsp\u00f3lnie z wroc\u0142awskim oddzia\u0142em IPN poczynimy ustalenia odno\u015bnie dalszych czynno\u015bci \u2013 dodaje.<\/P><\/p>\n<p><P align=\"justify\">Decyzja ma zapa\u015b\u0107 w ci\u0105gu najbli\u017cszych dni. Prokurator Tkaczyszyn informuje te\u017c, \u017ce w tej sprawie zosta\u0142a ju\u017c przes\u0142uchana jedna starsza osoba, kt\u00f3ra zezna\u0142a, \u017ce po wojnie w tym miejscu by\u0142a siedziba milicji obywatelskiej.<\/P><\/p>\n<p><P align=\"justify\">\u2013 Na podstawie tych zezna\u0144 i innych ustale\u0144 wst\u0119pnie zak\u0142adamy, \u017ce to szcz\u0105tki ludzkie z prze\u0142omu lat 40- i 50-tych XX wieku \u2013 m\u00f3wi prokurator Tkaczyszyn. \u2013 Wszystkie niezb\u0119dne czynno\u015bci zosta\u0142y w tej sprawie wykonane, miejsce jest zabezpieczone, teraz ustalamy dalsze procedowanie w tej sprawie \u2013 dodaje na koniec.<\/P><\/p>\n<p><P align=\"right\">\u0179r\u00f3d\u0142o: <A href=\"http:\/\/www.lubin.pl\/prokuratura-i-ipn-zdecyduja-co-dalej\/\" target=\"_blank\">Lubin.pl<\/A><\/P><\/p>\n","protected":false},"excerpt":{"rendered":"<p>W najbli\u017cszych dniach lubi\u0144ska prokuratura w porozumieniu z wroc\u0142awskim oddzia\u0142em IPN podejmie decyzj\u0119 czy teren przy \u015bcinawskim Pa\u0142acyku, gdzie w<\/p>\n","protected":false},"author":2,"featured_media":7607,"comment_status":"open","ping_status":"open","sticky":false,"template":"","format":"standard","meta":{"ngg_post_thumbnail":0},"categories":[2],"tags":[],"_links":{"self":[{"href":"https:\/\/scinawa.pl\/index.php\/wp-json\/wp\/v2\/posts\/7612"}],"collection":[{"href":"https:\/\/scinawa.pl\/index.php\/wp-json\/wp\/v2\/posts"}],"about":[{"href":"https:\/\/scinawa.pl\/index.php\/wp-json\/wp\/v2\/types\/post"}],"author":[{"embeddable":true,"href":"https:\/\/scinawa.pl\/index.php\/wp-json\/wp\/v2\/users\/2"}],"replies":[{"embeddable":true,"href":"https:\/\/scinawa.pl\/index.php\/wp-json\/wp\/v2\/comments?post=7612"}],"version-history":[{"count":2,"href":"https:\/\/scinawa.pl\/index.php\/wp-json\/wp\/v2\/posts\/7612\/revisions"}],"predecessor-version":[{"id":7614,"href":"https:\/\/scinawa.pl\/index.php\/wp-json\/wp\/v2\/posts\/7612\/revisions\/7614"}],"wp:featuredmedia":[{"embeddable":true,"href":"https:\/\/scinawa.pl\/index.php\/wp-json\/wp\/v2\/media\/7607"}],"wp:attachment":[{"href":"https:\/\/scinawa.pl\/index.php\/wp-json\/wp\/v2\/media?parent=7612"}],"wp:term":[{"taxonomy":"category","embeddable":true,"href":"https:\/\/scinawa.pl\/index.php\/wp-json\/wp\/v2\/categories?post=7612"},{"taxonomy":"post_tag","embeddable":true,"href":"https:\/\/scinawa.pl\/index.php\/wp-json\/wp\/v2\/tags?post=7612"}],"curies":[{"name":"wp","href":"https:\/\/api.w.org\/{rel}","templated":true}]}}