{"id":7593,"date":"2017-06-26T10:22:35","date_gmt":"2017-06-26T08:22:35","guid":{"rendered":"http:\/\/nowa.scinawa.pl\/?p=7593"},"modified":"2017-08-07T10:23:55","modified_gmt":"2017-08-07T08:23:55","slug":"hura-wakacje","status":"publish","type":"post","link":"https:\/\/scinawa.pl\/index.php\/2017\/06\/26\/hura-wakacje\/","title":{"rendered":"HURA wakacje!"},"content":{"rendered":"<p><P align=\"justify\">Ostatni dzwonek zabrzmia\u0142 w miniony pi\u0105tek, 23 czerwca br. Tego dnia odby\u0142y si\u0119 uroczyste apele na zako\u0144czenie roku szkolnego 2016\/2017.<\/P><!--more--><\/p>\n<p><P align=\"justify\">Opr\u00f3cz dyrekcji, nauczycieli, uczni\u00f3w oraz rodzic\u00f3w w spotkaniach uczestniczyli m.in.: burmistrz \u015acinawy Krystian Koszty\u0142a oraz wiceprzewodnicz\u0105ce rady miejskiej: Monika \u017bogalska i Irena Chrystyna.<\/P> <\/p>\n<p><P align=\"justify\">Apele by\u0142y okazj\u0105 do podzi\u0119kowa\u0144 dla dyrektor\u00f3w, nauczycieli i pracownik\u00f3w szk\u00f3\u0142 oraz do przekazania gratulacji dla wyr\u00f3\u017cniaj\u0105cych si\u0119 uczni\u00f3w. Ci najlepsi otrzymali stypendia samorz\u0105dowe ufundowane przez gmin\u0119 \u015acinawa. W bie\u017c\u0105cym roku przyznano 60 nagr\u00f3d pieni\u0119\u017cnych. Stypendia dla uczni\u00f3w z najlepsz\u0105 \u015bredni\u0105 oraz wzorowym zachowaniem, tych kt\u00f3rzy osi\u0105gali w trakcie roku szkolnego sukcesy w dziedzinach artystycznych, a tak\u017ce w sporcie wr\u0119cza\u0142 gospodarz gminy Krystian Koszty\u0142a wraz z kierownikiem Referatu O\u015bwiaty, Kultury, Sportu i Turystyki \u015bcinawskiego magistratu Gra\u017cyn\u0105 Matkowsk\u0105-Rudomino.<\/P><\/p>\n<p><P align=\"justify\">Na zako\u0144czeniu, wzorowych i najzdolniejszych uczni\u00f3w obdarowywano r\u00f3wnie\u017c nagrodami ufundowanymi przez szko\u0142y oraz rady rodzic\u00f3w. Dodatkowo dyrektor Zespo\u0142u Plac\u00f3wek O\u015bwiatowych w \u015acinawie Jolanta Szulc wr\u0119cza\u0142a stypendia naukowe oraz sportowe najzdolniejszym uczniom.<\/P><\/p>\n<p><P align=\"justify\">By\u0142y \u015bpiewy, ta\u0144ce oraz prezentacja uczni\u00f3w klas trzecich gimnazjum, kt\u00f3rzy ko\u0144czyli szko\u0142\u0119.<\/P><\/p>\n<p><P align=\"justify\">Oficjalnie wakacje rozpocz\u0119te, a dwumiesi\u0119czn\u0105 przerw\u0119 umil\u0105 zaj\u0119cia przygotowane przez Centrum Turystyki i Kultury w \u015acinawie. B\u0119d\u0105 warsztaty, zaj\u0119cia sportowe, gry i zabawy podw\u00f3rkowe oraz liczne wyjazdy. Ponadto wolne chwile b\u0119dzie mo\u017cna sp\u0119dzi\u0107 na basenie miejskim \u201eWodnik\u201d, kt\u00f3re pozwoli przetrwa\u0107 upalne dni. Szczeg\u00f3lnie zapraszamy w pi\u0105tki na animacje basenowe. <\/P><\/p>\n<!-- default-view.php -->\n<div\n\tclass=\"ngg-galleryoverview default-view  ngg-ajax-pagination-none\"\n\tid=\"ngg-gallery-eda2bf7d481e730a84de8ce2c71f4d43-1\">\n\n\t\t<!-- Thumbnails -->\n\t\t\t\t<div id=\"ngg-image-0\" class=\"ngg-gallery-thumbnail-box \" >\n\t\t\t\t        <div class=\"ngg-gallery-thumbnail\">\n            <a href=\"https:\/\/scinawa.pl\/wp-content\/gallery\/2017-06-23-zakonczenie-roku-szkolnego\/DSC_0001.jpg\"\n               title=\"\"\n               data-src=\"https:\/\/scinawa.pl\/wp-content\/gallery\/2017-06-23-zakonczenie-roku-szkolnego\/DSC_0001.jpg\"\n               data-thumbnail=\"https:\/\/scinawa.pl\/wp-content\/gallery\/2017-06-23-zakonczenie-roku-szkolnego\/thumbs\/thumbs_DSC_0001.jpg\"\n               data-image-id=\"1871\"\n               data-title=\"DSC_0001\"\n               data-description=\"\"\n               data-image-slug=\"dsc_0001-6\"\n               class=\"ngg-fancybox\" rel=\"eda2bf7d481e730a84de8ce2c71f4d43\">\n                <img\n                    title=\"DSC_0001\"\n                    alt=\"DSC_0001\"\n                    src=\"https:\/\/scinawa.pl\/wp-content\/gallery\/2017-06-23-zakonczenie-roku-szkolnego\/thumbs\/thumbs_DSC_0001.jpg\"\n                    width=\"200\"\n                    height=\"140\"\n                    style=\"max-width:100%;\"\n                \/>\n            <\/a>\n        <\/div>\n\t\t\t\t\t\t\t<\/div> \n\t\t\t\n\t\t\t\t<div id=\"ngg-image-1\" class=\"ngg-gallery-thumbnail-box \" >\n\t\t\t\t        <div class=\"ngg-gallery-thumbnail\">\n            <a href=\"https:\/\/scinawa.pl\/wp-content\/gallery\/2017-06-23-zakonczenie-roku-szkolnego\/DSC_0002.jpg\"\n               title=\"\"\n               data-src=\"https:\/\/scinawa.pl\/wp-content\/gallery\/2017-06-23-zakonczenie-roku-szkolnego\/DSC_0002.jpg\"\n               data-thumbnail=\"https:\/\/scinawa.pl\/wp-content\/gallery\/2017-06-23-zakonczenie-roku-szkolnego\/thumbs\/thumbs_DSC_0002.jpg\"\n               data-image-id=\"1872\"\n               data-title=\"DSC_0002\"\n               data-description=\"\"\n               data-image-slug=\"dsc_0002-6\"\n               class=\"ngg-fancybox\" rel=\"eda2bf7d481e730a84de8ce2c71f4d43\">\n                <img\n                    title=\"DSC_0002\"\n                    alt=\"DSC_0002\"\n                    src=\"https:\/\/scinawa.pl\/wp-content\/gallery\/2017-06-23-zakonczenie-roku-szkolnego\/thumbs\/thumbs_DSC_0002.jpg\"\n                    width=\"200\"\n                    height=\"140\"\n                    style=\"max-width:100%;\"\n                \/>\n            <\/a>\n        <\/div>\n\t\t\t\t\t\t\t<\/div> \n\t\t\t\n\t\t\t\t<div id=\"ngg-image-2\" class=\"ngg-gallery-thumbnail-box \" >\n\t\t\t\t        <div class=\"ngg-gallery-thumbnail\">\n            <a href=\"https:\/\/scinawa.pl\/wp-content\/gallery\/2017-06-23-zakonczenie-roku-szkolnego\/DSC_0004.jpg\"\n               title=\"\"\n               data-src=\"https:\/\/scinawa.pl\/wp-content\/gallery\/2017-06-23-zakonczenie-roku-szkolnego\/DSC_0004.jpg\"\n               data-thumbnail=\"https:\/\/scinawa.pl\/wp-content\/gallery\/2017-06-23-zakonczenie-roku-szkolnego\/thumbs\/thumbs_DSC_0004.jpg\"\n               data-image-id=\"1873\"\n               data-title=\"DSC_0004\"\n               data-description=\"\"\n               data-image-slug=\"dsc_0004-7\"\n               class=\"ngg-fancybox\" rel=\"eda2bf7d481e730a84de8ce2c71f4d43\">\n                <img\n                    title=\"DSC_0004\"\n                    alt=\"DSC_0004\"\n                    src=\"https:\/\/scinawa.pl\/wp-content\/gallery\/2017-06-23-zakonczenie-roku-szkolnego\/thumbs\/thumbs_DSC_0004.jpg\"\n                    width=\"200\"\n                    height=\"140\"\n                    style=\"max-width:100%;\"\n                \/>\n            <\/a>\n        <\/div>\n\t\t\t\t\t\t\t<\/div> \n\t\t\t\n\t\t\t\t<div id=\"ngg-image-3\" class=\"ngg-gallery-thumbnail-box \" >\n\t\t\t\t        <div class=\"ngg-gallery-thumbnail\">\n            <a href=\"https:\/\/scinawa.pl\/wp-content\/gallery\/2017-06-23-zakonczenie-roku-szkolnego\/DSC_0005.jpg\"\n               title=\"\"\n               data-src=\"https:\/\/scinawa.pl\/wp-content\/gallery\/2017-06-23-zakonczenie-roku-szkolnego\/DSC_0005.jpg\"\n               data-thumbnail=\"https:\/\/scinawa.pl\/wp-content\/gallery\/2017-06-23-zakonczenie-roku-szkolnego\/thumbs\/thumbs_DSC_0005.jpg\"\n               data-image-id=\"1874\"\n               data-title=\"DSC_0005\"\n               data-description=\"\"\n               data-image-slug=\"dsc_0005-6\"\n               class=\"ngg-fancybox\" rel=\"eda2bf7d481e730a84de8ce2c71f4d43\">\n                <img\n                    title=\"DSC_0005\"\n                    alt=\"DSC_0005\"\n                    src=\"https:\/\/scinawa.pl\/wp-content\/gallery\/2017-06-23-zakonczenie-roku-szkolnego\/thumbs\/thumbs_DSC_0005.jpg\"\n                    width=\"200\"\n                    height=\"140\"\n                    style=\"max-width:100%;\"\n                \/>\n            <\/a>\n        <\/div>\n\t\t\t\t\t\t\t<\/div> \n\t\t\t\n\t\t\t\t<div id=\"ngg-image-4\" class=\"ngg-gallery-thumbnail-box \" >\n\t\t\t\t        <div class=\"ngg-gallery-thumbnail\">\n            <a href=\"https:\/\/scinawa.pl\/wp-content\/gallery\/2017-06-23-zakonczenie-roku-szkolnego\/DSC_0006.jpg\"\n               title=\"\"\n               data-src=\"https:\/\/scinawa.pl\/wp-content\/gallery\/2017-06-23-zakonczenie-roku-szkolnego\/DSC_0006.jpg\"\n               data-thumbnail=\"https:\/\/scinawa.pl\/wp-content\/gallery\/2017-06-23-zakonczenie-roku-szkolnego\/thumbs\/thumbs_DSC_0006.jpg\"\n               data-image-id=\"1875\"\n               data-title=\"DSC_0006\"\n               data-description=\"\"\n               data-image-slug=\"dsc_0006-6\"\n               class=\"ngg-fancybox\" rel=\"eda2bf7d481e730a84de8ce2c71f4d43\">\n                <img\n                    title=\"DSC_0006\"\n                    alt=\"DSC_0006\"\n                    src=\"https:\/\/scinawa.pl\/wp-content\/gallery\/2017-06-23-zakonczenie-roku-szkolnego\/thumbs\/thumbs_DSC_0006.jpg\"\n                    width=\"200\"\n                    height=\"140\"\n                    style=\"max-width:100%;\"\n                \/>\n            <\/a>\n        <\/div>\n\t\t\t\t\t\t\t<\/div> \n\t\t\t\n\t\t\t\t<div id=\"ngg-image-5\" class=\"ngg-gallery-thumbnail-box \" >\n\t\t\t\t        <div class=\"ngg-gallery-thumbnail\">\n            <a href=\"https:\/\/scinawa.pl\/wp-content\/gallery\/2017-06-23-zakonczenie-roku-szkolnego\/DSC_0008.jpg\"\n               title=\"\"\n               data-src=\"https:\/\/scinawa.pl\/wp-content\/gallery\/2017-06-23-zakonczenie-roku-szkolnego\/DSC_0008.jpg\"\n               data-thumbnail=\"https:\/\/scinawa.pl\/wp-content\/gallery\/2017-06-23-zakonczenie-roku-szkolnego\/thumbs\/thumbs_DSC_0008.jpg\"\n               data-image-id=\"1876\"\n               data-title=\"DSC_0008\"\n               data-description=\"\"\n               data-image-slug=\"dsc_0008-8\"\n               class=\"ngg-fancybox\" rel=\"eda2bf7d481e730a84de8ce2c71f4d43\">\n                <img\n                    title=\"DSC_0008\"\n                    alt=\"DSC_0008\"\n                    src=\"https:\/\/scinawa.pl\/wp-content\/gallery\/2017-06-23-zakonczenie-roku-szkolnego\/thumbs\/thumbs_DSC_0008.jpg\"\n                    width=\"200\"\n                    height=\"140\"\n                    style=\"max-width:100%;\"\n                \/>\n            <\/a>\n        <\/div>\n\t\t\t\t\t\t\t<\/div> \n\t\t\t\n\t\t\t\t<div id=\"ngg-image-6\" class=\"ngg-gallery-thumbnail-box \" >\n\t\t\t\t        <div class=\"ngg-gallery-thumbnail\">\n            <a href=\"https:\/\/scinawa.pl\/wp-content\/gallery\/2017-06-23-zakonczenie-roku-szkolnego\/DSC_0010.jpg\"\n               title=\"\"\n               data-src=\"https:\/\/scinawa.pl\/wp-content\/gallery\/2017-06-23-zakonczenie-roku-szkolnego\/DSC_0010.jpg\"\n               data-thumbnail=\"https:\/\/scinawa.pl\/wp-content\/gallery\/2017-06-23-zakonczenie-roku-szkolnego\/thumbs\/thumbs_DSC_0010.jpg\"\n               data-image-id=\"1877\"\n               data-title=\"DSC_0010\"\n               data-description=\"\"\n               data-image-slug=\"dsc_0010-6\"\n               class=\"ngg-fancybox\" rel=\"eda2bf7d481e730a84de8ce2c71f4d43\">\n                <img\n                    title=\"DSC_0010\"\n                    alt=\"DSC_0010\"\n                    src=\"https:\/\/scinawa.pl\/wp-content\/gallery\/2017-06-23-zakonczenie-roku-szkolnego\/thumbs\/thumbs_DSC_0010.jpg\"\n                    width=\"200\"\n                    height=\"140\"\n                    style=\"max-width:100%;\"\n                \/>\n            <\/a>\n        <\/div>\n\t\t\t\t\t\t\t<\/div> \n\t\t\t\n\t\t\t\t<div id=\"ngg-image-7\" class=\"ngg-gallery-thumbnail-box \" >\n\t\t\t\t        <div class=\"ngg-gallery-thumbnail\">\n            <a href=\"https:\/\/scinawa.pl\/wp-content\/gallery\/2017-06-23-zakonczenie-roku-szkolnego\/DSC_0012.jpg\"\n               title=\"\"\n               data-src=\"https:\/\/scinawa.pl\/wp-content\/gallery\/2017-06-23-zakonczenie-roku-szkolnego\/DSC_0012.jpg\"\n               data-thumbnail=\"https:\/\/scinawa.pl\/wp-content\/gallery\/2017-06-23-zakonczenie-roku-szkolnego\/thumbs\/thumbs_DSC_0012.jpg\"\n               data-image-id=\"1878\"\n               data-title=\"DSC_0012\"\n               data-description=\"\"\n               data-image-slug=\"dsc_0012-6\"\n               class=\"ngg-fancybox\" rel=\"eda2bf7d481e730a84de8ce2c71f4d43\">\n                <img\n                    title=\"DSC_0012\"\n                    alt=\"DSC_0012\"\n                    src=\"https:\/\/scinawa.pl\/wp-content\/gallery\/2017-06-23-zakonczenie-roku-szkolnego\/thumbs\/thumbs_DSC_0012.jpg\"\n                    width=\"200\"\n                    height=\"140\"\n                    style=\"max-width:100%;\"\n                \/>\n            <\/a>\n        <\/div>\n\t\t\t\t\t\t\t<\/div> \n\t\t\t\n\t\t\t\t<div id=\"ngg-image-8\" class=\"ngg-gallery-thumbnail-box \" >\n\t\t\t\t        <div class=\"ngg-gallery-thumbnail\">\n            <a href=\"https:\/\/scinawa.pl\/wp-content\/gallery\/2017-06-23-zakonczenie-roku-szkolnego\/DSC_0015.jpg\"\n               title=\"\"\n               data-src=\"https:\/\/scinawa.pl\/wp-content\/gallery\/2017-06-23-zakonczenie-roku-szkolnego\/DSC_0015.jpg\"\n               data-thumbnail=\"https:\/\/scinawa.pl\/wp-content\/gallery\/2017-06-23-zakonczenie-roku-szkolnego\/thumbs\/thumbs_DSC_0015.jpg\"\n               data-image-id=\"1879\"\n               data-title=\"DSC_0015\"\n               data-description=\"\"\n               data-image-slug=\"dsc_0015-6\"\n               class=\"ngg-fancybox\" rel=\"eda2bf7d481e730a84de8ce2c71f4d43\">\n                <img\n                    title=\"DSC_0015\"\n                    alt=\"DSC_0015\"\n                    src=\"https:\/\/scinawa.pl\/wp-content\/gallery\/2017-06-23-zakonczenie-roku-szkolnego\/thumbs\/thumbs_DSC_0015.jpg\"\n                    width=\"200\"\n                    height=\"140\"\n                    style=\"max-width:100%;\"\n                \/>\n            <\/a>\n        <\/div>\n\t\t\t\t\t\t\t<\/div> \n\t\t\t\n\t\t\t\t<div id=\"ngg-image-9\" class=\"ngg-gallery-thumbnail-box \" >\n\t\t\t\t        <div class=\"ngg-gallery-thumbnail\">\n            <a href=\"https:\/\/scinawa.pl\/wp-content\/gallery\/2017-06-23-zakonczenie-roku-szkolnego\/DSC_0016.jpg\"\n               title=\"\"\n               data-src=\"https:\/\/scinawa.pl\/wp-content\/gallery\/2017-06-23-zakonczenie-roku-szkolnego\/DSC_0016.jpg\"\n               data-thumbnail=\"https:\/\/scinawa.pl\/wp-content\/gallery\/2017-06-23-zakonczenie-roku-szkolnego\/thumbs\/thumbs_DSC_0016.jpg\"\n               data-image-id=\"1880\"\n               data-title=\"DSC_0016\"\n               data-description=\"\"\n               data-image-slug=\"dsc_0016-7\"\n               class=\"ngg-fancybox\" rel=\"eda2bf7d481e730a84de8ce2c71f4d43\">\n                <img\n                    title=\"DSC_0016\"\n                    alt=\"DSC_0016\"\n                    src=\"https:\/\/scinawa.pl\/wp-content\/gallery\/2017-06-23-zakonczenie-roku-szkolnego\/thumbs\/thumbs_DSC_0016.jpg\"\n                    width=\"200\"\n                    height=\"140\"\n                    style=\"max-width:100%;\"\n                \/>\n            <\/a>\n        <\/div>\n\t\t\t\t\t\t\t<\/div> \n\t\t\t\n\t\t\t\t<div id=\"ngg-image-10\" class=\"ngg-gallery-thumbnail-box \" >\n\t\t\t\t        <div class=\"ngg-gallery-thumbnail\">\n            <a href=\"https:\/\/scinawa.pl\/wp-content\/gallery\/2017-06-23-zakonczenie-roku-szkolnego\/DSC_0018.jpg\"\n               title=\"\"\n               data-src=\"https:\/\/scinawa.pl\/wp-content\/gallery\/2017-06-23-zakonczenie-roku-szkolnego\/DSC_0018.jpg\"\n               data-thumbnail=\"https:\/\/scinawa.pl\/wp-content\/gallery\/2017-06-23-zakonczenie-roku-szkolnego\/thumbs\/thumbs_DSC_0018.jpg\"\n               data-image-id=\"1881\"\n               data-title=\"DSC_0018\"\n               data-description=\"\"\n               data-image-slug=\"dsc_0018-7\"\n               class=\"ngg-fancybox\" rel=\"eda2bf7d481e730a84de8ce2c71f4d43\">\n                <img\n                    title=\"DSC_0018\"\n                    alt=\"DSC_0018\"\n                    src=\"https:\/\/scinawa.pl\/wp-content\/gallery\/2017-06-23-zakonczenie-roku-szkolnego\/thumbs\/thumbs_DSC_0018.jpg\"\n                    width=\"200\"\n                    height=\"140\"\n                    style=\"max-width:100%;\"\n                \/>\n            <\/a>\n        <\/div>\n\t\t\t\t\t\t\t<\/div> \n\t\t\t\n\t\t\t\t<div id=\"ngg-image-11\" class=\"ngg-gallery-thumbnail-box \" >\n\t\t\t\t        <div class=\"ngg-gallery-thumbnail\">\n            <a href=\"https:\/\/scinawa.pl\/wp-content\/gallery\/2017-06-23-zakonczenie-roku-szkolnego\/DSC_0020.jpg\"\n               title=\"\"\n               data-src=\"https:\/\/scinawa.pl\/wp-content\/gallery\/2017-06-23-zakonczenie-roku-szkolnego\/DSC_0020.jpg\"\n               data-thumbnail=\"https:\/\/scinawa.pl\/wp-content\/gallery\/2017-06-23-zakonczenie-roku-szkolnego\/thumbs\/thumbs_DSC_0020.jpg\"\n               data-image-id=\"1882\"\n               data-title=\"DSC_0020\"\n               data-description=\"\"\n               data-image-slug=\"dsc_0020-5\"\n               class=\"ngg-fancybox\" rel=\"eda2bf7d481e730a84de8ce2c71f4d43\">\n                <img\n                    title=\"DSC_0020\"\n                    alt=\"DSC_0020\"\n                    src=\"https:\/\/scinawa.pl\/wp-content\/gallery\/2017-06-23-zakonczenie-roku-szkolnego\/thumbs\/thumbs_DSC_0020.jpg\"\n                    width=\"200\"\n                    height=\"140\"\n                    style=\"max-width:100%;\"\n                \/>\n            <\/a>\n        <\/div>\n\t\t\t\t\t\t\t<\/div> \n\t\t\t\n\t\t\t\t<div id=\"ngg-image-12\" class=\"ngg-gallery-thumbnail-box \" >\n\t\t\t\t        <div class=\"ngg-gallery-thumbnail\">\n            <a href=\"https:\/\/scinawa.pl\/wp-content\/gallery\/2017-06-23-zakonczenie-roku-szkolnego\/DSC_0022.jpg\"\n               title=\"\"\n               data-src=\"https:\/\/scinawa.pl\/wp-content\/gallery\/2017-06-23-zakonczenie-roku-szkolnego\/DSC_0022.jpg\"\n               data-thumbnail=\"https:\/\/scinawa.pl\/wp-content\/gallery\/2017-06-23-zakonczenie-roku-szkolnego\/thumbs\/thumbs_DSC_0022.jpg\"\n               data-image-id=\"1883\"\n               data-title=\"DSC_0022\"\n               data-description=\"\"\n               data-image-slug=\"dsc_0022-5\"\n               class=\"ngg-fancybox\" rel=\"eda2bf7d481e730a84de8ce2c71f4d43\">\n                <img\n                    title=\"DSC_0022\"\n                    alt=\"DSC_0022\"\n                    src=\"https:\/\/scinawa.pl\/wp-content\/gallery\/2017-06-23-zakonczenie-roku-szkolnego\/thumbs\/thumbs_DSC_0022.jpg\"\n                    width=\"200\"\n                    height=\"140\"\n                    style=\"max-width:100%;\"\n                \/>\n            <\/a>\n        <\/div>\n\t\t\t\t\t\t\t<\/div> \n\t\t\t\n\t\t\t\t<div id=\"ngg-image-13\" class=\"ngg-gallery-thumbnail-box \" >\n\t\t\t\t        <div class=\"ngg-gallery-thumbnail\">\n            <a href=\"https:\/\/scinawa.pl\/wp-content\/gallery\/2017-06-23-zakonczenie-roku-szkolnego\/DSC_0025.jpg\"\n               title=\"\"\n               data-src=\"https:\/\/scinawa.pl\/wp-content\/gallery\/2017-06-23-zakonczenie-roku-szkolnego\/DSC_0025.jpg\"\n               data-thumbnail=\"https:\/\/scinawa.pl\/wp-content\/gallery\/2017-06-23-zakonczenie-roku-szkolnego\/thumbs\/thumbs_DSC_0025.jpg\"\n               data-image-id=\"1884\"\n               data-title=\"DSC_0025\"\n               data-description=\"\"\n               data-image-slug=\"dsc_0025-6\"\n               class=\"ngg-fancybox\" rel=\"eda2bf7d481e730a84de8ce2c71f4d43\">\n                <img\n                    title=\"DSC_0025\"\n                    alt=\"DSC_0025\"\n                    src=\"https:\/\/scinawa.pl\/wp-content\/gallery\/2017-06-23-zakonczenie-roku-szkolnego\/thumbs\/thumbs_DSC_0025.jpg\"\n                    width=\"200\"\n                    height=\"140\"\n                    style=\"max-width:100%;\"\n                \/>\n            <\/a>\n        <\/div>\n\t\t\t\t\t\t\t<\/div> \n\t\t\t\n\t\t\t\t<div id=\"ngg-image-14\" class=\"ngg-gallery-thumbnail-box \" >\n\t\t\t\t        <div class=\"ngg-gallery-thumbnail\">\n            <a href=\"https:\/\/scinawa.pl\/wp-content\/gallery\/2017-06-23-zakonczenie-roku-szkolnego\/DSC_0026.jpg\"\n               title=\"\"\n               data-src=\"https:\/\/scinawa.pl\/wp-content\/gallery\/2017-06-23-zakonczenie-roku-szkolnego\/DSC_0026.jpg\"\n               data-thumbnail=\"https:\/\/scinawa.pl\/wp-content\/gallery\/2017-06-23-zakonczenie-roku-szkolnego\/thumbs\/thumbs_DSC_0026.jpg\"\n               data-image-id=\"1885\"\n               data-title=\"DSC_0026\"\n               data-description=\"\"\n               data-image-slug=\"dsc_0026-6\"\n               class=\"ngg-fancybox\" rel=\"eda2bf7d481e730a84de8ce2c71f4d43\">\n                <img\n                    title=\"DSC_0026\"\n                    alt=\"DSC_0026\"\n                    src=\"https:\/\/scinawa.pl\/wp-content\/gallery\/2017-06-23-zakonczenie-roku-szkolnego\/thumbs\/thumbs_DSC_0026.jpg\"\n                    width=\"200\"\n                    height=\"140\"\n                    style=\"max-width:100%;\"\n                \/>\n            <\/a>\n        <\/div>\n\t\t\t\t\t\t\t<\/div> \n\t\t\t\n\t\t\t\t<div id=\"ngg-image-15\" class=\"ngg-gallery-thumbnail-box \" >\n\t\t\t\t        <div class=\"ngg-gallery-thumbnail\">\n            <a href=\"https:\/\/scinawa.pl\/wp-content\/gallery\/2017-06-23-zakonczenie-roku-szkolnego\/DSC_0028.jpg\"\n               title=\"\"\n               data-src=\"https:\/\/scinawa.pl\/wp-content\/gallery\/2017-06-23-zakonczenie-roku-szkolnego\/DSC_0028.jpg\"\n               data-thumbnail=\"https:\/\/scinawa.pl\/wp-content\/gallery\/2017-06-23-zakonczenie-roku-szkolnego\/thumbs\/thumbs_DSC_0028.jpg\"\n               data-image-id=\"1886\"\n               data-title=\"DSC_0028\"\n               data-description=\"\"\n               data-image-slug=\"dsc_0028-6\"\n               class=\"ngg-fancybox\" rel=\"eda2bf7d481e730a84de8ce2c71f4d43\">\n                <img\n                    title=\"DSC_0028\"\n                    alt=\"DSC_0028\"\n                    src=\"https:\/\/scinawa.pl\/wp-content\/gallery\/2017-06-23-zakonczenie-roku-szkolnego\/thumbs\/thumbs_DSC_0028.jpg\"\n                    width=\"200\"\n                    height=\"140\"\n                    style=\"max-width:100%;\"\n                \/>\n            <\/a>\n        <\/div>\n\t\t\t\t\t\t\t<\/div> \n\t\t\t\n\t\t\t\t<div id=\"ngg-image-16\" class=\"ngg-gallery-thumbnail-box \" >\n\t\t\t\t        <div class=\"ngg-gallery-thumbnail\">\n            <a href=\"https:\/\/scinawa.pl\/wp-content\/gallery\/2017-06-23-zakonczenie-roku-szkolnego\/DSC_0029.jpg\"\n               title=\"\"\n               data-src=\"https:\/\/scinawa.pl\/wp-content\/gallery\/2017-06-23-zakonczenie-roku-szkolnego\/DSC_0029.jpg\"\n               data-thumbnail=\"https:\/\/scinawa.pl\/wp-content\/gallery\/2017-06-23-zakonczenie-roku-szkolnego\/thumbs\/thumbs_DSC_0029.jpg\"\n               data-image-id=\"1887\"\n               data-title=\"DSC_0029\"\n               data-description=\"\"\n               data-image-slug=\"dsc_0029-6\"\n               class=\"ngg-fancybox\" rel=\"eda2bf7d481e730a84de8ce2c71f4d43\">\n                <img\n                    title=\"DSC_0029\"\n                    alt=\"DSC_0029\"\n                    src=\"https:\/\/scinawa.pl\/wp-content\/gallery\/2017-06-23-zakonczenie-roku-szkolnego\/thumbs\/thumbs_DSC_0029.jpg\"\n                    width=\"200\"\n                    height=\"140\"\n                    style=\"max-width:100%;\"\n                \/>\n            <\/a>\n        <\/div>\n\t\t\t\t\t\t\t<\/div> \n\t\t\t\n\t\t\t\t<div id=\"ngg-image-17\" class=\"ngg-gallery-thumbnail-box \" >\n\t\t\t\t        <div class=\"ngg-gallery-thumbnail\">\n            <a href=\"https:\/\/scinawa.pl\/wp-content\/gallery\/2017-06-23-zakonczenie-roku-szkolnego\/DSC_0031.jpg\"\n               title=\"\"\n               data-src=\"https:\/\/scinawa.pl\/wp-content\/gallery\/2017-06-23-zakonczenie-roku-szkolnego\/DSC_0031.jpg\"\n               data-thumbnail=\"https:\/\/scinawa.pl\/wp-content\/gallery\/2017-06-23-zakonczenie-roku-szkolnego\/thumbs\/thumbs_DSC_0031.jpg\"\n               data-image-id=\"1888\"\n               data-title=\"DSC_0031\"\n               data-description=\"\"\n               data-image-slug=\"dsc_0031-7\"\n               class=\"ngg-fancybox\" rel=\"eda2bf7d481e730a84de8ce2c71f4d43\">\n                <img\n                    title=\"DSC_0031\"\n                    alt=\"DSC_0031\"\n                    src=\"https:\/\/scinawa.pl\/wp-content\/gallery\/2017-06-23-zakonczenie-roku-szkolnego\/thumbs\/thumbs_DSC_0031.jpg\"\n                    width=\"200\"\n                    height=\"140\"\n                    style=\"max-width:100%;\"\n                \/>\n            <\/a>\n        <\/div>\n\t\t\t\t\t\t\t<\/div> \n\t\t\t\n\t\t\t\t<div id=\"ngg-image-18\" class=\"ngg-gallery-thumbnail-box \" >\n\t\t\t\t        <div class=\"ngg-gallery-thumbnail\">\n            <a href=\"https:\/\/scinawa.pl\/wp-content\/gallery\/2017-06-23-zakonczenie-roku-szkolnego\/DSC_0041.jpg\"\n               title=\"\"\n               data-src=\"https:\/\/scinawa.pl\/wp-content\/gallery\/2017-06-23-zakonczenie-roku-szkolnego\/DSC_0041.jpg\"\n               data-thumbnail=\"https:\/\/scinawa.pl\/wp-content\/gallery\/2017-06-23-zakonczenie-roku-szkolnego\/thumbs\/thumbs_DSC_0041.jpg\"\n               data-image-id=\"1889\"\n               data-title=\"DSC_0041\"\n               data-description=\"\"\n               data-image-slug=\"dsc_0041-6\"\n               class=\"ngg-fancybox\" rel=\"eda2bf7d481e730a84de8ce2c71f4d43\">\n                <img\n                    title=\"DSC_0041\"\n                    alt=\"DSC_0041\"\n                    src=\"https:\/\/scinawa.pl\/wp-content\/gallery\/2017-06-23-zakonczenie-roku-szkolnego\/thumbs\/thumbs_DSC_0041.jpg\"\n                    width=\"200\"\n                    height=\"140\"\n                    style=\"max-width:100%;\"\n                \/>\n            <\/a>\n        <\/div>\n\t\t\t\t\t\t\t<\/div> \n\t\t\t\n\t\t\t\t<div id=\"ngg-image-19\" class=\"ngg-gallery-thumbnail-box \" >\n\t\t\t\t        <div class=\"ngg-gallery-thumbnail\">\n            <a href=\"https:\/\/scinawa.pl\/wp-content\/gallery\/2017-06-23-zakonczenie-roku-szkolnego\/DSC_0044.jpg\"\n               title=\"\"\n               data-src=\"https:\/\/scinawa.pl\/wp-content\/gallery\/2017-06-23-zakonczenie-roku-szkolnego\/DSC_0044.jpg\"\n               data-thumbnail=\"https:\/\/scinawa.pl\/wp-content\/gallery\/2017-06-23-zakonczenie-roku-szkolnego\/thumbs\/thumbs_DSC_0044.jpg\"\n               data-image-id=\"1890\"\n               data-title=\"DSC_0044\"\n               data-description=\"\"\n               data-image-slug=\"dsc_0044-6\"\n               class=\"ngg-fancybox\" rel=\"eda2bf7d481e730a84de8ce2c71f4d43\">\n                <img\n                    title=\"DSC_0044\"\n                    alt=\"DSC_0044\"\n                    src=\"https:\/\/scinawa.pl\/wp-content\/gallery\/2017-06-23-zakonczenie-roku-szkolnego\/thumbs\/thumbs_DSC_0044.jpg\"\n                    width=\"200\"\n                    height=\"140\"\n                    style=\"max-width:100%;\"\n                \/>\n            <\/a>\n        <\/div>\n\t\t\t\t\t\t\t<\/div> \n\t\t\t\n\t\t\t\t<div id=\"ngg-image-20\" class=\"ngg-gallery-thumbnail-box \" >\n\t\t\t\t        <div class=\"ngg-gallery-thumbnail\">\n            <a href=\"https:\/\/scinawa.pl\/wp-content\/gallery\/2017-06-23-zakonczenie-roku-szkolnego\/DSC_0048.jpg\"\n               title=\"\"\n               data-src=\"https:\/\/scinawa.pl\/wp-content\/gallery\/2017-06-23-zakonczenie-roku-szkolnego\/DSC_0048.jpg\"\n               data-thumbnail=\"https:\/\/scinawa.pl\/wp-content\/gallery\/2017-06-23-zakonczenie-roku-szkolnego\/thumbs\/thumbs_DSC_0048.jpg\"\n               data-image-id=\"1891\"\n               data-title=\"DSC_0048\"\n               data-description=\"\"\n               data-image-slug=\"dsc_0048-6\"\n               class=\"ngg-fancybox\" rel=\"eda2bf7d481e730a84de8ce2c71f4d43\">\n                <img\n                    title=\"DSC_0048\"\n                    alt=\"DSC_0048\"\n                    src=\"https:\/\/scinawa.pl\/wp-content\/gallery\/2017-06-23-zakonczenie-roku-szkolnego\/thumbs\/thumbs_DSC_0048.jpg\"\n                    width=\"200\"\n                    height=\"140\"\n                    style=\"max-width:100%;\"\n                \/>\n            <\/a>\n        <\/div>\n\t\t\t\t\t\t\t<\/div> \n\t\t\t\n\t\t\t\t<div id=\"ngg-image-21\" class=\"ngg-gallery-thumbnail-box \" >\n\t\t\t\t        <div class=\"ngg-gallery-thumbnail\">\n            <a href=\"https:\/\/scinawa.pl\/wp-content\/gallery\/2017-06-23-zakonczenie-roku-szkolnego\/DSC_0050.jpg\"\n               title=\"\"\n               data-src=\"https:\/\/scinawa.pl\/wp-content\/gallery\/2017-06-23-zakonczenie-roku-szkolnego\/DSC_0050.jpg\"\n               data-thumbnail=\"https:\/\/scinawa.pl\/wp-content\/gallery\/2017-06-23-zakonczenie-roku-szkolnego\/thumbs\/thumbs_DSC_0050.jpg\"\n               data-image-id=\"1892\"\n               data-title=\"DSC_0050\"\n               data-description=\"\"\n               data-image-slug=\"dsc_0050-6\"\n               class=\"ngg-fancybox\" rel=\"eda2bf7d481e730a84de8ce2c71f4d43\">\n                <img\n                    title=\"DSC_0050\"\n                    alt=\"DSC_0050\"\n                    src=\"https:\/\/scinawa.pl\/wp-content\/gallery\/2017-06-23-zakonczenie-roku-szkolnego\/thumbs\/thumbs_DSC_0050.jpg\"\n                    width=\"200\"\n                    height=\"140\"\n                    style=\"max-width:100%;\"\n                \/>\n            <\/a>\n        <\/div>\n\t\t\t\t\t\t\t<\/div> \n\t\t\t\n\t\t\t\t<div id=\"ngg-image-22\" class=\"ngg-gallery-thumbnail-box \" >\n\t\t\t\t        <div class=\"ngg-gallery-thumbnail\">\n            <a href=\"https:\/\/scinawa.pl\/wp-content\/gallery\/2017-06-23-zakonczenie-roku-szkolnego\/DSC_0053.jpg\"\n               title=\"\"\n               data-src=\"https:\/\/scinawa.pl\/wp-content\/gallery\/2017-06-23-zakonczenie-roku-szkolnego\/DSC_0053.jpg\"\n               data-thumbnail=\"https:\/\/scinawa.pl\/wp-content\/gallery\/2017-06-23-zakonczenie-roku-szkolnego\/thumbs\/thumbs_DSC_0053.jpg\"\n               data-image-id=\"1893\"\n               data-title=\"DSC_0053\"\n               data-description=\"\"\n               data-image-slug=\"dsc_0053-5\"\n               class=\"ngg-fancybox\" rel=\"eda2bf7d481e730a84de8ce2c71f4d43\">\n                <img\n                    title=\"DSC_0053\"\n                    alt=\"DSC_0053\"\n                    src=\"https:\/\/scinawa.pl\/wp-content\/gallery\/2017-06-23-zakonczenie-roku-szkolnego\/thumbs\/thumbs_DSC_0053.jpg\"\n                    width=\"200\"\n                    height=\"140\"\n                    style=\"max-width:100%;\"\n                \/>\n            <\/a>\n        <\/div>\n\t\t\t\t\t\t\t<\/div> \n\t\t\t\n\t\t\t\t<div id=\"ngg-image-23\" class=\"ngg-gallery-thumbnail-box \" >\n\t\t\t\t        <div class=\"ngg-gallery-thumbnail\">\n            <a href=\"https:\/\/scinawa.pl\/wp-content\/gallery\/2017-06-23-zakonczenie-roku-szkolnego\/DSC_0056.jpg\"\n               title=\"\"\n               data-src=\"https:\/\/scinawa.pl\/wp-content\/gallery\/2017-06-23-zakonczenie-roku-szkolnego\/DSC_0056.jpg\"\n               data-thumbnail=\"https:\/\/scinawa.pl\/wp-content\/gallery\/2017-06-23-zakonczenie-roku-szkolnego\/thumbs\/thumbs_DSC_0056.jpg\"\n               data-image-id=\"1894\"\n               data-title=\"DSC_0056\"\n               data-description=\"\"\n               data-image-slug=\"dsc_0056-6\"\n               class=\"ngg-fancybox\" rel=\"eda2bf7d481e730a84de8ce2c71f4d43\">\n                <img\n                    title=\"DSC_0056\"\n                    alt=\"DSC_0056\"\n                    src=\"https:\/\/scinawa.pl\/wp-content\/gallery\/2017-06-23-zakonczenie-roku-szkolnego\/thumbs\/thumbs_DSC_0056.jpg\"\n                    width=\"200\"\n                    height=\"140\"\n                    style=\"max-width:100%;\"\n                \/>\n            <\/a>\n        <\/div>\n\t\t\t\t\t\t\t<\/div> \n\t\t\t\n\t\t\t\t<div id=\"ngg-image-24\" class=\"ngg-gallery-thumbnail-box \" >\n\t\t\t\t        <div class=\"ngg-gallery-thumbnail\">\n            <a href=\"https:\/\/scinawa.pl\/wp-content\/gallery\/2017-06-23-zakonczenie-roku-szkolnego\/DSC_0060.jpg\"\n               title=\"\"\n               data-src=\"https:\/\/scinawa.pl\/wp-content\/gallery\/2017-06-23-zakonczenie-roku-szkolnego\/DSC_0060.jpg\"\n               data-thumbnail=\"https:\/\/scinawa.pl\/wp-content\/gallery\/2017-06-23-zakonczenie-roku-szkolnego\/thumbs\/thumbs_DSC_0060.jpg\"\n               data-image-id=\"1895\"\n               data-title=\"DSC_0060\"\n               data-description=\"\"\n               data-image-slug=\"dsc_0060-7\"\n               class=\"ngg-fancybox\" rel=\"eda2bf7d481e730a84de8ce2c71f4d43\">\n                <img\n                    title=\"DSC_0060\"\n                    alt=\"DSC_0060\"\n                    src=\"https:\/\/scinawa.pl\/wp-content\/gallery\/2017-06-23-zakonczenie-roku-szkolnego\/thumbs\/thumbs_DSC_0060.jpg\"\n                    width=\"200\"\n                    height=\"140\"\n                    style=\"max-width:100%;\"\n                \/>\n            <\/a>\n        <\/div>\n\t\t\t\t\t\t\t<\/div> \n\t\t\t\n\t\t\t\t<div id=\"ngg-image-25\" class=\"ngg-gallery-thumbnail-box \" >\n\t\t\t\t        <div class=\"ngg-gallery-thumbnail\">\n            <a href=\"https:\/\/scinawa.pl\/wp-content\/gallery\/2017-06-23-zakonczenie-roku-szkolnego\/DSC_0064.jpg\"\n               title=\"\"\n               data-src=\"https:\/\/scinawa.pl\/wp-content\/gallery\/2017-06-23-zakonczenie-roku-szkolnego\/DSC_0064.jpg\"\n               data-thumbnail=\"https:\/\/scinawa.pl\/wp-content\/gallery\/2017-06-23-zakonczenie-roku-szkolnego\/thumbs\/thumbs_DSC_0064.jpg\"\n               data-image-id=\"1896\"\n               data-title=\"DSC_0064\"\n               data-description=\"\"\n               data-image-slug=\"dsc_0064-7\"\n               class=\"ngg-fancybox\" rel=\"eda2bf7d481e730a84de8ce2c71f4d43\">\n                <img\n                    title=\"DSC_0064\"\n                    alt=\"DSC_0064\"\n                    src=\"https:\/\/scinawa.pl\/wp-content\/gallery\/2017-06-23-zakonczenie-roku-szkolnego\/thumbs\/thumbs_DSC_0064.jpg\"\n                    width=\"200\"\n                    height=\"140\"\n                    style=\"max-width:100%;\"\n                \/>\n            <\/a>\n        <\/div>\n\t\t\t\t\t\t\t<\/div> \n\t\t\t\n\t\t\t\t<div id=\"ngg-image-26\" class=\"ngg-gallery-thumbnail-box \" >\n\t\t\t\t        <div class=\"ngg-gallery-thumbnail\">\n            <a href=\"https:\/\/scinawa.pl\/wp-content\/gallery\/2017-06-23-zakonczenie-roku-szkolnego\/DSC_0066.jpg\"\n               title=\"\"\n               data-src=\"https:\/\/scinawa.pl\/wp-content\/gallery\/2017-06-23-zakonczenie-roku-szkolnego\/DSC_0066.jpg\"\n               data-thumbnail=\"https:\/\/scinawa.pl\/wp-content\/gallery\/2017-06-23-zakonczenie-roku-szkolnego\/thumbs\/thumbs_DSC_0066.jpg\"\n               data-image-id=\"1897\"\n               data-title=\"DSC_0066\"\n               data-description=\"\"\n               data-image-slug=\"dsc_0066-5\"\n               class=\"ngg-fancybox\" rel=\"eda2bf7d481e730a84de8ce2c71f4d43\">\n                <img\n                    title=\"DSC_0066\"\n                    alt=\"DSC_0066\"\n                    src=\"https:\/\/scinawa.pl\/wp-content\/gallery\/2017-06-23-zakonczenie-roku-szkolnego\/thumbs\/thumbs_DSC_0066.jpg\"\n                    width=\"200\"\n                    height=\"140\"\n                    style=\"max-width:100%;\"\n                \/>\n            <\/a>\n        <\/div>\n\t\t\t\t\t\t\t<\/div> \n\t\t\t\n\t\t\t\t<div id=\"ngg-image-27\" class=\"ngg-gallery-thumbnail-box \" >\n\t\t\t\t        <div class=\"ngg-gallery-thumbnail\">\n            <a href=\"https:\/\/scinawa.pl\/wp-content\/gallery\/2017-06-23-zakonczenie-roku-szkolnego\/DSC_0067.jpg\"\n               title=\"\"\n               data-src=\"https:\/\/scinawa.pl\/wp-content\/gallery\/2017-06-23-zakonczenie-roku-szkolnego\/DSC_0067.jpg\"\n               data-thumbnail=\"https:\/\/scinawa.pl\/wp-content\/gallery\/2017-06-23-zakonczenie-roku-szkolnego\/thumbs\/thumbs_DSC_0067.jpg\"\n               data-image-id=\"1898\"\n               data-title=\"DSC_0067\"\n               data-description=\"\"\n               data-image-slug=\"dsc_0067-7\"\n               class=\"ngg-fancybox\" rel=\"eda2bf7d481e730a84de8ce2c71f4d43\">\n                <img\n                    title=\"DSC_0067\"\n                    alt=\"DSC_0067\"\n                    src=\"https:\/\/scinawa.pl\/wp-content\/gallery\/2017-06-23-zakonczenie-roku-szkolnego\/thumbs\/thumbs_DSC_0067.jpg\"\n                    width=\"200\"\n                    height=\"140\"\n                    style=\"max-width:100%;\"\n                \/>\n            <\/a>\n        <\/div>\n\t\t\t\t\t\t\t<\/div> \n\t\t\t\n\t\t\t\t<div id=\"ngg-image-28\" class=\"ngg-gallery-thumbnail-box \" >\n\t\t\t\t        <div class=\"ngg-gallery-thumbnail\">\n            <a href=\"https:\/\/scinawa.pl\/wp-content\/gallery\/2017-06-23-zakonczenie-roku-szkolnego\/DSC_0068.jpg\"\n               title=\"\"\n               data-src=\"https:\/\/scinawa.pl\/wp-content\/gallery\/2017-06-23-zakonczenie-roku-szkolnego\/DSC_0068.jpg\"\n               data-thumbnail=\"https:\/\/scinawa.pl\/wp-content\/gallery\/2017-06-23-zakonczenie-roku-szkolnego\/thumbs\/thumbs_DSC_0068.jpg\"\n               data-image-id=\"1899\"\n               data-title=\"DSC_0068\"\n               data-description=\"\"\n               data-image-slug=\"dsc_0068-6\"\n               class=\"ngg-fancybox\" rel=\"eda2bf7d481e730a84de8ce2c71f4d43\">\n                <img\n                    title=\"DSC_0068\"\n                    alt=\"DSC_0068\"\n                    src=\"https:\/\/scinawa.pl\/wp-content\/gallery\/2017-06-23-zakonczenie-roku-szkolnego\/thumbs\/thumbs_DSC_0068.jpg\"\n                    width=\"200\"\n                    height=\"140\"\n                    style=\"max-width:100%;\"\n                \/>\n            <\/a>\n        <\/div>\n\t\t\t\t\t\t\t<\/div> \n\t\t\t\n\t\t\t\t<div id=\"ngg-image-29\" class=\"ngg-gallery-thumbnail-box \" >\n\t\t\t\t        <div class=\"ngg-gallery-thumbnail\">\n            <a href=\"https:\/\/scinawa.pl\/wp-content\/gallery\/2017-06-23-zakonczenie-roku-szkolnego\/DSC_0069.jpg\"\n               title=\"\"\n               data-src=\"https:\/\/scinawa.pl\/wp-content\/gallery\/2017-06-23-zakonczenie-roku-szkolnego\/DSC_0069.jpg\"\n               data-thumbnail=\"https:\/\/scinawa.pl\/wp-content\/gallery\/2017-06-23-zakonczenie-roku-szkolnego\/thumbs\/thumbs_DSC_0069.jpg\"\n               data-image-id=\"1900\"\n               data-title=\"DSC_0069\"\n               data-description=\"\"\n               data-image-slug=\"dsc_0069-6\"\n               class=\"ngg-fancybox\" rel=\"eda2bf7d481e730a84de8ce2c71f4d43\">\n                <img\n                    title=\"DSC_0069\"\n                    alt=\"DSC_0069\"\n                    src=\"https:\/\/scinawa.pl\/wp-content\/gallery\/2017-06-23-zakonczenie-roku-szkolnego\/thumbs\/thumbs_DSC_0069.jpg\"\n                    width=\"200\"\n                    height=\"140\"\n                    style=\"max-width:100%;\"\n                \/>\n            <\/a>\n        <\/div>\n\t\t\t\t\t\t\t<\/div> \n\t\t\t\n\t\t\t\t<div id=\"ngg-image-30\" class=\"ngg-gallery-thumbnail-box \" >\n\t\t\t\t        <div class=\"ngg-gallery-thumbnail\">\n            <a href=\"https:\/\/scinawa.pl\/wp-content\/gallery\/2017-06-23-zakonczenie-roku-szkolnego\/DSC_0071.jpg\"\n               title=\"\"\n               data-src=\"https:\/\/scinawa.pl\/wp-content\/gallery\/2017-06-23-zakonczenie-roku-szkolnego\/DSC_0071.jpg\"\n               data-thumbnail=\"https:\/\/scinawa.pl\/wp-content\/gallery\/2017-06-23-zakonczenie-roku-szkolnego\/thumbs\/thumbs_DSC_0071.jpg\"\n               data-image-id=\"1901\"\n               data-title=\"DSC_0071\"\n               data-description=\"\"\n               data-image-slug=\"dsc_0071-6\"\n               class=\"ngg-fancybox\" rel=\"eda2bf7d481e730a84de8ce2c71f4d43\">\n                <img\n                    title=\"DSC_0071\"\n                    alt=\"DSC_0071\"\n                    src=\"https:\/\/scinawa.pl\/wp-content\/gallery\/2017-06-23-zakonczenie-roku-szkolnego\/thumbs\/thumbs_DSC_0071.jpg\"\n                    width=\"200\"\n                    height=\"140\"\n                    style=\"max-width:100%;\"\n                \/>\n            <\/a>\n        <\/div>\n\t\t\t\t\t\t\t<\/div> \n\t\t\t\n\t\t\t\t<div id=\"ngg-image-31\" class=\"ngg-gallery-thumbnail-box \" >\n\t\t\t\t        <div class=\"ngg-gallery-thumbnail\">\n            <a href=\"https:\/\/scinawa.pl\/wp-content\/gallery\/2017-06-23-zakonczenie-roku-szkolnego\/DSC_0072.jpg\"\n               title=\"\"\n               data-src=\"https:\/\/scinawa.pl\/wp-content\/gallery\/2017-06-23-zakonczenie-roku-szkolnego\/DSC_0072.jpg\"\n               data-thumbnail=\"https:\/\/scinawa.pl\/wp-content\/gallery\/2017-06-23-zakonczenie-roku-szkolnego\/thumbs\/thumbs_DSC_0072.jpg\"\n               data-image-id=\"1902\"\n               data-title=\"DSC_0072\"\n               data-description=\"\"\n               data-image-slug=\"dsc_0072-7\"\n               class=\"ngg-fancybox\" rel=\"eda2bf7d481e730a84de8ce2c71f4d43\">\n                <img\n                    title=\"DSC_0072\"\n                    alt=\"DSC_0072\"\n                    src=\"https:\/\/scinawa.pl\/wp-content\/gallery\/2017-06-23-zakonczenie-roku-szkolnego\/thumbs\/thumbs_DSC_0072.jpg\"\n                    width=\"200\"\n                    height=\"140\"\n                    style=\"max-width:100%;\"\n                \/>\n            <\/a>\n        <\/div>\n\t\t\t\t\t\t\t<\/div> \n\t\t\t\n\t\t\t\t<div id=\"ngg-image-32\" class=\"ngg-gallery-thumbnail-box \" >\n\t\t\t\t        <div class=\"ngg-gallery-thumbnail\">\n            <a href=\"https:\/\/scinawa.pl\/wp-content\/gallery\/2017-06-23-zakonczenie-roku-szkolnego\/DSC_0074.jpg\"\n               title=\"\"\n               data-src=\"https:\/\/scinawa.pl\/wp-content\/gallery\/2017-06-23-zakonczenie-roku-szkolnego\/DSC_0074.jpg\"\n               data-thumbnail=\"https:\/\/scinawa.pl\/wp-content\/gallery\/2017-06-23-zakonczenie-roku-szkolnego\/thumbs\/thumbs_DSC_0074.jpg\"\n               data-image-id=\"1903\"\n               data-title=\"DSC_0074\"\n               data-description=\"\"\n               data-image-slug=\"dsc_0074-6\"\n               class=\"ngg-fancybox\" rel=\"eda2bf7d481e730a84de8ce2c71f4d43\">\n                <img\n                    title=\"DSC_0074\"\n                    alt=\"DSC_0074\"\n                    src=\"https:\/\/scinawa.pl\/wp-content\/gallery\/2017-06-23-zakonczenie-roku-szkolnego\/thumbs\/thumbs_DSC_0074.jpg\"\n                    width=\"200\"\n                    height=\"140\"\n                    style=\"max-width:100%;\"\n                \/>\n            <\/a>\n        <\/div>\n\t\t\t\t\t\t\t<\/div> \n\t\t\t\n\t\t\t\t<div id=\"ngg-image-33\" class=\"ngg-gallery-thumbnail-box \" >\n\t\t\t\t        <div class=\"ngg-gallery-thumbnail\">\n            <a href=\"https:\/\/scinawa.pl\/wp-content\/gallery\/2017-06-23-zakonczenie-roku-szkolnego\/DSC_0077.jpg\"\n               title=\"\"\n               data-src=\"https:\/\/scinawa.pl\/wp-content\/gallery\/2017-06-23-zakonczenie-roku-szkolnego\/DSC_0077.jpg\"\n               data-thumbnail=\"https:\/\/scinawa.pl\/wp-content\/gallery\/2017-06-23-zakonczenie-roku-szkolnego\/thumbs\/thumbs_DSC_0077.jpg\"\n               data-image-id=\"1904\"\n               data-title=\"DSC_0077\"\n               data-description=\"\"\n               data-image-slug=\"dsc_0077-6\"\n               class=\"ngg-fancybox\" rel=\"eda2bf7d481e730a84de8ce2c71f4d43\">\n                <img\n                    title=\"DSC_0077\"\n                    alt=\"DSC_0077\"\n                    src=\"https:\/\/scinawa.pl\/wp-content\/gallery\/2017-06-23-zakonczenie-roku-szkolnego\/thumbs\/thumbs_DSC_0077.jpg\"\n                    width=\"200\"\n                    height=\"140\"\n                    style=\"max-width:100%;\"\n                \/>\n            <\/a>\n        <\/div>\n\t\t\t\t\t\t\t<\/div> \n\t\t\t\n\t\t\t\t<div id=\"ngg-image-34\" class=\"ngg-gallery-thumbnail-box \" >\n\t\t\t\t        <div class=\"ngg-gallery-thumbnail\">\n            <a href=\"https:\/\/scinawa.pl\/wp-content\/gallery\/2017-06-23-zakonczenie-roku-szkolnego\/DSC_0080.jpg\"\n               title=\"\"\n               data-src=\"https:\/\/scinawa.pl\/wp-content\/gallery\/2017-06-23-zakonczenie-roku-szkolnego\/DSC_0080.jpg\"\n               data-thumbnail=\"https:\/\/scinawa.pl\/wp-content\/gallery\/2017-06-23-zakonczenie-roku-szkolnego\/thumbs\/thumbs_DSC_0080.jpg\"\n               data-image-id=\"1905\"\n               data-title=\"DSC_0080\"\n               data-description=\"\"\n               data-image-slug=\"dsc_0080-5\"\n               class=\"ngg-fancybox\" rel=\"eda2bf7d481e730a84de8ce2c71f4d43\">\n                <img\n                    title=\"DSC_0080\"\n                    alt=\"DSC_0080\"\n                    src=\"https:\/\/scinawa.pl\/wp-content\/gallery\/2017-06-23-zakonczenie-roku-szkolnego\/thumbs\/thumbs_DSC_0080.jpg\"\n                    width=\"200\"\n                    height=\"140\"\n                    style=\"max-width:100%;\"\n                \/>\n            <\/a>\n        <\/div>\n\t\t\t\t\t\t\t<\/div> \n\t\t\t\n\t\t\t\t<div id=\"ngg-image-35\" class=\"ngg-gallery-thumbnail-box \" >\n\t\t\t\t        <div class=\"ngg-gallery-thumbnail\">\n            <a href=\"https:\/\/scinawa.pl\/wp-content\/gallery\/2017-06-23-zakonczenie-roku-szkolnego\/DSC_0083.jpg\"\n               title=\"\"\n               data-src=\"https:\/\/scinawa.pl\/wp-content\/gallery\/2017-06-23-zakonczenie-roku-szkolnego\/DSC_0083.jpg\"\n               data-thumbnail=\"https:\/\/scinawa.pl\/wp-content\/gallery\/2017-06-23-zakonczenie-roku-szkolnego\/thumbs\/thumbs_DSC_0083.jpg\"\n               data-image-id=\"1906\"\n               data-title=\"DSC_0083\"\n               data-description=\"\"\n               data-image-slug=\"dsc_0083-5\"\n               class=\"ngg-fancybox\" rel=\"eda2bf7d481e730a84de8ce2c71f4d43\">\n                <img\n                    title=\"DSC_0083\"\n                    alt=\"DSC_0083\"\n                    src=\"https:\/\/scinawa.pl\/wp-content\/gallery\/2017-06-23-zakonczenie-roku-szkolnego\/thumbs\/thumbs_DSC_0083.jpg\"\n                    width=\"200\"\n                    height=\"140\"\n                    style=\"max-width:100%;\"\n                \/>\n            <\/a>\n        <\/div>\n\t\t\t\t\t\t\t<\/div> \n\t\t\t\n\t\t\t\t<div id=\"ngg-image-36\" class=\"ngg-gallery-thumbnail-box \" >\n\t\t\t\t        <div class=\"ngg-gallery-thumbnail\">\n            <a href=\"https:\/\/scinawa.pl\/wp-content\/gallery\/2017-06-23-zakonczenie-roku-szkolnego\/DSC_0085.jpg\"\n               title=\"\"\n               data-src=\"https:\/\/scinawa.pl\/wp-content\/gallery\/2017-06-23-zakonczenie-roku-szkolnego\/DSC_0085.jpg\"\n               data-thumbnail=\"https:\/\/scinawa.pl\/wp-content\/gallery\/2017-06-23-zakonczenie-roku-szkolnego\/thumbs\/thumbs_DSC_0085.jpg\"\n               data-image-id=\"1907\"\n               data-title=\"DSC_0085\"\n               data-description=\"\"\n               data-image-slug=\"dsc_0085-6\"\n               class=\"ngg-fancybox\" rel=\"eda2bf7d481e730a84de8ce2c71f4d43\">\n                <img\n                    title=\"DSC_0085\"\n                    alt=\"DSC_0085\"\n                    src=\"https:\/\/scinawa.pl\/wp-content\/gallery\/2017-06-23-zakonczenie-roku-szkolnego\/thumbs\/thumbs_DSC_0085.jpg\"\n                    width=\"200\"\n                    height=\"140\"\n                    style=\"max-width:100%;\"\n                \/>\n            <\/a>\n        <\/div>\n\t\t\t\t\t\t\t<\/div> \n\t\t\t\n\t\t\t\t<div id=\"ngg-image-37\" class=\"ngg-gallery-thumbnail-box \" >\n\t\t\t\t        <div class=\"ngg-gallery-thumbnail\">\n            <a href=\"https:\/\/scinawa.pl\/wp-content\/gallery\/2017-06-23-zakonczenie-roku-szkolnego\/DSC_0086.jpg\"\n               title=\"\"\n               data-src=\"https:\/\/scinawa.pl\/wp-content\/gallery\/2017-06-23-zakonczenie-roku-szkolnego\/DSC_0086.jpg\"\n               data-thumbnail=\"https:\/\/scinawa.pl\/wp-content\/gallery\/2017-06-23-zakonczenie-roku-szkolnego\/thumbs\/thumbs_DSC_0086.jpg\"\n               data-image-id=\"1908\"\n               data-title=\"DSC_0086\"\n               data-description=\"\"\n               data-image-slug=\"dsc_0086-5\"\n               class=\"ngg-fancybox\" rel=\"eda2bf7d481e730a84de8ce2c71f4d43\">\n                <img\n                    title=\"DSC_0086\"\n                    alt=\"DSC_0086\"\n                    src=\"https:\/\/scinawa.pl\/wp-content\/gallery\/2017-06-23-zakonczenie-roku-szkolnego\/thumbs\/thumbs_DSC_0086.jpg\"\n                    width=\"200\"\n                    height=\"140\"\n                    style=\"max-width:100%;\"\n                \/>\n            <\/a>\n        <\/div>\n\t\t\t\t\t\t\t<\/div> \n\t\t\t\n\t\t\t\t<div id=\"ngg-image-38\" class=\"ngg-gallery-thumbnail-box \" >\n\t\t\t\t        <div class=\"ngg-gallery-thumbnail\">\n            <a href=\"https:\/\/scinawa.pl\/wp-content\/gallery\/2017-06-23-zakonczenie-roku-szkolnego\/DSC_0087.jpg\"\n               title=\"\"\n               data-src=\"https:\/\/scinawa.pl\/wp-content\/gallery\/2017-06-23-zakonczenie-roku-szkolnego\/DSC_0087.jpg\"\n               data-thumbnail=\"https:\/\/scinawa.pl\/wp-content\/gallery\/2017-06-23-zakonczenie-roku-szkolnego\/thumbs\/thumbs_DSC_0087.jpg\"\n               data-image-id=\"1909\"\n               data-title=\"DSC_0087\"\n               data-description=\"\"\n               data-image-slug=\"dsc_0087-5\"\n               class=\"ngg-fancybox\" rel=\"eda2bf7d481e730a84de8ce2c71f4d43\">\n                <img\n                    title=\"DSC_0087\"\n                    alt=\"DSC_0087\"\n                    src=\"https:\/\/scinawa.pl\/wp-content\/gallery\/2017-06-23-zakonczenie-roku-szkolnego\/thumbs\/thumbs_DSC_0087.jpg\"\n                    width=\"200\"\n                    height=\"140\"\n                    style=\"max-width:100%;\"\n                \/>\n            <\/a>\n        <\/div>\n\t\t\t\t\t\t\t<\/div> \n\t\t\t\n\t\t\t\t<div id=\"ngg-image-39\" class=\"ngg-gallery-thumbnail-box \" >\n\t\t\t\t        <div class=\"ngg-gallery-thumbnail\">\n            <a href=\"https:\/\/scinawa.pl\/wp-content\/gallery\/2017-06-23-zakonczenie-roku-szkolnego\/DSC_0088.jpg\"\n               title=\"\"\n               data-src=\"https:\/\/scinawa.pl\/wp-content\/gallery\/2017-06-23-zakonczenie-roku-szkolnego\/DSC_0088.jpg\"\n               data-thumbnail=\"https:\/\/scinawa.pl\/wp-content\/gallery\/2017-06-23-zakonczenie-roku-szkolnego\/thumbs\/thumbs_DSC_0088.jpg\"\n               data-image-id=\"1910\"\n               data-title=\"DSC_0088\"\n               data-description=\"\"\n               data-image-slug=\"dsc_0088-5\"\n               class=\"ngg-fancybox\" rel=\"eda2bf7d481e730a84de8ce2c71f4d43\">\n                <img\n                    title=\"DSC_0088\"\n                    alt=\"DSC_0088\"\n                    src=\"https:\/\/scinawa.pl\/wp-content\/gallery\/2017-06-23-zakonczenie-roku-szkolnego\/thumbs\/thumbs_DSC_0088.jpg\"\n                    width=\"200\"\n                    height=\"140\"\n                    style=\"max-width:100%;\"\n                \/>\n            <\/a>\n        <\/div>\n\t\t\t\t\t\t\t<\/div> \n\t\t\t\n\t\t\t\t<div id=\"ngg-image-40\" class=\"ngg-gallery-thumbnail-box \" >\n\t\t\t\t        <div class=\"ngg-gallery-thumbnail\">\n            <a href=\"https:\/\/scinawa.pl\/wp-content\/gallery\/2017-06-23-zakonczenie-roku-szkolnego\/DSC_0089.jpg\"\n               title=\"\"\n               data-src=\"https:\/\/scinawa.pl\/wp-content\/gallery\/2017-06-23-zakonczenie-roku-szkolnego\/DSC_0089.jpg\"\n               data-thumbnail=\"https:\/\/scinawa.pl\/wp-content\/gallery\/2017-06-23-zakonczenie-roku-szkolnego\/thumbs\/thumbs_DSC_0089.jpg\"\n               data-image-id=\"1911\"\n               data-title=\"DSC_0089\"\n               data-description=\"\"\n               data-image-slug=\"dsc_0089-5\"\n               class=\"ngg-fancybox\" rel=\"eda2bf7d481e730a84de8ce2c71f4d43\">\n                <img\n                    title=\"DSC_0089\"\n                    alt=\"DSC_0089\"\n                    src=\"https:\/\/scinawa.pl\/wp-content\/gallery\/2017-06-23-zakonczenie-roku-szkolnego\/thumbs\/thumbs_DSC_0089.jpg\"\n                    width=\"200\"\n                    height=\"140\"\n                    style=\"max-width:100%;\"\n                \/>\n            <\/a>\n        <\/div>\n\t\t\t\t\t\t\t<\/div> \n\t\t\t\n\t\t\t\t<div id=\"ngg-image-41\" class=\"ngg-gallery-thumbnail-box \" >\n\t\t\t\t        <div class=\"ngg-gallery-thumbnail\">\n            <a href=\"https:\/\/scinawa.pl\/wp-content\/gallery\/2017-06-23-zakonczenie-roku-szkolnego\/DSC_0090.jpg\"\n               title=\"\"\n               data-src=\"https:\/\/scinawa.pl\/wp-content\/gallery\/2017-06-23-zakonczenie-roku-szkolnego\/DSC_0090.jpg\"\n               data-thumbnail=\"https:\/\/scinawa.pl\/wp-content\/gallery\/2017-06-23-zakonczenie-roku-szkolnego\/thumbs\/thumbs_DSC_0090.jpg\"\n               data-image-id=\"1912\"\n               data-title=\"DSC_0090\"\n               data-description=\"\"\n               data-image-slug=\"dsc_0090-5\"\n               class=\"ngg-fancybox\" rel=\"eda2bf7d481e730a84de8ce2c71f4d43\">\n                <img\n                    title=\"DSC_0090\"\n                    alt=\"DSC_0090\"\n                    src=\"https:\/\/scinawa.pl\/wp-content\/gallery\/2017-06-23-zakonczenie-roku-szkolnego\/thumbs\/thumbs_DSC_0090.jpg\"\n                    width=\"200\"\n                    height=\"140\"\n                    style=\"max-width:100%;\"\n                \/>\n            <\/a>\n        <\/div>\n\t\t\t\t\t\t\t<\/div> \n\t\t\t\n\t\t\t\t<div id=\"ngg-image-42\" class=\"ngg-gallery-thumbnail-box \" >\n\t\t\t\t        <div class=\"ngg-gallery-thumbnail\">\n            <a href=\"https:\/\/scinawa.pl\/wp-content\/gallery\/2017-06-23-zakonczenie-roku-szkolnego\/DSC_0091.jpg\"\n               title=\"\"\n               data-src=\"https:\/\/scinawa.pl\/wp-content\/gallery\/2017-06-23-zakonczenie-roku-szkolnego\/DSC_0091.jpg\"\n               data-thumbnail=\"https:\/\/scinawa.pl\/wp-content\/gallery\/2017-06-23-zakonczenie-roku-szkolnego\/thumbs\/thumbs_DSC_0091.jpg\"\n               data-image-id=\"1913\"\n               data-title=\"DSC_0091\"\n               data-description=\"\"\n               data-image-slug=\"dsc_0091-4\"\n               class=\"ngg-fancybox\" rel=\"eda2bf7d481e730a84de8ce2c71f4d43\">\n                <img\n                    title=\"DSC_0091\"\n                    alt=\"DSC_0091\"\n                    src=\"https:\/\/scinawa.pl\/wp-content\/gallery\/2017-06-23-zakonczenie-roku-szkolnego\/thumbs\/thumbs_DSC_0091.jpg\"\n                    width=\"200\"\n                    height=\"140\"\n                    style=\"max-width:100%;\"\n                \/>\n            <\/a>\n        <\/div>\n\t\t\t\t\t\t\t<\/div> \n\t\t\t\n\t\t\t\t<div id=\"ngg-image-43\" class=\"ngg-gallery-thumbnail-box \" >\n\t\t\t\t        <div class=\"ngg-gallery-thumbnail\">\n            <a href=\"https:\/\/scinawa.pl\/wp-content\/gallery\/2017-06-23-zakonczenie-roku-szkolnego\/DSC_0092.jpg\"\n               title=\"\"\n               data-src=\"https:\/\/scinawa.pl\/wp-content\/gallery\/2017-06-23-zakonczenie-roku-szkolnego\/DSC_0092.jpg\"\n               data-thumbnail=\"https:\/\/scinawa.pl\/wp-content\/gallery\/2017-06-23-zakonczenie-roku-szkolnego\/thumbs\/thumbs_DSC_0092.jpg\"\n               data-image-id=\"1914\"\n               data-title=\"DSC_0092\"\n               data-description=\"\"\n               data-image-slug=\"dsc_0092-5\"\n               class=\"ngg-fancybox\" rel=\"eda2bf7d481e730a84de8ce2c71f4d43\">\n                <img\n                    title=\"DSC_0092\"\n                    alt=\"DSC_0092\"\n                    src=\"https:\/\/scinawa.pl\/wp-content\/gallery\/2017-06-23-zakonczenie-roku-szkolnego\/thumbs\/thumbs_DSC_0092.jpg\"\n                    width=\"200\"\n                    height=\"140\"\n                    style=\"max-width:100%;\"\n                \/>\n            <\/a>\n        <\/div>\n\t\t\t\t\t\t\t<\/div> \n\t\t\t\n\t\t\t\t<div id=\"ngg-image-44\" class=\"ngg-gallery-thumbnail-box \" >\n\t\t\t\t        <div class=\"ngg-gallery-thumbnail\">\n            <a href=\"https:\/\/scinawa.pl\/wp-content\/gallery\/2017-06-23-zakonczenie-roku-szkolnego\/DSC_0093.jpg\"\n               title=\"\"\n               data-src=\"https:\/\/scinawa.pl\/wp-content\/gallery\/2017-06-23-zakonczenie-roku-szkolnego\/DSC_0093.jpg\"\n               data-thumbnail=\"https:\/\/scinawa.pl\/wp-content\/gallery\/2017-06-23-zakonczenie-roku-szkolnego\/thumbs\/thumbs_DSC_0093.jpg\"\n               data-image-id=\"1915\"\n               data-title=\"DSC_0093\"\n               data-description=\"\"\n               data-image-slug=\"dsc_0093-5\"\n               class=\"ngg-fancybox\" rel=\"eda2bf7d481e730a84de8ce2c71f4d43\">\n                <img\n                    title=\"DSC_0093\"\n                    alt=\"DSC_0093\"\n                    src=\"https:\/\/scinawa.pl\/wp-content\/gallery\/2017-06-23-zakonczenie-roku-szkolnego\/thumbs\/thumbs_DSC_0093.jpg\"\n                    width=\"200\"\n                    height=\"140\"\n                    style=\"max-width:100%;\"\n                \/>\n            <\/a>\n        <\/div>\n\t\t\t\t\t\t\t<\/div> \n\t\t\t\n\t\t\t\t<div id=\"ngg-image-45\" class=\"ngg-gallery-thumbnail-box \" >\n\t\t\t\t        <div class=\"ngg-gallery-thumbnail\">\n            <a href=\"https:\/\/scinawa.pl\/wp-content\/gallery\/2017-06-23-zakonczenie-roku-szkolnego\/DSC_0094.jpg\"\n               title=\"\"\n               data-src=\"https:\/\/scinawa.pl\/wp-content\/gallery\/2017-06-23-zakonczenie-roku-szkolnego\/DSC_0094.jpg\"\n               data-thumbnail=\"https:\/\/scinawa.pl\/wp-content\/gallery\/2017-06-23-zakonczenie-roku-szkolnego\/thumbs\/thumbs_DSC_0094.jpg\"\n               data-image-id=\"1916\"\n               data-title=\"DSC_0094\"\n               data-description=\"\"\n               data-image-slug=\"dsc_0094-5\"\n               class=\"ngg-fancybox\" rel=\"eda2bf7d481e730a84de8ce2c71f4d43\">\n                <img\n                    title=\"DSC_0094\"\n                    alt=\"DSC_0094\"\n                    src=\"https:\/\/scinawa.pl\/wp-content\/gallery\/2017-06-23-zakonczenie-roku-szkolnego\/thumbs\/thumbs_DSC_0094.jpg\"\n                    width=\"200\"\n                    height=\"140\"\n                    style=\"max-width:100%;\"\n                \/>\n            <\/a>\n        <\/div>\n\t\t\t\t\t\t\t<\/div> \n\t\t\t\n\t\t\t\t<div id=\"ngg-image-46\" class=\"ngg-gallery-thumbnail-box \" >\n\t\t\t\t        <div class=\"ngg-gallery-thumbnail\">\n            <a href=\"https:\/\/scinawa.pl\/wp-content\/gallery\/2017-06-23-zakonczenie-roku-szkolnego\/DSC_0095.jpg\"\n               title=\"\"\n               data-src=\"https:\/\/scinawa.pl\/wp-content\/gallery\/2017-06-23-zakonczenie-roku-szkolnego\/DSC_0095.jpg\"\n               data-thumbnail=\"https:\/\/scinawa.pl\/wp-content\/gallery\/2017-06-23-zakonczenie-roku-szkolnego\/thumbs\/thumbs_DSC_0095.jpg\"\n               data-image-id=\"1917\"\n               data-title=\"DSC_0095\"\n               data-description=\"\"\n               data-image-slug=\"dsc_0095-4\"\n               class=\"ngg-fancybox\" rel=\"eda2bf7d481e730a84de8ce2c71f4d43\">\n                <img\n                    title=\"DSC_0095\"\n                    alt=\"DSC_0095\"\n                    src=\"https:\/\/scinawa.pl\/wp-content\/gallery\/2017-06-23-zakonczenie-roku-szkolnego\/thumbs\/thumbs_DSC_0095.jpg\"\n                    width=\"200\"\n                    height=\"140\"\n                    style=\"max-width:100%;\"\n                \/>\n            <\/a>\n        <\/div>\n\t\t\t\t\t\t\t<\/div> \n\t\t\t\n\t\t\t\t<div id=\"ngg-image-47\" class=\"ngg-gallery-thumbnail-box \" >\n\t\t\t\t        <div class=\"ngg-gallery-thumbnail\">\n            <a href=\"https:\/\/scinawa.pl\/wp-content\/gallery\/2017-06-23-zakonczenie-roku-szkolnego\/DSC_0096.jpg\"\n               title=\"\"\n               data-src=\"https:\/\/scinawa.pl\/wp-content\/gallery\/2017-06-23-zakonczenie-roku-szkolnego\/DSC_0096.jpg\"\n               data-thumbnail=\"https:\/\/scinawa.pl\/wp-content\/gallery\/2017-06-23-zakonczenie-roku-szkolnego\/thumbs\/thumbs_DSC_0096.jpg\"\n               data-image-id=\"1918\"\n               data-title=\"DSC_0096\"\n               data-description=\"\"\n               data-image-slug=\"dsc_0096-4\"\n               class=\"ngg-fancybox\" rel=\"eda2bf7d481e730a84de8ce2c71f4d43\">\n                <img\n                    title=\"DSC_0096\"\n                    alt=\"DSC_0096\"\n                    src=\"https:\/\/scinawa.pl\/wp-content\/gallery\/2017-06-23-zakonczenie-roku-szkolnego\/thumbs\/thumbs_DSC_0096.jpg\"\n                    width=\"200\"\n                    height=\"140\"\n                    style=\"max-width:100%;\"\n                \/>\n            <\/a>\n        <\/div>\n\t\t\t\t\t\t\t<\/div> \n\t\t\t\n\t\t\t\t<div id=\"ngg-image-48\" class=\"ngg-gallery-thumbnail-box \" >\n\t\t\t\t        <div class=\"ngg-gallery-thumbnail\">\n            <a href=\"https:\/\/scinawa.pl\/wp-content\/gallery\/2017-06-23-zakonczenie-roku-szkolnego\/DSC_0097.jpg\"\n               title=\"\"\n               data-src=\"https:\/\/scinawa.pl\/wp-content\/gallery\/2017-06-23-zakonczenie-roku-szkolnego\/DSC_0097.jpg\"\n               data-thumbnail=\"https:\/\/scinawa.pl\/wp-content\/gallery\/2017-06-23-zakonczenie-roku-szkolnego\/thumbs\/thumbs_DSC_0097.jpg\"\n               data-image-id=\"1919\"\n               data-title=\"DSC_0097\"\n               data-description=\"\"\n               data-image-slug=\"dsc_0097-4\"\n               class=\"ngg-fancybox\" rel=\"eda2bf7d481e730a84de8ce2c71f4d43\">\n                <img\n                    title=\"DSC_0097\"\n                    alt=\"DSC_0097\"\n                    src=\"https:\/\/scinawa.pl\/wp-content\/gallery\/2017-06-23-zakonczenie-roku-szkolnego\/thumbs\/thumbs_DSC_0097.jpg\"\n                    width=\"200\"\n                    height=\"140\"\n                    style=\"max-width:100%;\"\n                \/>\n            <\/a>\n        <\/div>\n\t\t\t\t\t\t\t<\/div> \n\t\t\t\n\t\t\t\t<div id=\"ngg-image-49\" class=\"ngg-gallery-thumbnail-box \" >\n\t\t\t\t        <div class=\"ngg-gallery-thumbnail\">\n            <a href=\"https:\/\/scinawa.pl\/wp-content\/gallery\/2017-06-23-zakonczenie-roku-szkolnego\/DSC_0098.jpg\"\n               title=\"\"\n               data-src=\"https:\/\/scinawa.pl\/wp-content\/gallery\/2017-06-23-zakonczenie-roku-szkolnego\/DSC_0098.jpg\"\n               data-thumbnail=\"https:\/\/scinawa.pl\/wp-content\/gallery\/2017-06-23-zakonczenie-roku-szkolnego\/thumbs\/thumbs_DSC_0098.jpg\"\n               data-image-id=\"1920\"\n               data-title=\"DSC_0098\"\n               data-description=\"\"\n               data-image-slug=\"dsc_0098-5\"\n               class=\"ngg-fancybox\" rel=\"eda2bf7d481e730a84de8ce2c71f4d43\">\n                <img\n                    title=\"DSC_0098\"\n                    alt=\"DSC_0098\"\n                    src=\"https:\/\/scinawa.pl\/wp-content\/gallery\/2017-06-23-zakonczenie-roku-szkolnego\/thumbs\/thumbs_DSC_0098.jpg\"\n                    width=\"200\"\n                    height=\"140\"\n                    style=\"max-width:100%;\"\n                \/>\n            <\/a>\n        <\/div>\n\t\t\t\t\t\t\t<\/div> \n\t\t\t\n\t\t\t\t<div id=\"ngg-image-50\" class=\"ngg-gallery-thumbnail-box \" >\n\t\t\t\t        <div class=\"ngg-gallery-thumbnail\">\n            <a href=\"https:\/\/scinawa.pl\/wp-content\/gallery\/2017-06-23-zakonczenie-roku-szkolnego\/DSC_0101.jpg\"\n               title=\"\"\n               data-src=\"https:\/\/scinawa.pl\/wp-content\/gallery\/2017-06-23-zakonczenie-roku-szkolnego\/DSC_0101.jpg\"\n               data-thumbnail=\"https:\/\/scinawa.pl\/wp-content\/gallery\/2017-06-23-zakonczenie-roku-szkolnego\/thumbs\/thumbs_DSC_0101.jpg\"\n               data-image-id=\"1921\"\n               data-title=\"DSC_0101\"\n               data-description=\"\"\n               data-image-slug=\"dsc_0101-5\"\n               class=\"ngg-fancybox\" rel=\"eda2bf7d481e730a84de8ce2c71f4d43\">\n                <img\n                    title=\"DSC_0101\"\n                    alt=\"DSC_0101\"\n                    src=\"https:\/\/scinawa.pl\/wp-content\/gallery\/2017-06-23-zakonczenie-roku-szkolnego\/thumbs\/thumbs_DSC_0101.jpg\"\n                    width=\"200\"\n                    height=\"140\"\n                    style=\"max-width:100%;\"\n                \/>\n            <\/a>\n        <\/div>\n\t\t\t\t\t\t\t<\/div> \n\t\t\t\n\t\t\t\t<div id=\"ngg-image-51\" class=\"ngg-gallery-thumbnail-box \" >\n\t\t\t\t        <div class=\"ngg-gallery-thumbnail\">\n            <a href=\"https:\/\/scinawa.pl\/wp-content\/gallery\/2017-06-23-zakonczenie-roku-szkolnego\/DSC_0102.jpg\"\n               title=\"\"\n               data-src=\"https:\/\/scinawa.pl\/wp-content\/gallery\/2017-06-23-zakonczenie-roku-szkolnego\/DSC_0102.jpg\"\n               data-thumbnail=\"https:\/\/scinawa.pl\/wp-content\/gallery\/2017-06-23-zakonczenie-roku-szkolnego\/thumbs\/thumbs_DSC_0102.jpg\"\n               data-image-id=\"1922\"\n               data-title=\"DSC_0102\"\n               data-description=\"\"\n               data-image-slug=\"dsc_0102-6\"\n               class=\"ngg-fancybox\" rel=\"eda2bf7d481e730a84de8ce2c71f4d43\">\n                <img\n                    title=\"DSC_0102\"\n                    alt=\"DSC_0102\"\n                    src=\"https:\/\/scinawa.pl\/wp-content\/gallery\/2017-06-23-zakonczenie-roku-szkolnego\/thumbs\/thumbs_DSC_0102.jpg\"\n                    width=\"200\"\n                    height=\"140\"\n                    style=\"max-width:100%;\"\n                \/>\n            <\/a>\n        <\/div>\n\t\t\t\t\t\t\t<\/div> \n\t\t\t\n\t\t\t\t<div id=\"ngg-image-52\" class=\"ngg-gallery-thumbnail-box \" >\n\t\t\t\t        <div class=\"ngg-gallery-thumbnail\">\n            <a href=\"https:\/\/scinawa.pl\/wp-content\/gallery\/2017-06-23-zakonczenie-roku-szkolnego\/DSC_0103.jpg\"\n               title=\"\"\n               data-src=\"https:\/\/scinawa.pl\/wp-content\/gallery\/2017-06-23-zakonczenie-roku-szkolnego\/DSC_0103.jpg\"\n               data-thumbnail=\"https:\/\/scinawa.pl\/wp-content\/gallery\/2017-06-23-zakonczenie-roku-szkolnego\/thumbs\/thumbs_DSC_0103.jpg\"\n               data-image-id=\"1923\"\n               data-title=\"DSC_0103\"\n               data-description=\"\"\n               data-image-slug=\"dsc_0103-5\"\n               class=\"ngg-fancybox\" rel=\"eda2bf7d481e730a84de8ce2c71f4d43\">\n                <img\n                    title=\"DSC_0103\"\n                    alt=\"DSC_0103\"\n                    src=\"https:\/\/scinawa.pl\/wp-content\/gallery\/2017-06-23-zakonczenie-roku-szkolnego\/thumbs\/thumbs_DSC_0103.jpg\"\n                    width=\"200\"\n                    height=\"140\"\n                    style=\"max-width:100%;\"\n                \/>\n            <\/a>\n        <\/div>\n\t\t\t\t\t\t\t<\/div> \n\t\t\t\n\t\t\t\t<div id=\"ngg-image-53\" class=\"ngg-gallery-thumbnail-box \" >\n\t\t\t\t        <div class=\"ngg-gallery-thumbnail\">\n            <a href=\"https:\/\/scinawa.pl\/wp-content\/gallery\/2017-06-23-zakonczenie-roku-szkolnego\/DSC_0105.jpg\"\n               title=\"\"\n               data-src=\"https:\/\/scinawa.pl\/wp-content\/gallery\/2017-06-23-zakonczenie-roku-szkolnego\/DSC_0105.jpg\"\n               data-thumbnail=\"https:\/\/scinawa.pl\/wp-content\/gallery\/2017-06-23-zakonczenie-roku-szkolnego\/thumbs\/thumbs_DSC_0105.jpg\"\n               data-image-id=\"1924\"\n               data-title=\"DSC_0105\"\n               data-description=\"\"\n               data-image-slug=\"dsc_0105-4\"\n               class=\"ngg-fancybox\" rel=\"eda2bf7d481e730a84de8ce2c71f4d43\">\n                <img\n                    title=\"DSC_0105\"\n                    alt=\"DSC_0105\"\n                    src=\"https:\/\/scinawa.pl\/wp-content\/gallery\/2017-06-23-zakonczenie-roku-szkolnego\/thumbs\/thumbs_DSC_0105.jpg\"\n                    width=\"200\"\n                    height=\"140\"\n                    style=\"max-width:100%;\"\n                \/>\n            <\/a>\n        <\/div>\n\t\t\t\t\t\t\t<\/div> \n\t\t\t\n\t\t\t\t<div id=\"ngg-image-54\" class=\"ngg-gallery-thumbnail-box \" >\n\t\t\t\t        <div class=\"ngg-gallery-thumbnail\">\n            <a href=\"https:\/\/scinawa.pl\/wp-content\/gallery\/2017-06-23-zakonczenie-roku-szkolnego\/DSC_0106.jpg\"\n               title=\"\"\n               data-src=\"https:\/\/scinawa.pl\/wp-content\/gallery\/2017-06-23-zakonczenie-roku-szkolnego\/DSC_0106.jpg\"\n               data-thumbnail=\"https:\/\/scinawa.pl\/wp-content\/gallery\/2017-06-23-zakonczenie-roku-szkolnego\/thumbs\/thumbs_DSC_0106.jpg\"\n               data-image-id=\"1925\"\n               data-title=\"DSC_0106\"\n               data-description=\"\"\n               data-image-slug=\"dsc_0106-5\"\n               class=\"ngg-fancybox\" rel=\"eda2bf7d481e730a84de8ce2c71f4d43\">\n                <img\n                    title=\"DSC_0106\"\n                    alt=\"DSC_0106\"\n                    src=\"https:\/\/scinawa.pl\/wp-content\/gallery\/2017-06-23-zakonczenie-roku-szkolnego\/thumbs\/thumbs_DSC_0106.jpg\"\n                    width=\"200\"\n                    height=\"140\"\n                    style=\"max-width:100%;\"\n                \/>\n            <\/a>\n        <\/div>\n\t\t\t\t\t\t\t<\/div> \n\t\t\t\n\t\t\t\t<div id=\"ngg-image-55\" class=\"ngg-gallery-thumbnail-box \" >\n\t\t\t\t        <div class=\"ngg-gallery-thumbnail\">\n            <a href=\"https:\/\/scinawa.pl\/wp-content\/gallery\/2017-06-23-zakonczenie-roku-szkolnego\/DSC_0109.jpg\"\n               title=\"\"\n               data-src=\"https:\/\/scinawa.pl\/wp-content\/gallery\/2017-06-23-zakonczenie-roku-szkolnego\/DSC_0109.jpg\"\n               data-thumbnail=\"https:\/\/scinawa.pl\/wp-content\/gallery\/2017-06-23-zakonczenie-roku-szkolnego\/thumbs\/thumbs_DSC_0109.jpg\"\n               data-image-id=\"1926\"\n               data-title=\"DSC_0109\"\n               data-description=\"\"\n               data-image-slug=\"dsc_0109-5\"\n               class=\"ngg-fancybox\" rel=\"eda2bf7d481e730a84de8ce2c71f4d43\">\n                <img\n                    title=\"DSC_0109\"\n                    alt=\"DSC_0109\"\n                    src=\"https:\/\/scinawa.pl\/wp-content\/gallery\/2017-06-23-zakonczenie-roku-szkolnego\/thumbs\/thumbs_DSC_0109.jpg\"\n                    width=\"200\"\n                    height=\"140\"\n                    style=\"max-width:100%;\"\n                \/>\n            <\/a>\n        <\/div>\n\t\t\t\t\t\t\t<\/div> \n\t\t\t\n\t\t\t\t<div id=\"ngg-image-56\" class=\"ngg-gallery-thumbnail-box \" >\n\t\t\t\t        <div class=\"ngg-gallery-thumbnail\">\n            <a href=\"https:\/\/scinawa.pl\/wp-content\/gallery\/2017-06-23-zakonczenie-roku-szkolnego\/DSC_0111.jpg\"\n               title=\"\"\n               data-src=\"https:\/\/scinawa.pl\/wp-content\/gallery\/2017-06-23-zakonczenie-roku-szkolnego\/DSC_0111.jpg\"\n               data-thumbnail=\"https:\/\/scinawa.pl\/wp-content\/gallery\/2017-06-23-zakonczenie-roku-szkolnego\/thumbs\/thumbs_DSC_0111.jpg\"\n               data-image-id=\"1927\"\n               data-title=\"DSC_0111\"\n               data-description=\"\"\n               data-image-slug=\"dsc_0111-5\"\n               class=\"ngg-fancybox\" rel=\"eda2bf7d481e730a84de8ce2c71f4d43\">\n                <img\n                    title=\"DSC_0111\"\n                    alt=\"DSC_0111\"\n                    src=\"https:\/\/scinawa.pl\/wp-content\/gallery\/2017-06-23-zakonczenie-roku-szkolnego\/thumbs\/thumbs_DSC_0111.jpg\"\n                    width=\"200\"\n                    height=\"140\"\n                    style=\"max-width:100%;\"\n                \/>\n            <\/a>\n        <\/div>\n\t\t\t\t\t\t\t<\/div> \n\t\t\t\n\t\t\t\t<div id=\"ngg-image-57\" class=\"ngg-gallery-thumbnail-box \" >\n\t\t\t\t        <div class=\"ngg-gallery-thumbnail\">\n            <a href=\"https:\/\/scinawa.pl\/wp-content\/gallery\/2017-06-23-zakonczenie-roku-szkolnego\/DSC_0112.jpg\"\n               title=\"\"\n               data-src=\"https:\/\/scinawa.pl\/wp-content\/gallery\/2017-06-23-zakonczenie-roku-szkolnego\/DSC_0112.jpg\"\n               data-thumbnail=\"https:\/\/scinawa.pl\/wp-content\/gallery\/2017-06-23-zakonczenie-roku-szkolnego\/thumbs\/thumbs_DSC_0112.jpg\"\n               data-image-id=\"1928\"\n               data-title=\"DSC_0112\"\n               data-description=\"\"\n               data-image-slug=\"dsc_0112-5\"\n               class=\"ngg-fancybox\" rel=\"eda2bf7d481e730a84de8ce2c71f4d43\">\n                <img\n                    title=\"DSC_0112\"\n                    alt=\"DSC_0112\"\n                    src=\"https:\/\/scinawa.pl\/wp-content\/gallery\/2017-06-23-zakonczenie-roku-szkolnego\/thumbs\/thumbs_DSC_0112.jpg\"\n                    width=\"200\"\n                    height=\"140\"\n                    style=\"max-width:100%;\"\n                \/>\n            <\/a>\n        <\/div>\n\t\t\t\t\t\t\t<\/div> \n\t\t\t\n\t\t\t\t<div id=\"ngg-image-58\" class=\"ngg-gallery-thumbnail-box \" >\n\t\t\t\t        <div class=\"ngg-gallery-thumbnail\">\n            <a href=\"https:\/\/scinawa.pl\/wp-content\/gallery\/2017-06-23-zakonczenie-roku-szkolnego\/DSC_0114.jpg\"\n               title=\"\"\n               data-src=\"https:\/\/scinawa.pl\/wp-content\/gallery\/2017-06-23-zakonczenie-roku-szkolnego\/DSC_0114.jpg\"\n               data-thumbnail=\"https:\/\/scinawa.pl\/wp-content\/gallery\/2017-06-23-zakonczenie-roku-szkolnego\/thumbs\/thumbs_DSC_0114.jpg\"\n               data-image-id=\"1929\"\n               data-title=\"DSC_0114\"\n               data-description=\"\"\n               data-image-slug=\"dsc_0114-5\"\n               class=\"ngg-fancybox\" rel=\"eda2bf7d481e730a84de8ce2c71f4d43\">\n                <img\n                    title=\"DSC_0114\"\n                    alt=\"DSC_0114\"\n                    src=\"https:\/\/scinawa.pl\/wp-content\/gallery\/2017-06-23-zakonczenie-roku-szkolnego\/thumbs\/thumbs_DSC_0114.jpg\"\n                    width=\"200\"\n                    height=\"140\"\n                    style=\"max-width:100%;\"\n                \/>\n            <\/a>\n        <\/div>\n\t\t\t\t\t\t\t<\/div> \n\t\t\t\n\t\t\t\t<div id=\"ngg-image-59\" class=\"ngg-gallery-thumbnail-box \" >\n\t\t\t\t        <div class=\"ngg-gallery-thumbnail\">\n            <a href=\"https:\/\/scinawa.pl\/wp-content\/gallery\/2017-06-23-zakonczenie-roku-szkolnego\/DSC_0116.jpg\"\n               title=\"\"\n               data-src=\"https:\/\/scinawa.pl\/wp-content\/gallery\/2017-06-23-zakonczenie-roku-szkolnego\/DSC_0116.jpg\"\n               data-thumbnail=\"https:\/\/scinawa.pl\/wp-content\/gallery\/2017-06-23-zakonczenie-roku-szkolnego\/thumbs\/thumbs_DSC_0116.jpg\"\n               data-image-id=\"1930\"\n               data-title=\"DSC_0116\"\n               data-description=\"\"\n               data-image-slug=\"dsc_0116-5\"\n               class=\"ngg-fancybox\" rel=\"eda2bf7d481e730a84de8ce2c71f4d43\">\n                <img\n                    title=\"DSC_0116\"\n                    alt=\"DSC_0116\"\n                    src=\"https:\/\/scinawa.pl\/wp-content\/gallery\/2017-06-23-zakonczenie-roku-szkolnego\/thumbs\/thumbs_DSC_0116.jpg\"\n                    width=\"200\"\n                    height=\"140\"\n                    style=\"max-width:100%;\"\n                \/>\n            <\/a>\n        <\/div>\n\t\t\t\t\t\t\t<\/div> \n\t\t\t\n\t\t\t\t<div id=\"ngg-image-60\" class=\"ngg-gallery-thumbnail-box \" >\n\t\t\t\t        <div class=\"ngg-gallery-thumbnail\">\n            <a href=\"https:\/\/scinawa.pl\/wp-content\/gallery\/2017-06-23-zakonczenie-roku-szkolnego\/DSC_0117.jpg\"\n               title=\"\"\n               data-src=\"https:\/\/scinawa.pl\/wp-content\/gallery\/2017-06-23-zakonczenie-roku-szkolnego\/DSC_0117.jpg\"\n               data-thumbnail=\"https:\/\/scinawa.pl\/wp-content\/gallery\/2017-06-23-zakonczenie-roku-szkolnego\/thumbs\/thumbs_DSC_0117.jpg\"\n               data-image-id=\"1931\"\n               data-title=\"DSC_0117\"\n               data-description=\"\"\n               data-image-slug=\"dsc_0117-5\"\n               class=\"ngg-fancybox\" rel=\"eda2bf7d481e730a84de8ce2c71f4d43\">\n                <img\n                    title=\"DSC_0117\"\n                    alt=\"DSC_0117\"\n                    src=\"https:\/\/scinawa.pl\/wp-content\/gallery\/2017-06-23-zakonczenie-roku-szkolnego\/thumbs\/thumbs_DSC_0117.jpg\"\n                    width=\"200\"\n                    height=\"140\"\n                    style=\"max-width:100%;\"\n                \/>\n            <\/a>\n        <\/div>\n\t\t\t\t\t\t\t<\/div> \n\t\t\t\n\t\t\t\t<div id=\"ngg-image-61\" class=\"ngg-gallery-thumbnail-box \" >\n\t\t\t\t        <div class=\"ngg-gallery-thumbnail\">\n            <a href=\"https:\/\/scinawa.pl\/wp-content\/gallery\/2017-06-23-zakonczenie-roku-szkolnego\/DSC_0118.jpg\"\n               title=\"\"\n               data-src=\"https:\/\/scinawa.pl\/wp-content\/gallery\/2017-06-23-zakonczenie-roku-szkolnego\/DSC_0118.jpg\"\n               data-thumbnail=\"https:\/\/scinawa.pl\/wp-content\/gallery\/2017-06-23-zakonczenie-roku-szkolnego\/thumbs\/thumbs_DSC_0118.jpg\"\n               data-image-id=\"1932\"\n               data-title=\"DSC_0118\"\n               data-description=\"\"\n               data-image-slug=\"dsc_0118-4\"\n               class=\"ngg-fancybox\" rel=\"eda2bf7d481e730a84de8ce2c71f4d43\">\n                <img\n                    title=\"DSC_0118\"\n                    alt=\"DSC_0118\"\n                    src=\"https:\/\/scinawa.pl\/wp-content\/gallery\/2017-06-23-zakonczenie-roku-szkolnego\/thumbs\/thumbs_DSC_0118.jpg\"\n                    width=\"200\"\n                    height=\"140\"\n                    style=\"max-width:100%;\"\n                \/>\n            <\/a>\n        <\/div>\n\t\t\t\t\t\t\t<\/div> \n\t\t\t\n\t\t\t\t<div id=\"ngg-image-62\" class=\"ngg-gallery-thumbnail-box \" >\n\t\t\t\t        <div class=\"ngg-gallery-thumbnail\">\n            <a href=\"https:\/\/scinawa.pl\/wp-content\/gallery\/2017-06-23-zakonczenie-roku-szkolnego\/DSC_0119.jpg\"\n               title=\"\"\n               data-src=\"https:\/\/scinawa.pl\/wp-content\/gallery\/2017-06-23-zakonczenie-roku-szkolnego\/DSC_0119.jpg\"\n               data-thumbnail=\"https:\/\/scinawa.pl\/wp-content\/gallery\/2017-06-23-zakonczenie-roku-szkolnego\/thumbs\/thumbs_DSC_0119.jpg\"\n               data-image-id=\"1933\"\n               data-title=\"DSC_0119\"\n               data-description=\"\"\n               data-image-slug=\"dsc_0119-4\"\n               class=\"ngg-fancybox\" rel=\"eda2bf7d481e730a84de8ce2c71f4d43\">\n                <img\n                    title=\"DSC_0119\"\n                    alt=\"DSC_0119\"\n                    src=\"https:\/\/scinawa.pl\/wp-content\/gallery\/2017-06-23-zakonczenie-roku-szkolnego\/thumbs\/thumbs_DSC_0119.jpg\"\n                    width=\"200\"\n                    height=\"140\"\n                    style=\"max-width:100%;\"\n                \/>\n            <\/a>\n        <\/div>\n\t\t\t\t\t\t\t<\/div> \n\t\t\t\n\t\t\t\t<div id=\"ngg-image-63\" class=\"ngg-gallery-thumbnail-box \" >\n\t\t\t\t        <div class=\"ngg-gallery-thumbnail\">\n            <a href=\"https:\/\/scinawa.pl\/wp-content\/gallery\/2017-06-23-zakonczenie-roku-szkolnego\/DSC_0122.jpg\"\n               title=\"\"\n               data-src=\"https:\/\/scinawa.pl\/wp-content\/gallery\/2017-06-23-zakonczenie-roku-szkolnego\/DSC_0122.jpg\"\n               data-thumbnail=\"https:\/\/scinawa.pl\/wp-content\/gallery\/2017-06-23-zakonczenie-roku-szkolnego\/thumbs\/thumbs_DSC_0122.jpg\"\n               data-image-id=\"1934\"\n               data-title=\"DSC_0122\"\n               data-description=\"\"\n               data-image-slug=\"dsc_0122-5\"\n               class=\"ngg-fancybox\" rel=\"eda2bf7d481e730a84de8ce2c71f4d43\">\n                <img\n                    title=\"DSC_0122\"\n                    alt=\"DSC_0122\"\n                    src=\"https:\/\/scinawa.pl\/wp-content\/gallery\/2017-06-23-zakonczenie-roku-szkolnego\/thumbs\/thumbs_DSC_0122.jpg\"\n                    width=\"200\"\n                    height=\"140\"\n                    style=\"max-width:100%;\"\n                \/>\n            <\/a>\n        <\/div>\n\t\t\t\t\t\t\t<\/div> \n\t\t\t\n\t\t\t\t<div id=\"ngg-image-64\" class=\"ngg-gallery-thumbnail-box \" >\n\t\t\t\t        <div class=\"ngg-gallery-thumbnail\">\n            <a href=\"https:\/\/scinawa.pl\/wp-content\/gallery\/2017-06-23-zakonczenie-roku-szkolnego\/DSC_0123.jpg\"\n               title=\"\"\n               data-src=\"https:\/\/scinawa.pl\/wp-content\/gallery\/2017-06-23-zakonczenie-roku-szkolnego\/DSC_0123.jpg\"\n               data-thumbnail=\"https:\/\/scinawa.pl\/wp-content\/gallery\/2017-06-23-zakonczenie-roku-szkolnego\/thumbs\/thumbs_DSC_0123.jpg\"\n               data-image-id=\"1935\"\n               data-title=\"DSC_0123\"\n               data-description=\"\"\n               data-image-slug=\"dsc_0123-5\"\n               class=\"ngg-fancybox\" rel=\"eda2bf7d481e730a84de8ce2c71f4d43\">\n                <img\n                    title=\"DSC_0123\"\n                    alt=\"DSC_0123\"\n                    src=\"https:\/\/scinawa.pl\/wp-content\/gallery\/2017-06-23-zakonczenie-roku-szkolnego\/thumbs\/thumbs_DSC_0123.jpg\"\n                    width=\"200\"\n                    height=\"140\"\n                    style=\"max-width:100%;\"\n                \/>\n            <\/a>\n        <\/div>\n\t\t\t\t\t\t\t<\/div> \n\t\t\t\n\t\t\t\t<div id=\"ngg-image-65\" class=\"ngg-gallery-thumbnail-box \" >\n\t\t\t\t        <div class=\"ngg-gallery-thumbnail\">\n            <a href=\"https:\/\/scinawa.pl\/wp-content\/gallery\/2017-06-23-zakonczenie-roku-szkolnego\/DSC_0125.jpg\"\n               title=\"\"\n               data-src=\"https:\/\/scinawa.pl\/wp-content\/gallery\/2017-06-23-zakonczenie-roku-szkolnego\/DSC_0125.jpg\"\n               data-thumbnail=\"https:\/\/scinawa.pl\/wp-content\/gallery\/2017-06-23-zakonczenie-roku-szkolnego\/thumbs\/thumbs_DSC_0125.jpg\"\n               data-image-id=\"1936\"\n               data-title=\"DSC_0125\"\n               data-description=\"\"\n               data-image-slug=\"dsc_0125-5\"\n               class=\"ngg-fancybox\" rel=\"eda2bf7d481e730a84de8ce2c71f4d43\">\n                <img\n                    title=\"DSC_0125\"\n                    alt=\"DSC_0125\"\n                    src=\"https:\/\/scinawa.pl\/wp-content\/gallery\/2017-06-23-zakonczenie-roku-szkolnego\/thumbs\/thumbs_DSC_0125.jpg\"\n                    width=\"200\"\n                    height=\"140\"\n                    style=\"max-width:100%;\"\n                \/>\n            <\/a>\n        <\/div>\n\t\t\t\t\t\t\t<\/div> \n\t\t\t\n\t\t\t\t<div id=\"ngg-image-66\" class=\"ngg-gallery-thumbnail-box \" >\n\t\t\t\t        <div class=\"ngg-gallery-thumbnail\">\n            <a href=\"https:\/\/scinawa.pl\/wp-content\/gallery\/2017-06-23-zakonczenie-roku-szkolnego\/DSC_0130.jpg\"\n               title=\"\"\n               data-src=\"https:\/\/scinawa.pl\/wp-content\/gallery\/2017-06-23-zakonczenie-roku-szkolnego\/DSC_0130.jpg\"\n               data-thumbnail=\"https:\/\/scinawa.pl\/wp-content\/gallery\/2017-06-23-zakonczenie-roku-szkolnego\/thumbs\/thumbs_DSC_0130.jpg\"\n               data-image-id=\"1937\"\n               data-title=\"DSC_0130\"\n               data-description=\"\"\n               data-image-slug=\"dsc_0130-5\"\n               class=\"ngg-fancybox\" rel=\"eda2bf7d481e730a84de8ce2c71f4d43\">\n                <img\n                    title=\"DSC_0130\"\n                    alt=\"DSC_0130\"\n                    src=\"https:\/\/scinawa.pl\/wp-content\/gallery\/2017-06-23-zakonczenie-roku-szkolnego\/thumbs\/thumbs_DSC_0130.jpg\"\n                    width=\"200\"\n                    height=\"140\"\n                    style=\"max-width:100%;\"\n                \/>\n            <\/a>\n        <\/div>\n\t\t\t\t\t\t\t<\/div> \n\t\t\t\n\t\t\t\t<div id=\"ngg-image-67\" class=\"ngg-gallery-thumbnail-box \" >\n\t\t\t\t        <div class=\"ngg-gallery-thumbnail\">\n            <a href=\"https:\/\/scinawa.pl\/wp-content\/gallery\/2017-06-23-zakonczenie-roku-szkolnego\/DSC_0135.jpg\"\n               title=\"\"\n               data-src=\"https:\/\/scinawa.pl\/wp-content\/gallery\/2017-06-23-zakonczenie-roku-szkolnego\/DSC_0135.jpg\"\n               data-thumbnail=\"https:\/\/scinawa.pl\/wp-content\/gallery\/2017-06-23-zakonczenie-roku-szkolnego\/thumbs\/thumbs_DSC_0135.jpg\"\n               data-image-id=\"1938\"\n               data-title=\"DSC_0135\"\n               data-description=\"\"\n               data-image-slug=\"dsc_0135-5\"\n               class=\"ngg-fancybox\" rel=\"eda2bf7d481e730a84de8ce2c71f4d43\">\n                <img\n                    title=\"DSC_0135\"\n                    alt=\"DSC_0135\"\n                    src=\"https:\/\/scinawa.pl\/wp-content\/gallery\/2017-06-23-zakonczenie-roku-szkolnego\/thumbs\/thumbs_DSC_0135.jpg\"\n                    width=\"200\"\n                    height=\"140\"\n                    style=\"max-width:100%;\"\n                \/>\n            <\/a>\n        <\/div>\n\t\t\t\t\t\t\t<\/div> \n\t\t\t\n\t\t\t\t<div id=\"ngg-image-68\" class=\"ngg-gallery-thumbnail-box \" >\n\t\t\t\t        <div class=\"ngg-gallery-thumbnail\">\n            <a href=\"https:\/\/scinawa.pl\/wp-content\/gallery\/2017-06-23-zakonczenie-roku-szkolnego\/DSC_0139.jpg\"\n               title=\"\"\n               data-src=\"https:\/\/scinawa.pl\/wp-content\/gallery\/2017-06-23-zakonczenie-roku-szkolnego\/DSC_0139.jpg\"\n               data-thumbnail=\"https:\/\/scinawa.pl\/wp-content\/gallery\/2017-06-23-zakonczenie-roku-szkolnego\/thumbs\/thumbs_DSC_0139.jpg\"\n               data-image-id=\"1939\"\n               data-title=\"DSC_0139\"\n               data-description=\"\"\n               data-image-slug=\"dsc_0139-5\"\n               class=\"ngg-fancybox\" rel=\"eda2bf7d481e730a84de8ce2c71f4d43\">\n                <img\n                    title=\"DSC_0139\"\n                    alt=\"DSC_0139\"\n                    src=\"https:\/\/scinawa.pl\/wp-content\/gallery\/2017-06-23-zakonczenie-roku-szkolnego\/thumbs\/thumbs_DSC_0139.jpg\"\n                    width=\"200\"\n                    height=\"140\"\n                    style=\"max-width:100%;\"\n                \/>\n            <\/a>\n        <\/div>\n\t\t\t\t\t\t\t<\/div> \n\t\t\t\n\t\t\t\t<div id=\"ngg-image-69\" class=\"ngg-gallery-thumbnail-box \" >\n\t\t\t\t        <div class=\"ngg-gallery-thumbnail\">\n            <a href=\"https:\/\/scinawa.pl\/wp-content\/gallery\/2017-06-23-zakonczenie-roku-szkolnego\/DSC_0141.jpg\"\n               title=\"\"\n               data-src=\"https:\/\/scinawa.pl\/wp-content\/gallery\/2017-06-23-zakonczenie-roku-szkolnego\/DSC_0141.jpg\"\n               data-thumbnail=\"https:\/\/scinawa.pl\/wp-content\/gallery\/2017-06-23-zakonczenie-roku-szkolnego\/thumbs\/thumbs_DSC_0141.jpg\"\n               data-image-id=\"1940\"\n               data-title=\"DSC_0141\"\n               data-description=\"\"\n               data-image-slug=\"dsc_0141-6\"\n               class=\"ngg-fancybox\" rel=\"eda2bf7d481e730a84de8ce2c71f4d43\">\n                <img\n                    title=\"DSC_0141\"\n                    alt=\"DSC_0141\"\n                    src=\"https:\/\/scinawa.pl\/wp-content\/gallery\/2017-06-23-zakonczenie-roku-szkolnego\/thumbs\/thumbs_DSC_0141.jpg\"\n                    width=\"200\"\n                    height=\"140\"\n                    style=\"max-width:100%;\"\n                \/>\n            <\/a>\n        <\/div>\n\t\t\t\t\t\t\t<\/div> \n\t\t\t\n\t\t\t\t<div id=\"ngg-image-70\" class=\"ngg-gallery-thumbnail-box \" >\n\t\t\t\t        <div class=\"ngg-gallery-thumbnail\">\n            <a href=\"https:\/\/scinawa.pl\/wp-content\/gallery\/2017-06-23-zakonczenie-roku-szkolnego\/DSC_0145.jpg\"\n               title=\"\"\n               data-src=\"https:\/\/scinawa.pl\/wp-content\/gallery\/2017-06-23-zakonczenie-roku-szkolnego\/DSC_0145.jpg\"\n               data-thumbnail=\"https:\/\/scinawa.pl\/wp-content\/gallery\/2017-06-23-zakonczenie-roku-szkolnego\/thumbs\/thumbs_DSC_0145.jpg\"\n               data-image-id=\"1941\"\n               data-title=\"DSC_0145\"\n               data-description=\"\"\n               data-image-slug=\"dsc_0145-6\"\n               class=\"ngg-fancybox\" rel=\"eda2bf7d481e730a84de8ce2c71f4d43\">\n                <img\n                    title=\"DSC_0145\"\n                    alt=\"DSC_0145\"\n                    src=\"https:\/\/scinawa.pl\/wp-content\/gallery\/2017-06-23-zakonczenie-roku-szkolnego\/thumbs\/thumbs_DSC_0145.jpg\"\n                    width=\"200\"\n                    height=\"140\"\n                    style=\"max-width:100%;\"\n                \/>\n            <\/a>\n        <\/div>\n\t\t\t\t\t\t\t<\/div> \n\t\t\t\n\t\t\t\t<div id=\"ngg-image-71\" class=\"ngg-gallery-thumbnail-box \" >\n\t\t\t\t        <div class=\"ngg-gallery-thumbnail\">\n            <a href=\"https:\/\/scinawa.pl\/wp-content\/gallery\/2017-06-23-zakonczenie-roku-szkolnego\/DSC_0147.jpg\"\n               title=\"\"\n               data-src=\"https:\/\/scinawa.pl\/wp-content\/gallery\/2017-06-23-zakonczenie-roku-szkolnego\/DSC_0147.jpg\"\n               data-thumbnail=\"https:\/\/scinawa.pl\/wp-content\/gallery\/2017-06-23-zakonczenie-roku-szkolnego\/thumbs\/thumbs_DSC_0147.jpg\"\n               data-image-id=\"1942\"\n               data-title=\"DSC_0147\"\n               data-description=\"\"\n               data-image-slug=\"dsc_0147-4\"\n               class=\"ngg-fancybox\" rel=\"eda2bf7d481e730a84de8ce2c71f4d43\">\n                <img\n                    title=\"DSC_0147\"\n                    alt=\"DSC_0147\"\n                    src=\"https:\/\/scinawa.pl\/wp-content\/gallery\/2017-06-23-zakonczenie-roku-szkolnego\/thumbs\/thumbs_DSC_0147.jpg\"\n                    width=\"200\"\n                    height=\"140\"\n                    style=\"max-width:100%;\"\n                \/>\n            <\/a>\n        <\/div>\n\t\t\t\t\t\t\t<\/div> \n\t\t\t\n\t\t\t\t<div id=\"ngg-image-72\" class=\"ngg-gallery-thumbnail-box \" >\n\t\t\t\t        <div class=\"ngg-gallery-thumbnail\">\n            <a href=\"https:\/\/scinawa.pl\/wp-content\/gallery\/2017-06-23-zakonczenie-roku-szkolnego\/DSC_0149.jpg\"\n               title=\"\"\n               data-src=\"https:\/\/scinawa.pl\/wp-content\/gallery\/2017-06-23-zakonczenie-roku-szkolnego\/DSC_0149.jpg\"\n               data-thumbnail=\"https:\/\/scinawa.pl\/wp-content\/gallery\/2017-06-23-zakonczenie-roku-szkolnego\/thumbs\/thumbs_DSC_0149.jpg\"\n               data-image-id=\"1943\"\n               data-title=\"DSC_0149\"\n               data-description=\"\"\n               data-image-slug=\"dsc_0149-5\"\n               class=\"ngg-fancybox\" rel=\"eda2bf7d481e730a84de8ce2c71f4d43\">\n                <img\n                    title=\"DSC_0149\"\n                    alt=\"DSC_0149\"\n                    src=\"https:\/\/scinawa.pl\/wp-content\/gallery\/2017-06-23-zakonczenie-roku-szkolnego\/thumbs\/thumbs_DSC_0149.jpg\"\n                    width=\"200\"\n                    height=\"140\"\n                    style=\"max-width:100%;\"\n                \/>\n            <\/a>\n        <\/div>\n\t\t\t\t\t\t\t<\/div> \n\t\t\t\n\t\t\t\t<div id=\"ngg-image-73\" class=\"ngg-gallery-thumbnail-box \" >\n\t\t\t\t        <div class=\"ngg-gallery-thumbnail\">\n            <a href=\"https:\/\/scinawa.pl\/wp-content\/gallery\/2017-06-23-zakonczenie-roku-szkolnego\/DSC_0150.jpg\"\n               title=\"\"\n               data-src=\"https:\/\/scinawa.pl\/wp-content\/gallery\/2017-06-23-zakonczenie-roku-szkolnego\/DSC_0150.jpg\"\n               data-thumbnail=\"https:\/\/scinawa.pl\/wp-content\/gallery\/2017-06-23-zakonczenie-roku-szkolnego\/thumbs\/thumbs_DSC_0150.jpg\"\n               data-image-id=\"1944\"\n               data-title=\"DSC_0150\"\n               data-description=\"\"\n               data-image-slug=\"dsc_0150-6\"\n               class=\"ngg-fancybox\" rel=\"eda2bf7d481e730a84de8ce2c71f4d43\">\n                <img\n                    title=\"DSC_0150\"\n                    alt=\"DSC_0150\"\n                    src=\"https:\/\/scinawa.pl\/wp-content\/gallery\/2017-06-23-zakonczenie-roku-szkolnego\/thumbs\/thumbs_DSC_0150.jpg\"\n                    width=\"200\"\n                    height=\"140\"\n                    style=\"max-width:100%;\"\n                \/>\n            <\/a>\n        <\/div>\n\t\t\t\t\t\t\t<\/div> \n\t\t\t\n\t\t\t\t<div id=\"ngg-image-74\" class=\"ngg-gallery-thumbnail-box \" >\n\t\t\t\t        <div class=\"ngg-gallery-thumbnail\">\n            <a href=\"https:\/\/scinawa.pl\/wp-content\/gallery\/2017-06-23-zakonczenie-roku-szkolnego\/DSC_0153.jpg\"\n               title=\"\"\n               data-src=\"https:\/\/scinawa.pl\/wp-content\/gallery\/2017-06-23-zakonczenie-roku-szkolnego\/DSC_0153.jpg\"\n               data-thumbnail=\"https:\/\/scinawa.pl\/wp-content\/gallery\/2017-06-23-zakonczenie-roku-szkolnego\/thumbs\/thumbs_DSC_0153.jpg\"\n               data-image-id=\"1945\"\n               data-title=\"DSC_0153\"\n               data-description=\"\"\n               data-image-slug=\"dsc_0153-5\"\n               class=\"ngg-fancybox\" rel=\"eda2bf7d481e730a84de8ce2c71f4d43\">\n                <img\n                    title=\"DSC_0153\"\n                    alt=\"DSC_0153\"\n                    src=\"https:\/\/scinawa.pl\/wp-content\/gallery\/2017-06-23-zakonczenie-roku-szkolnego\/thumbs\/thumbs_DSC_0153.jpg\"\n                    width=\"200\"\n                    height=\"140\"\n                    style=\"max-width:100%;\"\n                \/>\n            <\/a>\n        <\/div>\n\t\t\t\t\t\t\t<\/div> \n\t\t\t\n\t\t\t\t<div id=\"ngg-image-75\" class=\"ngg-gallery-thumbnail-box \" >\n\t\t\t\t        <div class=\"ngg-gallery-thumbnail\">\n            <a href=\"https:\/\/scinawa.pl\/wp-content\/gallery\/2017-06-23-zakonczenie-roku-szkolnego\/DSC_0155.jpg\"\n               title=\"\"\n               data-src=\"https:\/\/scinawa.pl\/wp-content\/gallery\/2017-06-23-zakonczenie-roku-szkolnego\/DSC_0155.jpg\"\n               data-thumbnail=\"https:\/\/scinawa.pl\/wp-content\/gallery\/2017-06-23-zakonczenie-roku-szkolnego\/thumbs\/thumbs_DSC_0155.jpg\"\n               data-image-id=\"1946\"\n               data-title=\"DSC_0155\"\n               data-description=\"\"\n               data-image-slug=\"dsc_0155-6\"\n               class=\"ngg-fancybox\" rel=\"eda2bf7d481e730a84de8ce2c71f4d43\">\n                <img\n                    title=\"DSC_0155\"\n                    alt=\"DSC_0155\"\n                    src=\"https:\/\/scinawa.pl\/wp-content\/gallery\/2017-06-23-zakonczenie-roku-szkolnego\/thumbs\/thumbs_DSC_0155.jpg\"\n                    width=\"200\"\n                    height=\"140\"\n                    style=\"max-width:100%;\"\n                \/>\n            <\/a>\n        <\/div>\n\t\t\t\t\t\t\t<\/div> \n\t\t\t\n\t\t\t\t<div id=\"ngg-image-76\" class=\"ngg-gallery-thumbnail-box \" >\n\t\t\t\t        <div class=\"ngg-gallery-thumbnail\">\n            <a href=\"https:\/\/scinawa.pl\/wp-content\/gallery\/2017-06-23-zakonczenie-roku-szkolnego\/DSC_0158.jpg\"\n               title=\"\"\n               data-src=\"https:\/\/scinawa.pl\/wp-content\/gallery\/2017-06-23-zakonczenie-roku-szkolnego\/DSC_0158.jpg\"\n               data-thumbnail=\"https:\/\/scinawa.pl\/wp-content\/gallery\/2017-06-23-zakonczenie-roku-szkolnego\/thumbs\/thumbs_DSC_0158.jpg\"\n               data-image-id=\"1947\"\n               data-title=\"DSC_0158\"\n               data-description=\"\"\n               data-image-slug=\"dsc_0158-6\"\n               class=\"ngg-fancybox\" rel=\"eda2bf7d481e730a84de8ce2c71f4d43\">\n                <img\n                    title=\"DSC_0158\"\n                    alt=\"DSC_0158\"\n                    src=\"https:\/\/scinawa.pl\/wp-content\/gallery\/2017-06-23-zakonczenie-roku-szkolnego\/thumbs\/thumbs_DSC_0158.jpg\"\n                    width=\"200\"\n                    height=\"140\"\n                    style=\"max-width:100%;\"\n                \/>\n            <\/a>\n        <\/div>\n\t\t\t\t\t\t\t<\/div> \n\t\t\t\n\t\t\t\t<div id=\"ngg-image-77\" class=\"ngg-gallery-thumbnail-box \" >\n\t\t\t\t        <div class=\"ngg-gallery-thumbnail\">\n            <a href=\"https:\/\/scinawa.pl\/wp-content\/gallery\/2017-06-23-zakonczenie-roku-szkolnego\/DSC_0160.jpg\"\n               title=\"\"\n               data-src=\"https:\/\/scinawa.pl\/wp-content\/gallery\/2017-06-23-zakonczenie-roku-szkolnego\/DSC_0160.jpg\"\n               data-thumbnail=\"https:\/\/scinawa.pl\/wp-content\/gallery\/2017-06-23-zakonczenie-roku-szkolnego\/thumbs\/thumbs_DSC_0160.jpg\"\n               data-image-id=\"1948\"\n               data-title=\"DSC_0160\"\n               data-description=\"\"\n               data-image-slug=\"dsc_0160-6\"\n               class=\"ngg-fancybox\" rel=\"eda2bf7d481e730a84de8ce2c71f4d43\">\n                <img\n                    title=\"DSC_0160\"\n                    alt=\"DSC_0160\"\n                    src=\"https:\/\/scinawa.pl\/wp-content\/gallery\/2017-06-23-zakonczenie-roku-szkolnego\/thumbs\/thumbs_DSC_0160.jpg\"\n                    width=\"200\"\n                    height=\"140\"\n                    style=\"max-width:100%;\"\n                \/>\n            <\/a>\n        <\/div>\n\t\t\t\t\t\t\t<\/div> \n\t\t\t\n\t\t\t\t<div id=\"ngg-image-78\" class=\"ngg-gallery-thumbnail-box \" >\n\t\t\t\t        <div class=\"ngg-gallery-thumbnail\">\n            <a href=\"https:\/\/scinawa.pl\/wp-content\/gallery\/2017-06-23-zakonczenie-roku-szkolnego\/DSC_0161.jpg\"\n               title=\"\"\n               data-src=\"https:\/\/scinawa.pl\/wp-content\/gallery\/2017-06-23-zakonczenie-roku-szkolnego\/DSC_0161.jpg\"\n               data-thumbnail=\"https:\/\/scinawa.pl\/wp-content\/gallery\/2017-06-23-zakonczenie-roku-szkolnego\/thumbs\/thumbs_DSC_0161.jpg\"\n               data-image-id=\"1949\"\n               data-title=\"DSC_0161\"\n               data-description=\"\"\n               data-image-slug=\"dsc_0161-5\"\n               class=\"ngg-fancybox\" rel=\"eda2bf7d481e730a84de8ce2c71f4d43\">\n                <img\n                    title=\"DSC_0161\"\n                    alt=\"DSC_0161\"\n                    src=\"https:\/\/scinawa.pl\/wp-content\/gallery\/2017-06-23-zakonczenie-roku-szkolnego\/thumbs\/thumbs_DSC_0161.jpg\"\n                    width=\"200\"\n                    height=\"140\"\n                    style=\"max-width:100%;\"\n                \/>\n            <\/a>\n        <\/div>\n\t\t\t\t\t\t\t<\/div> \n\t\t\t\n\t\t\t\t<div id=\"ngg-image-79\" class=\"ngg-gallery-thumbnail-box \" >\n\t\t\t\t        <div class=\"ngg-gallery-thumbnail\">\n            <a href=\"https:\/\/scinawa.pl\/wp-content\/gallery\/2017-06-23-zakonczenie-roku-szkolnego\/DSC_0163.jpg\"\n               title=\"\"\n               data-src=\"https:\/\/scinawa.pl\/wp-content\/gallery\/2017-06-23-zakonczenie-roku-szkolnego\/DSC_0163.jpg\"\n               data-thumbnail=\"https:\/\/scinawa.pl\/wp-content\/gallery\/2017-06-23-zakonczenie-roku-szkolnego\/thumbs\/thumbs_DSC_0163.jpg\"\n               data-image-id=\"1950\"\n               data-title=\"DSC_0163\"\n               data-description=\"\"\n               data-image-slug=\"dsc_0163-3\"\n               class=\"ngg-fancybox\" rel=\"eda2bf7d481e730a84de8ce2c71f4d43\">\n                <img\n                    title=\"DSC_0163\"\n                    alt=\"DSC_0163\"\n                    src=\"https:\/\/scinawa.pl\/wp-content\/gallery\/2017-06-23-zakonczenie-roku-szkolnego\/thumbs\/thumbs_DSC_0163.jpg\"\n                    width=\"200\"\n                    height=\"140\"\n                    style=\"max-width:100%;\"\n                \/>\n            <\/a>\n        <\/div>\n\t\t\t\t\t\t\t<\/div> \n\t\t\t\n\t\t\t\t<div id=\"ngg-image-80\" class=\"ngg-gallery-thumbnail-box \" >\n\t\t\t\t        <div class=\"ngg-gallery-thumbnail\">\n            <a href=\"https:\/\/scinawa.pl\/wp-content\/gallery\/2017-06-23-zakonczenie-roku-szkolnego\/DSC_0165.jpg\"\n               title=\"\"\n               data-src=\"https:\/\/scinawa.pl\/wp-content\/gallery\/2017-06-23-zakonczenie-roku-szkolnego\/DSC_0165.jpg\"\n               data-thumbnail=\"https:\/\/scinawa.pl\/wp-content\/gallery\/2017-06-23-zakonczenie-roku-szkolnego\/thumbs\/thumbs_DSC_0165.jpg\"\n               data-image-id=\"1951\"\n               data-title=\"DSC_0165\"\n               data-description=\"\"\n               data-image-slug=\"dsc_0165-4\"\n               class=\"ngg-fancybox\" rel=\"eda2bf7d481e730a84de8ce2c71f4d43\">\n                <img\n                    title=\"DSC_0165\"\n                    alt=\"DSC_0165\"\n                    src=\"https:\/\/scinawa.pl\/wp-content\/gallery\/2017-06-23-zakonczenie-roku-szkolnego\/thumbs\/thumbs_DSC_0165.jpg\"\n                    width=\"200\"\n                    height=\"140\"\n                    style=\"max-width:100%;\"\n                \/>\n            <\/a>\n        <\/div>\n\t\t\t\t\t\t\t<\/div> \n\t\t\t\n\t\t\t\t<div id=\"ngg-image-81\" class=\"ngg-gallery-thumbnail-box \" >\n\t\t\t\t        <div class=\"ngg-gallery-thumbnail\">\n            <a href=\"https:\/\/scinawa.pl\/wp-content\/gallery\/2017-06-23-zakonczenie-roku-szkolnego\/DSC_0166.jpg\"\n               title=\"\"\n               data-src=\"https:\/\/scinawa.pl\/wp-content\/gallery\/2017-06-23-zakonczenie-roku-szkolnego\/DSC_0166.jpg\"\n               data-thumbnail=\"https:\/\/scinawa.pl\/wp-content\/gallery\/2017-06-23-zakonczenie-roku-szkolnego\/thumbs\/thumbs_DSC_0166.jpg\"\n               data-image-id=\"1952\"\n               data-title=\"DSC_0166\"\n               data-description=\"\"\n               data-image-slug=\"dsc_0166-5\"\n               class=\"ngg-fancybox\" rel=\"eda2bf7d481e730a84de8ce2c71f4d43\">\n                <img\n                    title=\"DSC_0166\"\n                    alt=\"DSC_0166\"\n                    src=\"https:\/\/scinawa.pl\/wp-content\/gallery\/2017-06-23-zakonczenie-roku-szkolnego\/thumbs\/thumbs_DSC_0166.jpg\"\n                    width=\"200\"\n                    height=\"140\"\n                    style=\"max-width:100%;\"\n                \/>\n            <\/a>\n        <\/div>\n\t\t\t\t\t\t\t<\/div> \n\t\t\t\n\t\t\t\t<div id=\"ngg-image-82\" class=\"ngg-gallery-thumbnail-box \" >\n\t\t\t\t        <div class=\"ngg-gallery-thumbnail\">\n            <a href=\"https:\/\/scinawa.pl\/wp-content\/gallery\/2017-06-23-zakonczenie-roku-szkolnego\/DSC_0168.jpg\"\n               title=\"\"\n               data-src=\"https:\/\/scinawa.pl\/wp-content\/gallery\/2017-06-23-zakonczenie-roku-szkolnego\/DSC_0168.jpg\"\n               data-thumbnail=\"https:\/\/scinawa.pl\/wp-content\/gallery\/2017-06-23-zakonczenie-roku-szkolnego\/thumbs\/thumbs_DSC_0168.jpg\"\n               data-image-id=\"1953\"\n               data-title=\"DSC_0168\"\n               data-description=\"\"\n               data-image-slug=\"dsc_0168-4\"\n               class=\"ngg-fancybox\" rel=\"eda2bf7d481e730a84de8ce2c71f4d43\">\n                <img\n                    title=\"DSC_0168\"\n                    alt=\"DSC_0168\"\n                    src=\"https:\/\/scinawa.pl\/wp-content\/gallery\/2017-06-23-zakonczenie-roku-szkolnego\/thumbs\/thumbs_DSC_0168.jpg\"\n                    width=\"200\"\n                    height=\"140\"\n                    style=\"max-width:100%;\"\n                \/>\n            <\/a>\n        <\/div>\n\t\t\t\t\t\t\t<\/div> \n\t\t\t\n\t\t\t\t<div id=\"ngg-image-83\" class=\"ngg-gallery-thumbnail-box \" >\n\t\t\t\t        <div class=\"ngg-gallery-thumbnail\">\n            <a href=\"https:\/\/scinawa.pl\/wp-content\/gallery\/2017-06-23-zakonczenie-roku-szkolnego\/DSC_0170.jpg\"\n               title=\"\"\n               data-src=\"https:\/\/scinawa.pl\/wp-content\/gallery\/2017-06-23-zakonczenie-roku-szkolnego\/DSC_0170.jpg\"\n               data-thumbnail=\"https:\/\/scinawa.pl\/wp-content\/gallery\/2017-06-23-zakonczenie-roku-szkolnego\/thumbs\/thumbs_DSC_0170.jpg\"\n               data-image-id=\"1954\"\n               data-title=\"DSC_0170\"\n               data-description=\"\"\n               data-image-slug=\"dsc_0170-5\"\n               class=\"ngg-fancybox\" rel=\"eda2bf7d481e730a84de8ce2c71f4d43\">\n                <img\n                    title=\"DSC_0170\"\n                    alt=\"DSC_0170\"\n                    src=\"https:\/\/scinawa.pl\/wp-content\/gallery\/2017-06-23-zakonczenie-roku-szkolnego\/thumbs\/thumbs_DSC_0170.jpg\"\n                    width=\"200\"\n                    height=\"140\"\n                    style=\"max-width:100%;\"\n                \/>\n            <\/a>\n        <\/div>\n\t\t\t\t\t\t\t<\/div> \n\t\t\t\n\t\t\t\t<div id=\"ngg-image-84\" class=\"ngg-gallery-thumbnail-box \" >\n\t\t\t\t        <div class=\"ngg-gallery-thumbnail\">\n            <a href=\"https:\/\/scinawa.pl\/wp-content\/gallery\/2017-06-23-zakonczenie-roku-szkolnego\/DSC_0172.jpg\"\n               title=\"\"\n               data-src=\"https:\/\/scinawa.pl\/wp-content\/gallery\/2017-06-23-zakonczenie-roku-szkolnego\/DSC_0172.jpg\"\n               data-thumbnail=\"https:\/\/scinawa.pl\/wp-content\/gallery\/2017-06-23-zakonczenie-roku-szkolnego\/thumbs\/thumbs_DSC_0172.jpg\"\n               data-image-id=\"1955\"\n               data-title=\"DSC_0172\"\n               data-description=\"\"\n               data-image-slug=\"dsc_0172-5\"\n               class=\"ngg-fancybox\" rel=\"eda2bf7d481e730a84de8ce2c71f4d43\">\n                <img\n                    title=\"DSC_0172\"\n                    alt=\"DSC_0172\"\n                    src=\"https:\/\/scinawa.pl\/wp-content\/gallery\/2017-06-23-zakonczenie-roku-szkolnego\/thumbs\/thumbs_DSC_0172.jpg\"\n                    width=\"200\"\n                    height=\"140\"\n                    style=\"max-width:100%;\"\n                \/>\n            <\/a>\n        <\/div>\n\t\t\t\t\t\t\t<\/div> \n\t\t\t\n\t\t\t\t<div id=\"ngg-image-85\" class=\"ngg-gallery-thumbnail-box \" >\n\t\t\t\t        <div class=\"ngg-gallery-thumbnail\">\n            <a href=\"https:\/\/scinawa.pl\/wp-content\/gallery\/2017-06-23-zakonczenie-roku-szkolnego\/DSC_0174.jpg\"\n               title=\"\"\n               data-src=\"https:\/\/scinawa.pl\/wp-content\/gallery\/2017-06-23-zakonczenie-roku-szkolnego\/DSC_0174.jpg\"\n               data-thumbnail=\"https:\/\/scinawa.pl\/wp-content\/gallery\/2017-06-23-zakonczenie-roku-szkolnego\/thumbs\/thumbs_DSC_0174.jpg\"\n               data-image-id=\"1956\"\n               data-title=\"DSC_0174\"\n               data-description=\"\"\n               data-image-slug=\"dsc_0174-4\"\n               class=\"ngg-fancybox\" rel=\"eda2bf7d481e730a84de8ce2c71f4d43\">\n                <img\n                    title=\"DSC_0174\"\n                    alt=\"DSC_0174\"\n                    src=\"https:\/\/scinawa.pl\/wp-content\/gallery\/2017-06-23-zakonczenie-roku-szkolnego\/thumbs\/thumbs_DSC_0174.jpg\"\n                    width=\"200\"\n                    height=\"140\"\n                    style=\"max-width:100%;\"\n                \/>\n            <\/a>\n        <\/div>\n\t\t\t\t\t\t\t<\/div> \n\t\t\t\n\t\t\t\t<div id=\"ngg-image-86\" class=\"ngg-gallery-thumbnail-box \" >\n\t\t\t\t        <div class=\"ngg-gallery-thumbnail\">\n            <a href=\"https:\/\/scinawa.pl\/wp-content\/gallery\/2017-06-23-zakonczenie-roku-szkolnego\/DSC_0175.jpg\"\n               title=\"\"\n               data-src=\"https:\/\/scinawa.pl\/wp-content\/gallery\/2017-06-23-zakonczenie-roku-szkolnego\/DSC_0175.jpg\"\n               data-thumbnail=\"https:\/\/scinawa.pl\/wp-content\/gallery\/2017-06-23-zakonczenie-roku-szkolnego\/thumbs\/thumbs_DSC_0175.jpg\"\n               data-image-id=\"1957\"\n               data-title=\"DSC_0175\"\n               data-description=\"\"\n               data-image-slug=\"dsc_0175-3\"\n               class=\"ngg-fancybox\" rel=\"eda2bf7d481e730a84de8ce2c71f4d43\">\n                <img\n                    title=\"DSC_0175\"\n                    alt=\"DSC_0175\"\n                    src=\"https:\/\/scinawa.pl\/wp-content\/gallery\/2017-06-23-zakonczenie-roku-szkolnego\/thumbs\/thumbs_DSC_0175.jpg\"\n                    width=\"200\"\n                    height=\"140\"\n                    style=\"max-width:100%;\"\n                \/>\n            <\/a>\n        <\/div>\n\t\t\t\t\t\t\t<\/div> \n\t\t\t\n\t\t\t\t<div id=\"ngg-image-87\" class=\"ngg-gallery-thumbnail-box \" >\n\t\t\t\t        <div class=\"ngg-gallery-thumbnail\">\n            <a href=\"https:\/\/scinawa.pl\/wp-content\/gallery\/2017-06-23-zakonczenie-roku-szkolnego\/DSC_0176.jpg\"\n               title=\"\"\n               data-src=\"https:\/\/scinawa.pl\/wp-content\/gallery\/2017-06-23-zakonczenie-roku-szkolnego\/DSC_0176.jpg\"\n               data-thumbnail=\"https:\/\/scinawa.pl\/wp-content\/gallery\/2017-06-23-zakonczenie-roku-szkolnego\/thumbs\/thumbs_DSC_0176.jpg\"\n               data-image-id=\"1958\"\n               data-title=\"DSC_0176\"\n               data-description=\"\"\n               data-image-slug=\"dsc_0176-3\"\n               class=\"ngg-fancybox\" rel=\"eda2bf7d481e730a84de8ce2c71f4d43\">\n                <img\n                    title=\"DSC_0176\"\n                    alt=\"DSC_0176\"\n                    src=\"https:\/\/scinawa.pl\/wp-content\/gallery\/2017-06-23-zakonczenie-roku-szkolnego\/thumbs\/thumbs_DSC_0176.jpg\"\n                    width=\"200\"\n                    height=\"140\"\n                    style=\"max-width:100%;\"\n                \/>\n            <\/a>\n        <\/div>\n\t\t\t\t\t\t\t<\/div> \n\t\t\t\n\t\t\t\t<div id=\"ngg-image-88\" class=\"ngg-gallery-thumbnail-box \" >\n\t\t\t\t        <div class=\"ngg-gallery-thumbnail\">\n            <a href=\"https:\/\/scinawa.pl\/wp-content\/gallery\/2017-06-23-zakonczenie-roku-szkolnego\/DSC_0178.jpg\"\n               title=\"\"\n               data-src=\"https:\/\/scinawa.pl\/wp-content\/gallery\/2017-06-23-zakonczenie-roku-szkolnego\/DSC_0178.jpg\"\n               data-thumbnail=\"https:\/\/scinawa.pl\/wp-content\/gallery\/2017-06-23-zakonczenie-roku-szkolnego\/thumbs\/thumbs_DSC_0178.jpg\"\n               data-image-id=\"1959\"\n               data-title=\"DSC_0178\"\n               data-description=\"\"\n               data-image-slug=\"dsc_0178-4\"\n               class=\"ngg-fancybox\" rel=\"eda2bf7d481e730a84de8ce2c71f4d43\">\n                <img\n                    title=\"DSC_0178\"\n                    alt=\"DSC_0178\"\n                    src=\"https:\/\/scinawa.pl\/wp-content\/gallery\/2017-06-23-zakonczenie-roku-szkolnego\/thumbs\/thumbs_DSC_0178.jpg\"\n                    width=\"200\"\n                    height=\"140\"\n                    style=\"max-width:100%;\"\n                \/>\n            <\/a>\n        <\/div>\n\t\t\t\t\t\t\t<\/div> \n\t\t\t\n\t\t\t\t<div id=\"ngg-image-89\" class=\"ngg-gallery-thumbnail-box \" >\n\t\t\t\t        <div class=\"ngg-gallery-thumbnail\">\n            <a href=\"https:\/\/scinawa.pl\/wp-content\/gallery\/2017-06-23-zakonczenie-roku-szkolnego\/DSC_0180.jpg\"\n               title=\"\"\n               data-src=\"https:\/\/scinawa.pl\/wp-content\/gallery\/2017-06-23-zakonczenie-roku-szkolnego\/DSC_0180.jpg\"\n               data-thumbnail=\"https:\/\/scinawa.pl\/wp-content\/gallery\/2017-06-23-zakonczenie-roku-szkolnego\/thumbs\/thumbs_DSC_0180.jpg\"\n               data-image-id=\"1960\"\n               data-title=\"DSC_0180\"\n               data-description=\"\"\n               data-image-slug=\"dsc_0180-4\"\n               class=\"ngg-fancybox\" rel=\"eda2bf7d481e730a84de8ce2c71f4d43\">\n                <img\n                    title=\"DSC_0180\"\n                    alt=\"DSC_0180\"\n                    src=\"https:\/\/scinawa.pl\/wp-content\/gallery\/2017-06-23-zakonczenie-roku-szkolnego\/thumbs\/thumbs_DSC_0180.jpg\"\n                    width=\"200\"\n                    height=\"140\"\n                    style=\"max-width:100%;\"\n                \/>\n            <\/a>\n        <\/div>\n\t\t\t\t\t\t\t<\/div> \n\t\t\t\n\t\t\t\t<div id=\"ngg-image-90\" class=\"ngg-gallery-thumbnail-box \" >\n\t\t\t\t        <div class=\"ngg-gallery-thumbnail\">\n            <a href=\"https:\/\/scinawa.pl\/wp-content\/gallery\/2017-06-23-zakonczenie-roku-szkolnego\/DSC_0182.jpg\"\n               title=\"\"\n               data-src=\"https:\/\/scinawa.pl\/wp-content\/gallery\/2017-06-23-zakonczenie-roku-szkolnego\/DSC_0182.jpg\"\n               data-thumbnail=\"https:\/\/scinawa.pl\/wp-content\/gallery\/2017-06-23-zakonczenie-roku-szkolnego\/thumbs\/thumbs_DSC_0182.jpg\"\n               data-image-id=\"1961\"\n               data-title=\"DSC_0182\"\n               data-description=\"\"\n               data-image-slug=\"dsc_0182-3\"\n               class=\"ngg-fancybox\" rel=\"eda2bf7d481e730a84de8ce2c71f4d43\">\n                <img\n                    title=\"DSC_0182\"\n                    alt=\"DSC_0182\"\n                    src=\"https:\/\/scinawa.pl\/wp-content\/gallery\/2017-06-23-zakonczenie-roku-szkolnego\/thumbs\/thumbs_DSC_0182.jpg\"\n                    width=\"200\"\n                    height=\"140\"\n                    style=\"max-width:100%;\"\n                \/>\n            <\/a>\n        <\/div>\n\t\t\t\t\t\t\t<\/div> \n\t\t\t\n\t\t\t\t<div id=\"ngg-image-91\" class=\"ngg-gallery-thumbnail-box \" >\n\t\t\t\t        <div class=\"ngg-gallery-thumbnail\">\n            <a href=\"https:\/\/scinawa.pl\/wp-content\/gallery\/2017-06-23-zakonczenie-roku-szkolnego\/DSC_0183.jpg\"\n               title=\"\"\n               data-src=\"https:\/\/scinawa.pl\/wp-content\/gallery\/2017-06-23-zakonczenie-roku-szkolnego\/DSC_0183.jpg\"\n               data-thumbnail=\"https:\/\/scinawa.pl\/wp-content\/gallery\/2017-06-23-zakonczenie-roku-szkolnego\/thumbs\/thumbs_DSC_0183.jpg\"\n               data-image-id=\"1962\"\n               data-title=\"DSC_0183\"\n               data-description=\"\"\n               data-image-slug=\"dsc_0183-5\"\n               class=\"ngg-fancybox\" rel=\"eda2bf7d481e730a84de8ce2c71f4d43\">\n                <img\n                    title=\"DSC_0183\"\n                    alt=\"DSC_0183\"\n                    src=\"https:\/\/scinawa.pl\/wp-content\/gallery\/2017-06-23-zakonczenie-roku-szkolnego\/thumbs\/thumbs_DSC_0183.jpg\"\n                    width=\"200\"\n                    height=\"140\"\n                    style=\"max-width:100%;\"\n                \/>\n            <\/a>\n        <\/div>\n\t\t\t\t\t\t\t<\/div> \n\t\t\t\n\t\t\t\t<div id=\"ngg-image-92\" class=\"ngg-gallery-thumbnail-box \" >\n\t\t\t\t        <div class=\"ngg-gallery-thumbnail\">\n            <a href=\"https:\/\/scinawa.pl\/wp-content\/gallery\/2017-06-23-zakonczenie-roku-szkolnego\/DSC_0185.jpg\"\n               title=\"\"\n               data-src=\"https:\/\/scinawa.pl\/wp-content\/gallery\/2017-06-23-zakonczenie-roku-szkolnego\/DSC_0185.jpg\"\n               data-thumbnail=\"https:\/\/scinawa.pl\/wp-content\/gallery\/2017-06-23-zakonczenie-roku-szkolnego\/thumbs\/thumbs_DSC_0185.jpg\"\n               data-image-id=\"1963\"\n               data-title=\"DSC_0185\"\n               data-description=\"\"\n               data-image-slug=\"dsc_0185-4\"\n               class=\"ngg-fancybox\" rel=\"eda2bf7d481e730a84de8ce2c71f4d43\">\n                <img\n                    title=\"DSC_0185\"\n                    alt=\"DSC_0185\"\n                    src=\"https:\/\/scinawa.pl\/wp-content\/gallery\/2017-06-23-zakonczenie-roku-szkolnego\/thumbs\/thumbs_DSC_0185.jpg\"\n                    width=\"200\"\n                    height=\"140\"\n                    style=\"max-width:100%;\"\n                \/>\n            <\/a>\n        <\/div>\n\t\t\t\t\t\t\t<\/div> \n\t\t\t\n\t\t\t\t<div id=\"ngg-image-93\" class=\"ngg-gallery-thumbnail-box \" >\n\t\t\t\t        <div class=\"ngg-gallery-thumbnail\">\n            <a href=\"https:\/\/scinawa.pl\/wp-content\/gallery\/2017-06-23-zakonczenie-roku-szkolnego\/DSC_0189.jpg\"\n               title=\"\"\n               data-src=\"https:\/\/scinawa.pl\/wp-content\/gallery\/2017-06-23-zakonczenie-roku-szkolnego\/DSC_0189.jpg\"\n               data-thumbnail=\"https:\/\/scinawa.pl\/wp-content\/gallery\/2017-06-23-zakonczenie-roku-szkolnego\/thumbs\/thumbs_DSC_0189.jpg\"\n               data-image-id=\"1964\"\n               data-title=\"DSC_0189\"\n               data-description=\"\"\n               data-image-slug=\"dsc_0189-4\"\n               class=\"ngg-fancybox\" rel=\"eda2bf7d481e730a84de8ce2c71f4d43\">\n                <img\n                    title=\"DSC_0189\"\n                    alt=\"DSC_0189\"\n                    src=\"https:\/\/scinawa.pl\/wp-content\/gallery\/2017-06-23-zakonczenie-roku-szkolnego\/thumbs\/thumbs_DSC_0189.jpg\"\n                    width=\"200\"\n                    height=\"140\"\n                    style=\"max-width:100%;\"\n                \/>\n            <\/a>\n        <\/div>\n\t\t\t\t\t\t\t<\/div> \n\t\t\t\n\t\t\t\t<div id=\"ngg-image-94\" class=\"ngg-gallery-thumbnail-box \" >\n\t\t\t\t        <div class=\"ngg-gallery-thumbnail\">\n            <a href=\"https:\/\/scinawa.pl\/wp-content\/gallery\/2017-06-23-zakonczenie-roku-szkolnego\/DSC_0190.jpg\"\n               title=\"\"\n               data-src=\"https:\/\/scinawa.pl\/wp-content\/gallery\/2017-06-23-zakonczenie-roku-szkolnego\/DSC_0190.jpg\"\n               data-thumbnail=\"https:\/\/scinawa.pl\/wp-content\/gallery\/2017-06-23-zakonczenie-roku-szkolnego\/thumbs\/thumbs_DSC_0190.jpg\"\n               data-image-id=\"1965\"\n               data-title=\"DSC_0190\"\n               data-description=\"\"\n               data-image-slug=\"dsc_0190-5\"\n               class=\"ngg-fancybox\" rel=\"eda2bf7d481e730a84de8ce2c71f4d43\">\n                <img\n                    title=\"DSC_0190\"\n                    alt=\"DSC_0190\"\n                    src=\"https:\/\/scinawa.pl\/wp-content\/gallery\/2017-06-23-zakonczenie-roku-szkolnego\/thumbs\/thumbs_DSC_0190.jpg\"\n                    width=\"200\"\n                    height=\"140\"\n                    style=\"max-width:100%;\"\n                \/>\n            <\/a>\n        <\/div>\n\t\t\t\t\t\t\t<\/div> \n\t\t\t\n\t\t\t\t<div id=\"ngg-image-95\" class=\"ngg-gallery-thumbnail-box \" >\n\t\t\t\t        <div class=\"ngg-gallery-thumbnail\">\n            <a href=\"https:\/\/scinawa.pl\/wp-content\/gallery\/2017-06-23-zakonczenie-roku-szkolnego\/DSC_0192.jpg\"\n               title=\"\"\n               data-src=\"https:\/\/scinawa.pl\/wp-content\/gallery\/2017-06-23-zakonczenie-roku-szkolnego\/DSC_0192.jpg\"\n               data-thumbnail=\"https:\/\/scinawa.pl\/wp-content\/gallery\/2017-06-23-zakonczenie-roku-szkolnego\/thumbs\/thumbs_DSC_0192.jpg\"\n               data-image-id=\"1966\"\n               data-title=\"DSC_0192\"\n               data-description=\"\"\n               data-image-slug=\"dsc_0192-5\"\n               class=\"ngg-fancybox\" rel=\"eda2bf7d481e730a84de8ce2c71f4d43\">\n                <img\n                    title=\"DSC_0192\"\n                    alt=\"DSC_0192\"\n                    src=\"https:\/\/scinawa.pl\/wp-content\/gallery\/2017-06-23-zakonczenie-roku-szkolnego\/thumbs\/thumbs_DSC_0192.jpg\"\n                    width=\"200\"\n                    height=\"140\"\n                    style=\"max-width:100%;\"\n                \/>\n            <\/a>\n        <\/div>\n\t\t\t\t\t\t\t<\/div> \n\t\t\t\n\t\t\t\t<div id=\"ngg-image-96\" class=\"ngg-gallery-thumbnail-box \" >\n\t\t\t\t        <div class=\"ngg-gallery-thumbnail\">\n            <a href=\"https:\/\/scinawa.pl\/wp-content\/gallery\/2017-06-23-zakonczenie-roku-szkolnego\/DSC_0193.jpg\"\n               title=\"\"\n               data-src=\"https:\/\/scinawa.pl\/wp-content\/gallery\/2017-06-23-zakonczenie-roku-szkolnego\/DSC_0193.jpg\"\n               data-thumbnail=\"https:\/\/scinawa.pl\/wp-content\/gallery\/2017-06-23-zakonczenie-roku-szkolnego\/thumbs\/thumbs_DSC_0193.jpg\"\n               data-image-id=\"1967\"\n               data-title=\"DSC_0193\"\n               data-description=\"\"\n               data-image-slug=\"dsc_0193-5\"\n               class=\"ngg-fancybox\" rel=\"eda2bf7d481e730a84de8ce2c71f4d43\">\n                <img\n                    title=\"DSC_0193\"\n                    alt=\"DSC_0193\"\n                    src=\"https:\/\/scinawa.pl\/wp-content\/gallery\/2017-06-23-zakonczenie-roku-szkolnego\/thumbs\/thumbs_DSC_0193.jpg\"\n                    width=\"200\"\n                    height=\"140\"\n                    style=\"max-width:100%;\"\n                \/>\n            <\/a>\n        <\/div>\n\t\t\t\t\t\t\t<\/div> \n\t\t\t\n\t\t\t\t<div id=\"ngg-image-97\" class=\"ngg-gallery-thumbnail-box \" >\n\t\t\t\t        <div class=\"ngg-gallery-thumbnail\">\n            <a href=\"https:\/\/scinawa.pl\/wp-content\/gallery\/2017-06-23-zakonczenie-roku-szkolnego\/DSC_0194.jpg\"\n               title=\"\"\n               data-src=\"https:\/\/scinawa.pl\/wp-content\/gallery\/2017-06-23-zakonczenie-roku-szkolnego\/DSC_0194.jpg\"\n               data-thumbnail=\"https:\/\/scinawa.pl\/wp-content\/gallery\/2017-06-23-zakonczenie-roku-szkolnego\/thumbs\/thumbs_DSC_0194.jpg\"\n               data-image-id=\"1968\"\n               data-title=\"DSC_0194\"\n               data-description=\"\"\n               data-image-slug=\"dsc_0194-4\"\n               class=\"ngg-fancybox\" rel=\"eda2bf7d481e730a84de8ce2c71f4d43\">\n                <img\n                    title=\"DSC_0194\"\n                    alt=\"DSC_0194\"\n                    src=\"https:\/\/scinawa.pl\/wp-content\/gallery\/2017-06-23-zakonczenie-roku-szkolnego\/thumbs\/thumbs_DSC_0194.jpg\"\n                    width=\"200\"\n                    height=\"140\"\n                    style=\"max-width:100%;\"\n                \/>\n            <\/a>\n        <\/div>\n\t\t\t\t\t\t\t<\/div> \n\t\t\t\n\t\t\t\t<div id=\"ngg-image-98\" class=\"ngg-gallery-thumbnail-box \" >\n\t\t\t\t        <div class=\"ngg-gallery-thumbnail\">\n            <a href=\"https:\/\/scinawa.pl\/wp-content\/gallery\/2017-06-23-zakonczenie-roku-szkolnego\/DSC_0195.jpg\"\n               title=\"\"\n               data-src=\"https:\/\/scinawa.pl\/wp-content\/gallery\/2017-06-23-zakonczenie-roku-szkolnego\/DSC_0195.jpg\"\n               data-thumbnail=\"https:\/\/scinawa.pl\/wp-content\/gallery\/2017-06-23-zakonczenie-roku-szkolnego\/thumbs\/thumbs_DSC_0195.jpg\"\n               data-image-id=\"1969\"\n               data-title=\"DSC_0195\"\n               data-description=\"\"\n               data-image-slug=\"dsc_0195-4\"\n               class=\"ngg-fancybox\" rel=\"eda2bf7d481e730a84de8ce2c71f4d43\">\n                <img\n                    title=\"DSC_0195\"\n                    alt=\"DSC_0195\"\n                    src=\"https:\/\/scinawa.pl\/wp-content\/gallery\/2017-06-23-zakonczenie-roku-szkolnego\/thumbs\/thumbs_DSC_0195.jpg\"\n                    width=\"200\"\n                    height=\"140\"\n                    style=\"max-width:100%;\"\n                \/>\n            <\/a>\n        <\/div>\n\t\t\t\t\t\t\t<\/div> \n\t\t\t\n\t\t\t\t<div id=\"ngg-image-99\" class=\"ngg-gallery-thumbnail-box \" >\n\t\t\t\t        <div class=\"ngg-gallery-thumbnail\">\n            <a href=\"https:\/\/scinawa.pl\/wp-content\/gallery\/2017-06-23-zakonczenie-roku-szkolnego\/DSC_0196.jpg\"\n               title=\"\"\n               data-src=\"https:\/\/scinawa.pl\/wp-content\/gallery\/2017-06-23-zakonczenie-roku-szkolnego\/DSC_0196.jpg\"\n               data-thumbnail=\"https:\/\/scinawa.pl\/wp-content\/gallery\/2017-06-23-zakonczenie-roku-szkolnego\/thumbs\/thumbs_DSC_0196.jpg\"\n               data-image-id=\"1970\"\n               data-title=\"DSC_0196\"\n               data-description=\"\"\n               data-image-slug=\"dsc_0196-5\"\n               class=\"ngg-fancybox\" rel=\"eda2bf7d481e730a84de8ce2c71f4d43\">\n                <img\n                    title=\"DSC_0196\"\n                    alt=\"DSC_0196\"\n                    src=\"https:\/\/scinawa.pl\/wp-content\/gallery\/2017-06-23-zakonczenie-roku-szkolnego\/thumbs\/thumbs_DSC_0196.jpg\"\n                    width=\"200\"\n                    height=\"140\"\n                    style=\"max-width:100%;\"\n                \/>\n            <\/a>\n        <\/div>\n\t\t\t\t\t\t\t<\/div> \n\t\t\t\n\t\t\t\t<div id=\"ngg-image-100\" class=\"ngg-gallery-thumbnail-box \" >\n\t\t\t\t        <div class=\"ngg-gallery-thumbnail\">\n            <a href=\"https:\/\/scinawa.pl\/wp-content\/gallery\/2017-06-23-zakonczenie-roku-szkolnego\/DSC_0197.jpg\"\n               title=\"\"\n               data-src=\"https:\/\/scinawa.pl\/wp-content\/gallery\/2017-06-23-zakonczenie-roku-szkolnego\/DSC_0197.jpg\"\n               data-thumbnail=\"https:\/\/scinawa.pl\/wp-content\/gallery\/2017-06-23-zakonczenie-roku-szkolnego\/thumbs\/thumbs_DSC_0197.jpg\"\n               data-image-id=\"1971\"\n               data-title=\"DSC_0197\"\n               data-description=\"\"\n               data-image-slug=\"dsc_0197-3\"\n               class=\"ngg-fancybox\" rel=\"eda2bf7d481e730a84de8ce2c71f4d43\">\n                <img\n                    title=\"DSC_0197\"\n                    alt=\"DSC_0197\"\n                    src=\"https:\/\/scinawa.pl\/wp-content\/gallery\/2017-06-23-zakonczenie-roku-szkolnego\/thumbs\/thumbs_DSC_0197.jpg\"\n                    width=\"200\"\n                    height=\"140\"\n                    style=\"max-width:100%;\"\n                \/>\n            <\/a>\n        <\/div>\n\t\t\t\t\t\t\t<\/div> \n\t\t\t\n\t\t\t\t<div id=\"ngg-image-101\" class=\"ngg-gallery-thumbnail-box \" >\n\t\t\t\t        <div class=\"ngg-gallery-thumbnail\">\n            <a href=\"https:\/\/scinawa.pl\/wp-content\/gallery\/2017-06-23-zakonczenie-roku-szkolnego\/DSC_0199.jpg\"\n               title=\"\"\n               data-src=\"https:\/\/scinawa.pl\/wp-content\/gallery\/2017-06-23-zakonczenie-roku-szkolnego\/DSC_0199.jpg\"\n               data-thumbnail=\"https:\/\/scinawa.pl\/wp-content\/gallery\/2017-06-23-zakonczenie-roku-szkolnego\/thumbs\/thumbs_DSC_0199.jpg\"\n               data-image-id=\"1972\"\n               data-title=\"DSC_0199\"\n               data-description=\"\"\n               data-image-slug=\"dsc_0199-4\"\n               class=\"ngg-fancybox\" rel=\"eda2bf7d481e730a84de8ce2c71f4d43\">\n                <img\n                    title=\"DSC_0199\"\n                    alt=\"DSC_0199\"\n                    src=\"https:\/\/scinawa.pl\/wp-content\/gallery\/2017-06-23-zakonczenie-roku-szkolnego\/thumbs\/thumbs_DSC_0199.jpg\"\n                    width=\"200\"\n                    height=\"140\"\n                    style=\"max-width:100%;\"\n                \/>\n            <\/a>\n        <\/div>\n\t\t\t\t\t\t\t<\/div> \n\t\t\t\n\t\t\t\t<div id=\"ngg-image-102\" class=\"ngg-gallery-thumbnail-box \" >\n\t\t\t\t        <div class=\"ngg-gallery-thumbnail\">\n            <a href=\"https:\/\/scinawa.pl\/wp-content\/gallery\/2017-06-23-zakonczenie-roku-szkolnego\/DSC_0202.jpg\"\n               title=\"\"\n               data-src=\"https:\/\/scinawa.pl\/wp-content\/gallery\/2017-06-23-zakonczenie-roku-szkolnego\/DSC_0202.jpg\"\n               data-thumbnail=\"https:\/\/scinawa.pl\/wp-content\/gallery\/2017-06-23-zakonczenie-roku-szkolnego\/thumbs\/thumbs_DSC_0202.jpg\"\n               data-image-id=\"1973\"\n               data-title=\"DSC_0202\"\n               data-description=\"\"\n               data-image-slug=\"dsc_0202-4\"\n               class=\"ngg-fancybox\" rel=\"eda2bf7d481e730a84de8ce2c71f4d43\">\n                <img\n                    title=\"DSC_0202\"\n                    alt=\"DSC_0202\"\n                    src=\"https:\/\/scinawa.pl\/wp-content\/gallery\/2017-06-23-zakonczenie-roku-szkolnego\/thumbs\/thumbs_DSC_0202.jpg\"\n                    width=\"200\"\n                    height=\"140\"\n                    style=\"max-width:100%;\"\n                \/>\n            <\/a>\n        <\/div>\n\t\t\t\t\t\t\t<\/div> \n\t\t\t\n\t\t\t\t<div id=\"ngg-image-103\" class=\"ngg-gallery-thumbnail-box \" >\n\t\t\t\t        <div class=\"ngg-gallery-thumbnail\">\n            <a href=\"https:\/\/scinawa.pl\/wp-content\/gallery\/2017-06-23-zakonczenie-roku-szkolnego\/DSC_0204.jpg\"\n               title=\"\"\n               data-src=\"https:\/\/scinawa.pl\/wp-content\/gallery\/2017-06-23-zakonczenie-roku-szkolnego\/DSC_0204.jpg\"\n               data-thumbnail=\"https:\/\/scinawa.pl\/wp-content\/gallery\/2017-06-23-zakonczenie-roku-szkolnego\/thumbs\/thumbs_DSC_0204.jpg\"\n               data-image-id=\"1974\"\n               data-title=\"DSC_0204\"\n               data-description=\"\"\n               data-image-slug=\"dsc_0204-5\"\n               class=\"ngg-fancybox\" rel=\"eda2bf7d481e730a84de8ce2c71f4d43\">\n                <img\n                    title=\"DSC_0204\"\n                    alt=\"DSC_0204\"\n                    src=\"https:\/\/scinawa.pl\/wp-content\/gallery\/2017-06-23-zakonczenie-roku-szkolnego\/thumbs\/thumbs_DSC_0204.jpg\"\n                    width=\"200\"\n                    height=\"140\"\n                    style=\"max-width:100%;\"\n                \/>\n            <\/a>\n        <\/div>\n\t\t\t\t\t\t\t<\/div> \n\t\t\t\n\t\t\t\t<div id=\"ngg-image-104\" class=\"ngg-gallery-thumbnail-box \" >\n\t\t\t\t        <div class=\"ngg-gallery-thumbnail\">\n            <a href=\"https:\/\/scinawa.pl\/wp-content\/gallery\/2017-06-23-zakonczenie-roku-szkolnego\/DSC_0206.jpg\"\n               title=\"\"\n               data-src=\"https:\/\/scinawa.pl\/wp-content\/gallery\/2017-06-23-zakonczenie-roku-szkolnego\/DSC_0206.jpg\"\n               data-thumbnail=\"https:\/\/scinawa.pl\/wp-content\/gallery\/2017-06-23-zakonczenie-roku-szkolnego\/thumbs\/thumbs_DSC_0206.jpg\"\n               data-image-id=\"1975\"\n               data-title=\"DSC_0206\"\n               data-description=\"\"\n               data-image-slug=\"dsc_0206-4\"\n               class=\"ngg-fancybox\" rel=\"eda2bf7d481e730a84de8ce2c71f4d43\">\n                <img\n                    title=\"DSC_0206\"\n                    alt=\"DSC_0206\"\n                    src=\"https:\/\/scinawa.pl\/wp-content\/gallery\/2017-06-23-zakonczenie-roku-szkolnego\/thumbs\/thumbs_DSC_0206.jpg\"\n                    width=\"200\"\n                    height=\"140\"\n                    style=\"max-width:100%;\"\n                \/>\n            <\/a>\n        <\/div>\n\t\t\t\t\t\t\t<\/div> \n\t\t\t\n\t\t\t\t<div id=\"ngg-image-105\" class=\"ngg-gallery-thumbnail-box \" >\n\t\t\t\t        <div class=\"ngg-gallery-thumbnail\">\n            <a href=\"https:\/\/scinawa.pl\/wp-content\/gallery\/2017-06-23-zakonczenie-roku-szkolnego\/DSC_0207.jpg\"\n               title=\"\"\n               data-src=\"https:\/\/scinawa.pl\/wp-content\/gallery\/2017-06-23-zakonczenie-roku-szkolnego\/DSC_0207.jpg\"\n               data-thumbnail=\"https:\/\/scinawa.pl\/wp-content\/gallery\/2017-06-23-zakonczenie-roku-szkolnego\/thumbs\/thumbs_DSC_0207.jpg\"\n               data-image-id=\"1976\"\n               data-title=\"DSC_0207\"\n               data-description=\"\"\n               data-image-slug=\"dsc_0207-4\"\n               class=\"ngg-fancybox\" rel=\"eda2bf7d481e730a84de8ce2c71f4d43\">\n                <img\n                    title=\"DSC_0207\"\n                    alt=\"DSC_0207\"\n                    src=\"https:\/\/scinawa.pl\/wp-content\/gallery\/2017-06-23-zakonczenie-roku-szkolnego\/thumbs\/thumbs_DSC_0207.jpg\"\n                    width=\"200\"\n                    height=\"140\"\n                    style=\"max-width:100%;\"\n                \/>\n            <\/a>\n        <\/div>\n\t\t\t\t\t\t\t<\/div> \n\t\t\t\n\t\t\t\t<div id=\"ngg-image-106\" class=\"ngg-gallery-thumbnail-box \" >\n\t\t\t\t        <div class=\"ngg-gallery-thumbnail\">\n            <a href=\"https:\/\/scinawa.pl\/wp-content\/gallery\/2017-06-23-zakonczenie-roku-szkolnego\/DSC_0208.jpg\"\n               title=\"\"\n               data-src=\"https:\/\/scinawa.pl\/wp-content\/gallery\/2017-06-23-zakonczenie-roku-szkolnego\/DSC_0208.jpg\"\n               data-thumbnail=\"https:\/\/scinawa.pl\/wp-content\/gallery\/2017-06-23-zakonczenie-roku-szkolnego\/thumbs\/thumbs_DSC_0208.jpg\"\n               data-image-id=\"1977\"\n               data-title=\"DSC_0208\"\n               data-description=\"\"\n               data-image-slug=\"dsc_0208-2\"\n               class=\"ngg-fancybox\" rel=\"eda2bf7d481e730a84de8ce2c71f4d43\">\n                <img\n                    title=\"DSC_0208\"\n                    alt=\"DSC_0208\"\n                    src=\"https:\/\/scinawa.pl\/wp-content\/gallery\/2017-06-23-zakonczenie-roku-szkolnego\/thumbs\/thumbs_DSC_0208.jpg\"\n                    width=\"200\"\n                    height=\"140\"\n                    style=\"max-width:100%;\"\n                \/>\n            <\/a>\n        <\/div>\n\t\t\t\t\t\t\t<\/div> \n\t\t\t\n\t\t\t\t<div id=\"ngg-image-107\" class=\"ngg-gallery-thumbnail-box \" >\n\t\t\t\t        <div class=\"ngg-gallery-thumbnail\">\n            <a href=\"https:\/\/scinawa.pl\/wp-content\/gallery\/2017-06-23-zakonczenie-roku-szkolnego\/DSC_0210.jpg\"\n               title=\"\"\n               data-src=\"https:\/\/scinawa.pl\/wp-content\/gallery\/2017-06-23-zakonczenie-roku-szkolnego\/DSC_0210.jpg\"\n               data-thumbnail=\"https:\/\/scinawa.pl\/wp-content\/gallery\/2017-06-23-zakonczenie-roku-szkolnego\/thumbs\/thumbs_DSC_0210.jpg\"\n               data-image-id=\"1978\"\n               data-title=\"DSC_0210\"\n               data-description=\"\"\n               data-image-slug=\"dsc_0210-3\"\n               class=\"ngg-fancybox\" rel=\"eda2bf7d481e730a84de8ce2c71f4d43\">\n                <img\n                    title=\"DSC_0210\"\n                    alt=\"DSC_0210\"\n                    src=\"https:\/\/scinawa.pl\/wp-content\/gallery\/2017-06-23-zakonczenie-roku-szkolnego\/thumbs\/thumbs_DSC_0210.jpg\"\n                    width=\"200\"\n                    height=\"140\"\n                    style=\"max-width:100%;\"\n                \/>\n            <\/a>\n        <\/div>\n\t\t\t\t\t\t\t<\/div> \n\t\t\t\n\t\t\t\t<div id=\"ngg-image-108\" class=\"ngg-gallery-thumbnail-box \" >\n\t\t\t\t        <div class=\"ngg-gallery-thumbnail\">\n            <a href=\"https:\/\/scinawa.pl\/wp-content\/gallery\/2017-06-23-zakonczenie-roku-szkolnego\/DSC_0214.jpg\"\n               title=\"\"\n               data-src=\"https:\/\/scinawa.pl\/wp-content\/gallery\/2017-06-23-zakonczenie-roku-szkolnego\/DSC_0214.jpg\"\n               data-thumbnail=\"https:\/\/scinawa.pl\/wp-content\/gallery\/2017-06-23-zakonczenie-roku-szkolnego\/thumbs\/thumbs_DSC_0214.jpg\"\n               data-image-id=\"1979\"\n               data-title=\"DSC_0214\"\n               data-description=\"\"\n               data-image-slug=\"dsc_0214-5\"\n               class=\"ngg-fancybox\" rel=\"eda2bf7d481e730a84de8ce2c71f4d43\">\n                <img\n                    title=\"DSC_0214\"\n                    alt=\"DSC_0214\"\n                    src=\"https:\/\/scinawa.pl\/wp-content\/gallery\/2017-06-23-zakonczenie-roku-szkolnego\/thumbs\/thumbs_DSC_0214.jpg\"\n                    width=\"200\"\n                    height=\"140\"\n                    style=\"max-width:100%;\"\n                \/>\n            <\/a>\n        <\/div>\n\t\t\t\t\t\t\t<\/div> \n\t\t\t\n\t\t\t\t<div id=\"ngg-image-109\" class=\"ngg-gallery-thumbnail-box \" >\n\t\t\t\t        <div class=\"ngg-gallery-thumbnail\">\n            <a href=\"https:\/\/scinawa.pl\/wp-content\/gallery\/2017-06-23-zakonczenie-roku-szkolnego\/DSC_0216.jpg\"\n               title=\"\"\n               data-src=\"https:\/\/scinawa.pl\/wp-content\/gallery\/2017-06-23-zakonczenie-roku-szkolnego\/DSC_0216.jpg\"\n               data-thumbnail=\"https:\/\/scinawa.pl\/wp-content\/gallery\/2017-06-23-zakonczenie-roku-szkolnego\/thumbs\/thumbs_DSC_0216.jpg\"\n               data-image-id=\"1980\"\n               data-title=\"DSC_0216\"\n               data-description=\"\"\n               data-image-slug=\"dsc_0216-5\"\n               class=\"ngg-fancybox\" rel=\"eda2bf7d481e730a84de8ce2c71f4d43\">\n                <img\n                    title=\"DSC_0216\"\n                    alt=\"DSC_0216\"\n                    src=\"https:\/\/scinawa.pl\/wp-content\/gallery\/2017-06-23-zakonczenie-roku-szkolnego\/thumbs\/thumbs_DSC_0216.jpg\"\n                    width=\"200\"\n                    height=\"140\"\n                    style=\"max-width:100%;\"\n                \/>\n            <\/a>\n        <\/div>\n\t\t\t\t\t\t\t<\/div> \n\t\t\t\n\t\t\t\t<div id=\"ngg-image-110\" class=\"ngg-gallery-thumbnail-box \" >\n\t\t\t\t        <div class=\"ngg-gallery-thumbnail\">\n            <a href=\"https:\/\/scinawa.pl\/wp-content\/gallery\/2017-06-23-zakonczenie-roku-szkolnego\/DSC_0217.jpg\"\n               title=\"\"\n               data-src=\"https:\/\/scinawa.pl\/wp-content\/gallery\/2017-06-23-zakonczenie-roku-szkolnego\/DSC_0217.jpg\"\n               data-thumbnail=\"https:\/\/scinawa.pl\/wp-content\/gallery\/2017-06-23-zakonczenie-roku-szkolnego\/thumbs\/thumbs_DSC_0217.jpg\"\n               data-image-id=\"1981\"\n               data-title=\"DSC_0217\"\n               data-description=\"\"\n               data-image-slug=\"dsc_0217-5\"\n               class=\"ngg-fancybox\" rel=\"eda2bf7d481e730a84de8ce2c71f4d43\">\n                <img\n                    title=\"DSC_0217\"\n                    alt=\"DSC_0217\"\n                    src=\"https:\/\/scinawa.pl\/wp-content\/gallery\/2017-06-23-zakonczenie-roku-szkolnego\/thumbs\/thumbs_DSC_0217.jpg\"\n                    width=\"200\"\n                    height=\"140\"\n                    style=\"max-width:100%;\"\n                \/>\n            <\/a>\n        <\/div>\n\t\t\t\t\t\t\t<\/div> \n\t\t\t\n\t\t\t\t<div id=\"ngg-image-111\" class=\"ngg-gallery-thumbnail-box \" >\n\t\t\t\t        <div class=\"ngg-gallery-thumbnail\">\n            <a href=\"https:\/\/scinawa.pl\/wp-content\/gallery\/2017-06-23-zakonczenie-roku-szkolnego\/DSC_0222.jpg\"\n               title=\"\"\n               data-src=\"https:\/\/scinawa.pl\/wp-content\/gallery\/2017-06-23-zakonczenie-roku-szkolnego\/DSC_0222.jpg\"\n               data-thumbnail=\"https:\/\/scinawa.pl\/wp-content\/gallery\/2017-06-23-zakonczenie-roku-szkolnego\/thumbs\/thumbs_DSC_0222.jpg\"\n               data-image-id=\"1982\"\n               data-title=\"DSC_0222\"\n               data-description=\"\"\n               data-image-slug=\"dsc_0222-4\"\n               class=\"ngg-fancybox\" rel=\"eda2bf7d481e730a84de8ce2c71f4d43\">\n                <img\n                    title=\"DSC_0222\"\n                    alt=\"DSC_0222\"\n                    src=\"https:\/\/scinawa.pl\/wp-content\/gallery\/2017-06-23-zakonczenie-roku-szkolnego\/thumbs\/thumbs_DSC_0222.jpg\"\n                    width=\"200\"\n                    height=\"140\"\n                    style=\"max-width:100%;\"\n                \/>\n            <\/a>\n        <\/div>\n\t\t\t\t\t\t\t<\/div> \n\t\t\t\n\t\t\t\t<div id=\"ngg-image-112\" class=\"ngg-gallery-thumbnail-box \" >\n\t\t\t\t        <div class=\"ngg-gallery-thumbnail\">\n            <a href=\"https:\/\/scinawa.pl\/wp-content\/gallery\/2017-06-23-zakonczenie-roku-szkolnego\/DSC_0224.jpg\"\n               title=\"\"\n               data-src=\"https:\/\/scinawa.pl\/wp-content\/gallery\/2017-06-23-zakonczenie-roku-szkolnego\/DSC_0224.jpg\"\n               data-thumbnail=\"https:\/\/scinawa.pl\/wp-content\/gallery\/2017-06-23-zakonczenie-roku-szkolnego\/thumbs\/thumbs_DSC_0224.jpg\"\n               data-image-id=\"1983\"\n               data-title=\"DSC_0224\"\n               data-description=\"\"\n               data-image-slug=\"dsc_0224-2\"\n               class=\"ngg-fancybox\" rel=\"eda2bf7d481e730a84de8ce2c71f4d43\">\n                <img\n                    title=\"DSC_0224\"\n                    alt=\"DSC_0224\"\n                    src=\"https:\/\/scinawa.pl\/wp-content\/gallery\/2017-06-23-zakonczenie-roku-szkolnego\/thumbs\/thumbs_DSC_0224.jpg\"\n                    width=\"200\"\n                    height=\"140\"\n                    style=\"max-width:100%;\"\n                \/>\n            <\/a>\n        <\/div>\n\t\t\t\t\t\t\t<\/div> \n\t\t\t\n\t\t\t\t<div id=\"ngg-image-113\" class=\"ngg-gallery-thumbnail-box \" >\n\t\t\t\t        <div class=\"ngg-gallery-thumbnail\">\n            <a href=\"https:\/\/scinawa.pl\/wp-content\/gallery\/2017-06-23-zakonczenie-roku-szkolnego\/DSC_0227.jpg\"\n               title=\"\"\n               data-src=\"https:\/\/scinawa.pl\/wp-content\/gallery\/2017-06-23-zakonczenie-roku-szkolnego\/DSC_0227.jpg\"\n               data-thumbnail=\"https:\/\/scinawa.pl\/wp-content\/gallery\/2017-06-23-zakonczenie-roku-szkolnego\/thumbs\/thumbs_DSC_0227.jpg\"\n               data-image-id=\"1984\"\n               data-title=\"DSC_0227\"\n               data-description=\"\"\n               data-image-slug=\"dsc_0227-2\"\n               class=\"ngg-fancybox\" rel=\"eda2bf7d481e730a84de8ce2c71f4d43\">\n                <img\n                    title=\"DSC_0227\"\n                    alt=\"DSC_0227\"\n                    src=\"https:\/\/scinawa.pl\/wp-content\/gallery\/2017-06-23-zakonczenie-roku-szkolnego\/thumbs\/thumbs_DSC_0227.jpg\"\n                    width=\"200\"\n                    height=\"140\"\n                    style=\"max-width:100%;\"\n                \/>\n            <\/a>\n        <\/div>\n\t\t\t\t\t\t\t<\/div> \n\t\t\t\n\t\t\t\t<div id=\"ngg-image-114\" class=\"ngg-gallery-thumbnail-box \" >\n\t\t\t\t        <div class=\"ngg-gallery-thumbnail\">\n            <a href=\"https:\/\/scinawa.pl\/wp-content\/gallery\/2017-06-23-zakonczenie-roku-szkolnego\/DSC_0230.jpg\"\n               title=\"\"\n               data-src=\"https:\/\/scinawa.pl\/wp-content\/gallery\/2017-06-23-zakonczenie-roku-szkolnego\/DSC_0230.jpg\"\n               data-thumbnail=\"https:\/\/scinawa.pl\/wp-content\/gallery\/2017-06-23-zakonczenie-roku-szkolnego\/thumbs\/thumbs_DSC_0230.jpg\"\n               data-image-id=\"1985\"\n               data-title=\"DSC_0230\"\n               data-description=\"\"\n               data-image-slug=\"dsc_0230-3\"\n               class=\"ngg-fancybox\" rel=\"eda2bf7d481e730a84de8ce2c71f4d43\">\n                <img\n                    title=\"DSC_0230\"\n                    alt=\"DSC_0230\"\n                    src=\"https:\/\/scinawa.pl\/wp-content\/gallery\/2017-06-23-zakonczenie-roku-szkolnego\/thumbs\/thumbs_DSC_0230.jpg\"\n                    width=\"200\"\n                    height=\"140\"\n                    style=\"max-width:100%;\"\n                \/>\n            <\/a>\n        <\/div>\n\t\t\t\t\t\t\t<\/div> \n\t\t\t\n\t\t\t\t<div id=\"ngg-image-115\" class=\"ngg-gallery-thumbnail-box \" >\n\t\t\t\t        <div class=\"ngg-gallery-thumbnail\">\n            <a href=\"https:\/\/scinawa.pl\/wp-content\/gallery\/2017-06-23-zakonczenie-roku-szkolnego\/DSC_0231.jpg\"\n               title=\"\"\n               data-src=\"https:\/\/scinawa.pl\/wp-content\/gallery\/2017-06-23-zakonczenie-roku-szkolnego\/DSC_0231.jpg\"\n               data-thumbnail=\"https:\/\/scinawa.pl\/wp-content\/gallery\/2017-06-23-zakonczenie-roku-szkolnego\/thumbs\/thumbs_DSC_0231.jpg\"\n               data-image-id=\"1986\"\n               data-title=\"DSC_0231\"\n               data-description=\"\"\n               data-image-slug=\"dsc_0231-2\"\n               class=\"ngg-fancybox\" rel=\"eda2bf7d481e730a84de8ce2c71f4d43\">\n                <img\n                    title=\"DSC_0231\"\n                    alt=\"DSC_0231\"\n                    src=\"https:\/\/scinawa.pl\/wp-content\/gallery\/2017-06-23-zakonczenie-roku-szkolnego\/thumbs\/thumbs_DSC_0231.jpg\"\n                    width=\"200\"\n                    height=\"140\"\n                    style=\"max-width:100%;\"\n                \/>\n            <\/a>\n        <\/div>\n\t\t\t\t\t\t\t<\/div> \n\t\t\t\n\t\t\t\t<div id=\"ngg-image-116\" class=\"ngg-gallery-thumbnail-box \" >\n\t\t\t\t        <div class=\"ngg-gallery-thumbnail\">\n            <a href=\"https:\/\/scinawa.pl\/wp-content\/gallery\/2017-06-23-zakonczenie-roku-szkolnego\/DSC_0233.jpg\"\n               title=\"\"\n               data-src=\"https:\/\/scinawa.pl\/wp-content\/gallery\/2017-06-23-zakonczenie-roku-szkolnego\/DSC_0233.jpg\"\n               data-thumbnail=\"https:\/\/scinawa.pl\/wp-content\/gallery\/2017-06-23-zakonczenie-roku-szkolnego\/thumbs\/thumbs_DSC_0233.jpg\"\n               data-image-id=\"1987\"\n               data-title=\"DSC_0233\"\n               data-description=\"\"\n               data-image-slug=\"dsc_0233-1\"\n               class=\"ngg-fancybox\" rel=\"eda2bf7d481e730a84de8ce2c71f4d43\">\n                <img\n                    title=\"DSC_0233\"\n                    alt=\"DSC_0233\"\n                    src=\"https:\/\/scinawa.pl\/wp-content\/gallery\/2017-06-23-zakonczenie-roku-szkolnego\/thumbs\/thumbs_DSC_0233.jpg\"\n                    width=\"200\"\n                    height=\"140\"\n                    style=\"max-width:100%;\"\n                \/>\n            <\/a>\n        <\/div>\n\t\t\t\t\t\t\t<\/div> \n\t\t\t\n\t\t\t\t<div id=\"ngg-image-117\" class=\"ngg-gallery-thumbnail-box \" >\n\t\t\t\t        <div class=\"ngg-gallery-thumbnail\">\n            <a href=\"https:\/\/scinawa.pl\/wp-content\/gallery\/2017-06-23-zakonczenie-roku-szkolnego\/DSC_0236.jpg\"\n               title=\"\"\n               data-src=\"https:\/\/scinawa.pl\/wp-content\/gallery\/2017-06-23-zakonczenie-roku-szkolnego\/DSC_0236.jpg\"\n               data-thumbnail=\"https:\/\/scinawa.pl\/wp-content\/gallery\/2017-06-23-zakonczenie-roku-szkolnego\/thumbs\/thumbs_DSC_0236.jpg\"\n               data-image-id=\"1988\"\n               data-title=\"DSC_0236\"\n               data-description=\"\"\n               data-image-slug=\"dsc_0236-1\"\n               class=\"ngg-fancybox\" rel=\"eda2bf7d481e730a84de8ce2c71f4d43\">\n                <img\n                    title=\"DSC_0236\"\n                    alt=\"DSC_0236\"\n                    src=\"https:\/\/scinawa.pl\/wp-content\/gallery\/2017-06-23-zakonczenie-roku-szkolnego\/thumbs\/thumbs_DSC_0236.jpg\"\n                    width=\"200\"\n                    height=\"140\"\n                    style=\"max-width:100%;\"\n                \/>\n            <\/a>\n        <\/div>\n\t\t\t\t\t\t\t<\/div> \n\t\t\t\n\t\t\t\t<div id=\"ngg-image-118\" class=\"ngg-gallery-thumbnail-box \" >\n\t\t\t\t        <div class=\"ngg-gallery-thumbnail\">\n            <a href=\"https:\/\/scinawa.pl\/wp-content\/gallery\/2017-06-23-zakonczenie-roku-szkolnego\/DSC_0238.jpg\"\n               title=\"\"\n               data-src=\"https:\/\/scinawa.pl\/wp-content\/gallery\/2017-06-23-zakonczenie-roku-szkolnego\/DSC_0238.jpg\"\n               data-thumbnail=\"https:\/\/scinawa.pl\/wp-content\/gallery\/2017-06-23-zakonczenie-roku-szkolnego\/thumbs\/thumbs_DSC_0238.jpg\"\n               data-image-id=\"1989\"\n               data-title=\"DSC_0238\"\n               data-description=\"\"\n               data-image-slug=\"dsc_0238-2\"\n               class=\"ngg-fancybox\" rel=\"eda2bf7d481e730a84de8ce2c71f4d43\">\n                <img\n                    title=\"DSC_0238\"\n                    alt=\"DSC_0238\"\n                    src=\"https:\/\/scinawa.pl\/wp-content\/gallery\/2017-06-23-zakonczenie-roku-szkolnego\/thumbs\/thumbs_DSC_0238.jpg\"\n                    width=\"200\"\n                    height=\"140\"\n                    style=\"max-width:100%;\"\n                \/>\n            <\/a>\n        <\/div>\n\t\t\t\t\t\t\t<\/div> \n\t\t\t\n\t\t\t\t<div id=\"ngg-image-119\" class=\"ngg-gallery-thumbnail-box \" >\n\t\t\t\t        <div class=\"ngg-gallery-thumbnail\">\n            <a href=\"https:\/\/scinawa.pl\/wp-content\/gallery\/2017-06-23-zakonczenie-roku-szkolnego\/DSC_0242.jpg\"\n               title=\"\"\n               data-src=\"https:\/\/scinawa.pl\/wp-content\/gallery\/2017-06-23-zakonczenie-roku-szkolnego\/DSC_0242.jpg\"\n               data-thumbnail=\"https:\/\/scinawa.pl\/wp-content\/gallery\/2017-06-23-zakonczenie-roku-szkolnego\/thumbs\/thumbs_DSC_0242.jpg\"\n               data-image-id=\"1990\"\n               data-title=\"DSC_0242\"\n               data-description=\"\"\n               data-image-slug=\"dsc_0242-2\"\n               class=\"ngg-fancybox\" rel=\"eda2bf7d481e730a84de8ce2c71f4d43\">\n                <img\n                    title=\"DSC_0242\"\n                    alt=\"DSC_0242\"\n                    src=\"https:\/\/scinawa.pl\/wp-content\/gallery\/2017-06-23-zakonczenie-roku-szkolnego\/thumbs\/thumbs_DSC_0242.jpg\"\n                    width=\"200\"\n                    height=\"140\"\n                    style=\"max-width:100%;\"\n                \/>\n            <\/a>\n        <\/div>\n\t\t\t\t\t\t\t<\/div> \n\t\t\t\n\t\t\t\t<div id=\"ngg-image-120\" class=\"ngg-gallery-thumbnail-box \" >\n\t\t\t\t        <div class=\"ngg-gallery-thumbnail\">\n            <a href=\"https:\/\/scinawa.pl\/wp-content\/gallery\/2017-06-23-zakonczenie-roku-szkolnego\/DSC_0244.jpg\"\n               title=\"\"\n               data-src=\"https:\/\/scinawa.pl\/wp-content\/gallery\/2017-06-23-zakonczenie-roku-szkolnego\/DSC_0244.jpg\"\n               data-thumbnail=\"https:\/\/scinawa.pl\/wp-content\/gallery\/2017-06-23-zakonczenie-roku-szkolnego\/thumbs\/thumbs_DSC_0244.jpg\"\n               data-image-id=\"1991\"\n               data-title=\"DSC_0244\"\n               data-description=\"\"\n               data-image-slug=\"dsc_0244-2\"\n               class=\"ngg-fancybox\" rel=\"eda2bf7d481e730a84de8ce2c71f4d43\">\n                <img\n                    title=\"DSC_0244\"\n                    alt=\"DSC_0244\"\n                    src=\"https:\/\/scinawa.pl\/wp-content\/gallery\/2017-06-23-zakonczenie-roku-szkolnego\/thumbs\/thumbs_DSC_0244.jpg\"\n                    width=\"200\"\n                    height=\"140\"\n                    style=\"max-width:100%;\"\n                \/>\n            <\/a>\n        <\/div>\n\t\t\t\t\t\t\t<\/div> \n\t\t\t\n\t\t\t\t<div id=\"ngg-image-121\" class=\"ngg-gallery-thumbnail-box \" >\n\t\t\t\t        <div class=\"ngg-gallery-thumbnail\">\n            <a href=\"https:\/\/scinawa.pl\/wp-content\/gallery\/2017-06-23-zakonczenie-roku-szkolnego\/DSC_0245.jpg\"\n               title=\"\"\n               data-src=\"https:\/\/scinawa.pl\/wp-content\/gallery\/2017-06-23-zakonczenie-roku-szkolnego\/DSC_0245.jpg\"\n               data-thumbnail=\"https:\/\/scinawa.pl\/wp-content\/gallery\/2017-06-23-zakonczenie-roku-szkolnego\/thumbs\/thumbs_DSC_0245.jpg\"\n               data-image-id=\"1992\"\n               data-title=\"DSC_0245\"\n               data-description=\"\"\n               data-image-slug=\"dsc_0245-4\"\n               class=\"ngg-fancybox\" rel=\"eda2bf7d481e730a84de8ce2c71f4d43\">\n                <img\n                    title=\"DSC_0245\"\n                    alt=\"DSC_0245\"\n                    src=\"https:\/\/scinawa.pl\/wp-content\/gallery\/2017-06-23-zakonczenie-roku-szkolnego\/thumbs\/thumbs_DSC_0245.jpg\"\n                    width=\"200\"\n                    height=\"140\"\n                    style=\"max-width:100%;\"\n                \/>\n            <\/a>\n        <\/div>\n\t\t\t\t\t\t\t<\/div> \n\t\t\t\n\t\t\t\t<div id=\"ngg-image-122\" class=\"ngg-gallery-thumbnail-box \" >\n\t\t\t\t        <div class=\"ngg-gallery-thumbnail\">\n            <a href=\"https:\/\/scinawa.pl\/wp-content\/gallery\/2017-06-23-zakonczenie-roku-szkolnego\/DSC_0248.jpg\"\n               title=\"\"\n               data-src=\"https:\/\/scinawa.pl\/wp-content\/gallery\/2017-06-23-zakonczenie-roku-szkolnego\/DSC_0248.jpg\"\n               data-thumbnail=\"https:\/\/scinawa.pl\/wp-content\/gallery\/2017-06-23-zakonczenie-roku-szkolnego\/thumbs\/thumbs_DSC_0248.jpg\"\n               data-image-id=\"1993\"\n               data-title=\"DSC_0248\"\n               data-description=\"\"\n               data-image-slug=\"dsc_0248-1\"\n               class=\"ngg-fancybox\" rel=\"eda2bf7d481e730a84de8ce2c71f4d43\">\n                <img\n                    title=\"DSC_0248\"\n                    alt=\"DSC_0248\"\n                    src=\"https:\/\/scinawa.pl\/wp-content\/gallery\/2017-06-23-zakonczenie-roku-szkolnego\/thumbs\/thumbs_DSC_0248.jpg\"\n                    width=\"200\"\n                    height=\"140\"\n                    style=\"max-width:100%;\"\n                \/>\n            <\/a>\n        <\/div>\n\t\t\t\t\t\t\t<\/div> \n\t\t\t\n\t\t\t\t<div id=\"ngg-image-123\" class=\"ngg-gallery-thumbnail-box \" >\n\t\t\t\t        <div class=\"ngg-gallery-thumbnail\">\n            <a href=\"https:\/\/scinawa.pl\/wp-content\/gallery\/2017-06-23-zakonczenie-roku-szkolnego\/DSC_0250.jpg\"\n               title=\"\"\n               data-src=\"https:\/\/scinawa.pl\/wp-content\/gallery\/2017-06-23-zakonczenie-roku-szkolnego\/DSC_0250.jpg\"\n               data-thumbnail=\"https:\/\/scinawa.pl\/wp-content\/gallery\/2017-06-23-zakonczenie-roku-szkolnego\/thumbs\/thumbs_DSC_0250.jpg\"\n               data-image-id=\"1994\"\n               data-title=\"DSC_0250\"\n               data-description=\"\"\n               data-image-slug=\"dsc_0250-3\"\n               class=\"ngg-fancybox\" rel=\"eda2bf7d481e730a84de8ce2c71f4d43\">\n                <img\n                    title=\"DSC_0250\"\n                    alt=\"DSC_0250\"\n                    src=\"https:\/\/scinawa.pl\/wp-content\/gallery\/2017-06-23-zakonczenie-roku-szkolnego\/thumbs\/thumbs_DSC_0250.jpg\"\n                    width=\"200\"\n                    height=\"140\"\n                    style=\"max-width:100%;\"\n                \/>\n            <\/a>\n        <\/div>\n\t\t\t\t\t\t\t<\/div> \n\t\t\t\n\t\t\t\t<div id=\"ngg-image-124\" class=\"ngg-gallery-thumbnail-box \" >\n\t\t\t\t        <div class=\"ngg-gallery-thumbnail\">\n            <a href=\"https:\/\/scinawa.pl\/wp-content\/gallery\/2017-06-23-zakonczenie-roku-szkolnego\/DSC_0251.jpg\"\n               title=\"\"\n               data-src=\"https:\/\/scinawa.pl\/wp-content\/gallery\/2017-06-23-zakonczenie-roku-szkolnego\/DSC_0251.jpg\"\n               data-thumbnail=\"https:\/\/scinawa.pl\/wp-content\/gallery\/2017-06-23-zakonczenie-roku-szkolnego\/thumbs\/thumbs_DSC_0251.jpg\"\n               data-image-id=\"1995\"\n               data-title=\"DSC_0251\"\n               data-description=\"\"\n               data-image-slug=\"dsc_0251-3\"\n               class=\"ngg-fancybox\" rel=\"eda2bf7d481e730a84de8ce2c71f4d43\">\n                <img\n                    title=\"DSC_0251\"\n                    alt=\"DSC_0251\"\n                    src=\"https:\/\/scinawa.pl\/wp-content\/gallery\/2017-06-23-zakonczenie-roku-szkolnego\/thumbs\/thumbs_DSC_0251.jpg\"\n                    width=\"200\"\n                    height=\"140\"\n                    style=\"max-width:100%;\"\n                \/>\n            <\/a>\n        <\/div>\n\t\t\t\t\t\t\t<\/div> \n\t\t\t\n\t\t\t\t<div id=\"ngg-image-125\" class=\"ngg-gallery-thumbnail-box \" >\n\t\t\t\t        <div class=\"ngg-gallery-thumbnail\">\n            <a href=\"https:\/\/scinawa.pl\/wp-content\/gallery\/2017-06-23-zakonczenie-roku-szkolnego\/DSC_0254.jpg\"\n               title=\"\"\n               data-src=\"https:\/\/scinawa.pl\/wp-content\/gallery\/2017-06-23-zakonczenie-roku-szkolnego\/DSC_0254.jpg\"\n               data-thumbnail=\"https:\/\/scinawa.pl\/wp-content\/gallery\/2017-06-23-zakonczenie-roku-szkolnego\/thumbs\/thumbs_DSC_0254.jpg\"\n               data-image-id=\"1996\"\n               data-title=\"DSC_0254\"\n               data-description=\"\"\n               data-image-slug=\"dsc_0254-2\"\n               class=\"ngg-fancybox\" rel=\"eda2bf7d481e730a84de8ce2c71f4d43\">\n                <img\n                    title=\"DSC_0254\"\n                    alt=\"DSC_0254\"\n                    src=\"https:\/\/scinawa.pl\/wp-content\/gallery\/2017-06-23-zakonczenie-roku-szkolnego\/thumbs\/thumbs_DSC_0254.jpg\"\n                    width=\"200\"\n                    height=\"140\"\n                    style=\"max-width:100%;\"\n                \/>\n            <\/a>\n        <\/div>\n\t\t\t\t\t\t\t<\/div> \n\t\t\t\n\t\t\t\t<div id=\"ngg-image-126\" class=\"ngg-gallery-thumbnail-box \" >\n\t\t\t\t        <div class=\"ngg-gallery-thumbnail\">\n            <a href=\"https:\/\/scinawa.pl\/wp-content\/gallery\/2017-06-23-zakonczenie-roku-szkolnego\/DSC_0256.jpg\"\n               title=\"\"\n               data-src=\"https:\/\/scinawa.pl\/wp-content\/gallery\/2017-06-23-zakonczenie-roku-szkolnego\/DSC_0256.jpg\"\n               data-thumbnail=\"https:\/\/scinawa.pl\/wp-content\/gallery\/2017-06-23-zakonczenie-roku-szkolnego\/thumbs\/thumbs_DSC_0256.jpg\"\n               data-image-id=\"1997\"\n               data-title=\"DSC_0256\"\n               data-description=\"\"\n               data-image-slug=\"dsc_0256-2\"\n               class=\"ngg-fancybox\" rel=\"eda2bf7d481e730a84de8ce2c71f4d43\">\n                <img\n                    title=\"DSC_0256\"\n                    alt=\"DSC_0256\"\n                    src=\"https:\/\/scinawa.pl\/wp-content\/gallery\/2017-06-23-zakonczenie-roku-szkolnego\/thumbs\/thumbs_DSC_0256.jpg\"\n                    width=\"200\"\n                    height=\"140\"\n                    style=\"max-width:100%;\"\n                \/>\n            <\/a>\n        <\/div>\n\t\t\t\t\t\t\t<\/div> \n\t\t\t\n\t\t\t\t<div id=\"ngg-image-127\" class=\"ngg-gallery-thumbnail-box \" >\n\t\t\t\t        <div class=\"ngg-gallery-thumbnail\">\n            <a href=\"https:\/\/scinawa.pl\/wp-content\/gallery\/2017-06-23-zakonczenie-roku-szkolnego\/DSC_0257.jpg\"\n               title=\"\"\n               data-src=\"https:\/\/scinawa.pl\/wp-content\/gallery\/2017-06-23-zakonczenie-roku-szkolnego\/DSC_0257.jpg\"\n               data-thumbnail=\"https:\/\/scinawa.pl\/wp-content\/gallery\/2017-06-23-zakonczenie-roku-szkolnego\/thumbs\/thumbs_DSC_0257.jpg\"\n               data-image-id=\"1998\"\n               data-title=\"DSC_0257\"\n               data-description=\"\"\n               data-image-slug=\"dsc_0257-3\"\n               class=\"ngg-fancybox\" rel=\"eda2bf7d481e730a84de8ce2c71f4d43\">\n                <img\n                    title=\"DSC_0257\"\n                    alt=\"DSC_0257\"\n                    src=\"https:\/\/scinawa.pl\/wp-content\/gallery\/2017-06-23-zakonczenie-roku-szkolnego\/thumbs\/thumbs_DSC_0257.jpg\"\n                    width=\"200\"\n                    height=\"140\"\n                    style=\"max-width:100%;\"\n                \/>\n            <\/a>\n        <\/div>\n\t\t\t\t\t\t\t<\/div> \n\t\t\t\n\t\t\t\t<div id=\"ngg-image-128\" class=\"ngg-gallery-thumbnail-box \" >\n\t\t\t\t        <div class=\"ngg-gallery-thumbnail\">\n            <a href=\"https:\/\/scinawa.pl\/wp-content\/gallery\/2017-06-23-zakonczenie-roku-szkolnego\/DSC_0259.jpg\"\n               title=\"\"\n               data-src=\"https:\/\/scinawa.pl\/wp-content\/gallery\/2017-06-23-zakonczenie-roku-szkolnego\/DSC_0259.jpg\"\n               data-thumbnail=\"https:\/\/scinawa.pl\/wp-content\/gallery\/2017-06-23-zakonczenie-roku-szkolnego\/thumbs\/thumbs_DSC_0259.jpg\"\n               data-image-id=\"1999\"\n               data-title=\"DSC_0259\"\n               data-description=\"\"\n               data-image-slug=\"dsc_0259-3\"\n               class=\"ngg-fancybox\" rel=\"eda2bf7d481e730a84de8ce2c71f4d43\">\n                <img\n                    title=\"DSC_0259\"\n                    alt=\"DSC_0259\"\n                    src=\"https:\/\/scinawa.pl\/wp-content\/gallery\/2017-06-23-zakonczenie-roku-szkolnego\/thumbs\/thumbs_DSC_0259.jpg\"\n                    width=\"200\"\n                    height=\"140\"\n                    style=\"max-width:100%;\"\n                \/>\n            <\/a>\n        <\/div>\n\t\t\t\t\t\t\t<\/div> \n\t\t\t\n\t\t\t\t<div id=\"ngg-image-129\" class=\"ngg-gallery-thumbnail-box \" >\n\t\t\t\t        <div class=\"ngg-gallery-thumbnail\">\n            <a href=\"https:\/\/scinawa.pl\/wp-content\/gallery\/2017-06-23-zakonczenie-roku-szkolnego\/DSC_0262.jpg\"\n               title=\"\"\n               data-src=\"https:\/\/scinawa.pl\/wp-content\/gallery\/2017-06-23-zakonczenie-roku-szkolnego\/DSC_0262.jpg\"\n               data-thumbnail=\"https:\/\/scinawa.pl\/wp-content\/gallery\/2017-06-23-zakonczenie-roku-szkolnego\/thumbs\/thumbs_DSC_0262.jpg\"\n               data-image-id=\"2000\"\n               data-title=\"DSC_0262\"\n               data-description=\"\"\n               data-image-slug=\"dsc_0262-2\"\n               class=\"ngg-fancybox\" rel=\"eda2bf7d481e730a84de8ce2c71f4d43\">\n                <img\n                    title=\"DSC_0262\"\n                    alt=\"DSC_0262\"\n                    src=\"https:\/\/scinawa.pl\/wp-content\/gallery\/2017-06-23-zakonczenie-roku-szkolnego\/thumbs\/thumbs_DSC_0262.jpg\"\n                    width=\"200\"\n                    height=\"140\"\n                    style=\"max-width:100%;\"\n                \/>\n            <\/a>\n        <\/div>\n\t\t\t\t\t\t\t<\/div> \n\t\t\t\n\t\t\t\t<div id=\"ngg-image-130\" class=\"ngg-gallery-thumbnail-box \" >\n\t\t\t\t        <div class=\"ngg-gallery-thumbnail\">\n            <a href=\"https:\/\/scinawa.pl\/wp-content\/gallery\/2017-06-23-zakonczenie-roku-szkolnego\/DSC_0264.jpg\"\n               title=\"\"\n               data-src=\"https:\/\/scinawa.pl\/wp-content\/gallery\/2017-06-23-zakonczenie-roku-szkolnego\/DSC_0264.jpg\"\n               data-thumbnail=\"https:\/\/scinawa.pl\/wp-content\/gallery\/2017-06-23-zakonczenie-roku-szkolnego\/thumbs\/thumbs_DSC_0264.jpg\"\n               data-image-id=\"2001\"\n               data-title=\"DSC_0264\"\n               data-description=\"\"\n               data-image-slug=\"dsc_0264\"\n               class=\"ngg-fancybox\" rel=\"eda2bf7d481e730a84de8ce2c71f4d43\">\n                <img\n                    title=\"DSC_0264\"\n                    alt=\"DSC_0264\"\n                    src=\"https:\/\/scinawa.pl\/wp-content\/gallery\/2017-06-23-zakonczenie-roku-szkolnego\/thumbs\/thumbs_DSC_0264.jpg\"\n                    width=\"200\"\n                    height=\"140\"\n                    style=\"max-width:100%;\"\n                \/>\n            <\/a>\n        <\/div>\n\t\t\t\t\t\t\t<\/div> \n\t\t\t\n\t\t\t\t<div id=\"ngg-image-131\" class=\"ngg-gallery-thumbnail-box \" >\n\t\t\t\t        <div class=\"ngg-gallery-thumbnail\">\n            <a href=\"https:\/\/scinawa.pl\/wp-content\/gallery\/2017-06-23-zakonczenie-roku-szkolnego\/DSC_0265.jpg\"\n               title=\"\"\n               data-src=\"https:\/\/scinawa.pl\/wp-content\/gallery\/2017-06-23-zakonczenie-roku-szkolnego\/DSC_0265.jpg\"\n               data-thumbnail=\"https:\/\/scinawa.pl\/wp-content\/gallery\/2017-06-23-zakonczenie-roku-szkolnego\/thumbs\/thumbs_DSC_0265.jpg\"\n               data-image-id=\"2002\"\n               data-title=\"DSC_0265\"\n               data-description=\"\"\n               data-image-slug=\"dsc_0265-1\"\n               class=\"ngg-fancybox\" rel=\"eda2bf7d481e730a84de8ce2c71f4d43\">\n                <img\n                    title=\"DSC_0265\"\n                    alt=\"DSC_0265\"\n                    src=\"https:\/\/scinawa.pl\/wp-content\/gallery\/2017-06-23-zakonczenie-roku-szkolnego\/thumbs\/thumbs_DSC_0265.jpg\"\n                    width=\"200\"\n                    height=\"140\"\n                    style=\"max-width:100%;\"\n                \/>\n            <\/a>\n        <\/div>\n\t\t\t\t\t\t\t<\/div> \n\t\t\t\n\t\t\t\t<div id=\"ngg-image-132\" class=\"ngg-gallery-thumbnail-box \" >\n\t\t\t\t        <div class=\"ngg-gallery-thumbnail\">\n            <a href=\"https:\/\/scinawa.pl\/wp-content\/gallery\/2017-06-23-zakonczenie-roku-szkolnego\/DSC_0266.jpg\"\n               title=\"\"\n               data-src=\"https:\/\/scinawa.pl\/wp-content\/gallery\/2017-06-23-zakonczenie-roku-szkolnego\/DSC_0266.jpg\"\n               data-thumbnail=\"https:\/\/scinawa.pl\/wp-content\/gallery\/2017-06-23-zakonczenie-roku-szkolnego\/thumbs\/thumbs_DSC_0266.jpg\"\n               data-image-id=\"2003\"\n               data-title=\"DSC_0266\"\n               data-description=\"\"\n               data-image-slug=\"dsc_0266\"\n               class=\"ngg-fancybox\" rel=\"eda2bf7d481e730a84de8ce2c71f4d43\">\n                <img\n                    title=\"DSC_0266\"\n                    alt=\"DSC_0266\"\n                    src=\"https:\/\/scinawa.pl\/wp-content\/gallery\/2017-06-23-zakonczenie-roku-szkolnego\/thumbs\/thumbs_DSC_0266.jpg\"\n                    width=\"200\"\n                    height=\"140\"\n                    style=\"max-width:100%;\"\n                \/>\n            <\/a>\n        <\/div>\n\t\t\t\t\t\t\t<\/div> \n\t\t\t\n\t\t\t\t<div id=\"ngg-image-133\" class=\"ngg-gallery-thumbnail-box \" >\n\t\t\t\t        <div class=\"ngg-gallery-thumbnail\">\n            <a href=\"https:\/\/scinawa.pl\/wp-content\/gallery\/2017-06-23-zakonczenie-roku-szkolnego\/DSC_0268.jpg\"\n               title=\"\"\n               data-src=\"https:\/\/scinawa.pl\/wp-content\/gallery\/2017-06-23-zakonczenie-roku-szkolnego\/DSC_0268.jpg\"\n               data-thumbnail=\"https:\/\/scinawa.pl\/wp-content\/gallery\/2017-06-23-zakonczenie-roku-szkolnego\/thumbs\/thumbs_DSC_0268.jpg\"\n               data-image-id=\"2004\"\n               data-title=\"DSC_0268\"\n               data-description=\"\"\n               data-image-slug=\"dsc_0268-1\"\n               class=\"ngg-fancybox\" rel=\"eda2bf7d481e730a84de8ce2c71f4d43\">\n                <img\n                    title=\"DSC_0268\"\n                    alt=\"DSC_0268\"\n                    src=\"https:\/\/scinawa.pl\/wp-content\/gallery\/2017-06-23-zakonczenie-roku-szkolnego\/thumbs\/thumbs_DSC_0268.jpg\"\n                    width=\"200\"\n                    height=\"140\"\n                    style=\"max-width:100%;\"\n                \/>\n            <\/a>\n        <\/div>\n\t\t\t\t\t\t\t<\/div> \n\t\t\t\n\t\t\t\t<div id=\"ngg-image-134\" class=\"ngg-gallery-thumbnail-box \" >\n\t\t\t\t        <div class=\"ngg-gallery-thumbnail\">\n            <a href=\"https:\/\/scinawa.pl\/wp-content\/gallery\/2017-06-23-zakonczenie-roku-szkolnego\/DSC_0269.jpg\"\n               title=\"\"\n               data-src=\"https:\/\/scinawa.pl\/wp-content\/gallery\/2017-06-23-zakonczenie-roku-szkolnego\/DSC_0269.jpg\"\n               data-thumbnail=\"https:\/\/scinawa.pl\/wp-content\/gallery\/2017-06-23-zakonczenie-roku-szkolnego\/thumbs\/thumbs_DSC_0269.jpg\"\n               data-image-id=\"2005\"\n               data-title=\"DSC_0269\"\n               data-description=\"\"\n               data-image-slug=\"dsc_0269-1\"\n               class=\"ngg-fancybox\" rel=\"eda2bf7d481e730a84de8ce2c71f4d43\">\n                <img\n                    title=\"DSC_0269\"\n                    alt=\"DSC_0269\"\n                    src=\"https:\/\/scinawa.pl\/wp-content\/gallery\/2017-06-23-zakonczenie-roku-szkolnego\/thumbs\/thumbs_DSC_0269.jpg\"\n                    width=\"200\"\n                    height=\"140\"\n                    style=\"max-width:100%;\"\n                \/>\n            <\/a>\n        <\/div>\n\t\t\t\t\t\t\t<\/div> \n\t\t\t\n\t\t\t\t<div id=\"ngg-image-135\" class=\"ngg-gallery-thumbnail-box \" >\n\t\t\t\t        <div class=\"ngg-gallery-thumbnail\">\n            <a href=\"https:\/\/scinawa.pl\/wp-content\/gallery\/2017-06-23-zakonczenie-roku-szkolnego\/DSC_0271.jpg\"\n               title=\"\"\n               data-src=\"https:\/\/scinawa.pl\/wp-content\/gallery\/2017-06-23-zakonczenie-roku-szkolnego\/DSC_0271.jpg\"\n               data-thumbnail=\"https:\/\/scinawa.pl\/wp-content\/gallery\/2017-06-23-zakonczenie-roku-szkolnego\/thumbs\/thumbs_DSC_0271.jpg\"\n               data-image-id=\"2006\"\n               data-title=\"DSC_0271\"\n               data-description=\"\"\n               data-image-slug=\"dsc_0271-2\"\n               class=\"ngg-fancybox\" rel=\"eda2bf7d481e730a84de8ce2c71f4d43\">\n                <img\n                    title=\"DSC_0271\"\n                    alt=\"DSC_0271\"\n                    src=\"https:\/\/scinawa.pl\/wp-content\/gallery\/2017-06-23-zakonczenie-roku-szkolnego\/thumbs\/thumbs_DSC_0271.jpg\"\n                    width=\"200\"\n                    height=\"140\"\n                    style=\"max-width:100%;\"\n                \/>\n            <\/a>\n        <\/div>\n\t\t\t\t\t\t\t<\/div> \n\t\t\t\n\t\t\t\t<div id=\"ngg-image-136\" class=\"ngg-gallery-thumbnail-box \" >\n\t\t\t\t        <div class=\"ngg-gallery-thumbnail\">\n            <a href=\"https:\/\/scinawa.pl\/wp-content\/gallery\/2017-06-23-zakonczenie-roku-szkolnego\/DSC_0272.jpg\"\n               title=\"\"\n               data-src=\"https:\/\/scinawa.pl\/wp-content\/gallery\/2017-06-23-zakonczenie-roku-szkolnego\/DSC_0272.jpg\"\n               data-thumbnail=\"https:\/\/scinawa.pl\/wp-content\/gallery\/2017-06-23-zakonczenie-roku-szkolnego\/thumbs\/thumbs_DSC_0272.jpg\"\n               data-image-id=\"2007\"\n               data-title=\"DSC_0272\"\n               data-description=\"\"\n               data-image-slug=\"dsc_0272-2\"\n               class=\"ngg-fancybox\" rel=\"eda2bf7d481e730a84de8ce2c71f4d43\">\n                <img\n                    title=\"DSC_0272\"\n                    alt=\"DSC_0272\"\n                    src=\"https:\/\/scinawa.pl\/wp-content\/gallery\/2017-06-23-zakonczenie-roku-szkolnego\/thumbs\/thumbs_DSC_0272.jpg\"\n                    width=\"200\"\n                    height=\"140\"\n                    style=\"max-width:100%;\"\n                \/>\n            <\/a>\n        <\/div>\n\t\t\t\t\t\t\t<\/div> \n\t\t\t\n\t\t\t\t<div id=\"ngg-image-137\" class=\"ngg-gallery-thumbnail-box \" >\n\t\t\t\t        <div class=\"ngg-gallery-thumbnail\">\n            <a href=\"https:\/\/scinawa.pl\/wp-content\/gallery\/2017-06-23-zakonczenie-roku-szkolnego\/DSC_0273.jpg\"\n               title=\"\"\n               data-src=\"https:\/\/scinawa.pl\/wp-content\/gallery\/2017-06-23-zakonczenie-roku-szkolnego\/DSC_0273.jpg\"\n               data-thumbnail=\"https:\/\/scinawa.pl\/wp-content\/gallery\/2017-06-23-zakonczenie-roku-szkolnego\/thumbs\/thumbs_DSC_0273.jpg\"\n               data-image-id=\"2008\"\n               data-title=\"DSC_0273\"\n               data-description=\"\"\n               data-image-slug=\"dsc_0273-1\"\n               class=\"ngg-fancybox\" rel=\"eda2bf7d481e730a84de8ce2c71f4d43\">\n                <img\n                    title=\"DSC_0273\"\n                    alt=\"DSC_0273\"\n                    src=\"https:\/\/scinawa.pl\/wp-content\/gallery\/2017-06-23-zakonczenie-roku-szkolnego\/thumbs\/thumbs_DSC_0273.jpg\"\n                    width=\"200\"\n                    height=\"140\"\n                    style=\"max-width:100%;\"\n                \/>\n            <\/a>\n        <\/div>\n\t\t\t\t\t\t\t<\/div> \n\t\t\t\n\t\t\t\t<div id=\"ngg-image-138\" class=\"ngg-gallery-thumbnail-box \" >\n\t\t\t\t        <div class=\"ngg-gallery-thumbnail\">\n            <a href=\"https:\/\/scinawa.pl\/wp-content\/gallery\/2017-06-23-zakonczenie-roku-szkolnego\/DSC_0274.jpg\"\n               title=\"\"\n               data-src=\"https:\/\/scinawa.pl\/wp-content\/gallery\/2017-06-23-zakonczenie-roku-szkolnego\/DSC_0274.jpg\"\n               data-thumbnail=\"https:\/\/scinawa.pl\/wp-content\/gallery\/2017-06-23-zakonczenie-roku-szkolnego\/thumbs\/thumbs_DSC_0274.jpg\"\n               data-image-id=\"2009\"\n               data-title=\"DSC_0274\"\n               data-description=\"\"\n               data-image-slug=\"dsc_0274\"\n               class=\"ngg-fancybox\" rel=\"eda2bf7d481e730a84de8ce2c71f4d43\">\n                <img\n                    title=\"DSC_0274\"\n                    alt=\"DSC_0274\"\n                    src=\"https:\/\/scinawa.pl\/wp-content\/gallery\/2017-06-23-zakonczenie-roku-szkolnego\/thumbs\/thumbs_DSC_0274.jpg\"\n                    width=\"200\"\n                    height=\"140\"\n                    style=\"max-width:100%;\"\n                \/>\n            <\/a>\n        <\/div>\n\t\t\t\t\t\t\t<\/div> \n\t\t\t\n\t\t\t\t<div id=\"ngg-image-139\" class=\"ngg-gallery-thumbnail-box \" >\n\t\t\t\t        <div class=\"ngg-gallery-thumbnail\">\n            <a href=\"https:\/\/scinawa.pl\/wp-content\/gallery\/2017-06-23-zakonczenie-roku-szkolnego\/DSC_0276.jpg\"\n               title=\"\"\n               data-src=\"https:\/\/scinawa.pl\/wp-content\/gallery\/2017-06-23-zakonczenie-roku-szkolnego\/DSC_0276.jpg\"\n               data-thumbnail=\"https:\/\/scinawa.pl\/wp-content\/gallery\/2017-06-23-zakonczenie-roku-szkolnego\/thumbs\/thumbs_DSC_0276.jpg\"\n               data-image-id=\"2010\"\n               data-title=\"DSC_0276\"\n               data-description=\"\"\n               data-image-slug=\"dsc_0276\"\n               class=\"ngg-fancybox\" rel=\"eda2bf7d481e730a84de8ce2c71f4d43\">\n                <img\n                    title=\"DSC_0276\"\n                    alt=\"DSC_0276\"\n                    src=\"https:\/\/scinawa.pl\/wp-content\/gallery\/2017-06-23-zakonczenie-roku-szkolnego\/thumbs\/thumbs_DSC_0276.jpg\"\n                    width=\"200\"\n                    height=\"140\"\n                    style=\"max-width:100%;\"\n                \/>\n            <\/a>\n        <\/div>\n\t\t\t\t\t\t\t<\/div> \n\t\t\t\n\t\t\t\t<div id=\"ngg-image-140\" class=\"ngg-gallery-thumbnail-box \" >\n\t\t\t\t        <div class=\"ngg-gallery-thumbnail\">\n            <a href=\"https:\/\/scinawa.pl\/wp-content\/gallery\/2017-06-23-zakonczenie-roku-szkolnego\/DSC_0277.jpg\"\n               title=\"\"\n               data-src=\"https:\/\/scinawa.pl\/wp-content\/gallery\/2017-06-23-zakonczenie-roku-szkolnego\/DSC_0277.jpg\"\n               data-thumbnail=\"https:\/\/scinawa.pl\/wp-content\/gallery\/2017-06-23-zakonczenie-roku-szkolnego\/thumbs\/thumbs_DSC_0277.jpg\"\n               data-image-id=\"2011\"\n               data-title=\"DSC_0277\"\n               data-description=\"\"\n               data-image-slug=\"dsc_0277-1\"\n               class=\"ngg-fancybox\" rel=\"eda2bf7d481e730a84de8ce2c71f4d43\">\n                <img\n                    title=\"DSC_0277\"\n                    alt=\"DSC_0277\"\n                    src=\"https:\/\/scinawa.pl\/wp-content\/gallery\/2017-06-23-zakonczenie-roku-szkolnego\/thumbs\/thumbs_DSC_0277.jpg\"\n                    width=\"200\"\n                    height=\"140\"\n                    style=\"max-width:100%;\"\n                \/>\n            <\/a>\n        <\/div>\n\t\t\t\t\t\t\t<\/div> \n\t\t\t\n\t\t\t\t<div id=\"ngg-image-141\" class=\"ngg-gallery-thumbnail-box \" >\n\t\t\t\t        <div class=\"ngg-gallery-thumbnail\">\n            <a href=\"https:\/\/scinawa.pl\/wp-content\/gallery\/2017-06-23-zakonczenie-roku-szkolnego\/DSC_0278.jpg\"\n               title=\"\"\n               data-src=\"https:\/\/scinawa.pl\/wp-content\/gallery\/2017-06-23-zakonczenie-roku-szkolnego\/DSC_0278.jpg\"\n               data-thumbnail=\"https:\/\/scinawa.pl\/wp-content\/gallery\/2017-06-23-zakonczenie-roku-szkolnego\/thumbs\/thumbs_DSC_0278.jpg\"\n               data-image-id=\"2012\"\n               data-title=\"DSC_0278\"\n               data-description=\"\"\n               data-image-slug=\"dsc_0278-3\"\n               class=\"ngg-fancybox\" rel=\"eda2bf7d481e730a84de8ce2c71f4d43\">\n                <img\n                    title=\"DSC_0278\"\n                    alt=\"DSC_0278\"\n                    src=\"https:\/\/scinawa.pl\/wp-content\/gallery\/2017-06-23-zakonczenie-roku-szkolnego\/thumbs\/thumbs_DSC_0278.jpg\"\n                    width=\"200\"\n                    height=\"140\"\n                    style=\"max-width:100%;\"\n                \/>\n            <\/a>\n        <\/div>\n\t\t\t\t\t\t\t<\/div> \n\t\t\t\n\t\t\t\t<div id=\"ngg-image-142\" class=\"ngg-gallery-thumbnail-box \" >\n\t\t\t\t        <div class=\"ngg-gallery-thumbnail\">\n            <a href=\"https:\/\/scinawa.pl\/wp-content\/gallery\/2017-06-23-zakonczenie-roku-szkolnego\/DSC_0279.jpg\"\n               title=\"\"\n               data-src=\"https:\/\/scinawa.pl\/wp-content\/gallery\/2017-06-23-zakonczenie-roku-szkolnego\/DSC_0279.jpg\"\n               data-thumbnail=\"https:\/\/scinawa.pl\/wp-content\/gallery\/2017-06-23-zakonczenie-roku-szkolnego\/thumbs\/thumbs_DSC_0279.jpg\"\n               data-image-id=\"2013\"\n               data-title=\"DSC_0279\"\n               data-description=\"\"\n               data-image-slug=\"dsc_0279\"\n               class=\"ngg-fancybox\" rel=\"eda2bf7d481e730a84de8ce2c71f4d43\">\n                <img\n                    title=\"DSC_0279\"\n                    alt=\"DSC_0279\"\n                    src=\"https:\/\/scinawa.pl\/wp-content\/gallery\/2017-06-23-zakonczenie-roku-szkolnego\/thumbs\/thumbs_DSC_0279.jpg\"\n                    width=\"200\"\n                    height=\"140\"\n                    style=\"max-width:100%;\"\n                \/>\n            <\/a>\n        <\/div>\n\t\t\t\t\t\t\t<\/div> \n\t\t\t\n\t\t\t\t<div id=\"ngg-image-143\" class=\"ngg-gallery-thumbnail-box \" >\n\t\t\t\t        <div class=\"ngg-gallery-thumbnail\">\n            <a href=\"https:\/\/scinawa.pl\/wp-content\/gallery\/2017-06-23-zakonczenie-roku-szkolnego\/DSC_0280.jpg\"\n               title=\"\"\n               data-src=\"https:\/\/scinawa.pl\/wp-content\/gallery\/2017-06-23-zakonczenie-roku-szkolnego\/DSC_0280.jpg\"\n               data-thumbnail=\"https:\/\/scinawa.pl\/wp-content\/gallery\/2017-06-23-zakonczenie-roku-szkolnego\/thumbs\/thumbs_DSC_0280.jpg\"\n               data-image-id=\"2014\"\n               data-title=\"DSC_0280\"\n               data-description=\"\"\n               data-image-slug=\"dsc_0280-2\"\n               class=\"ngg-fancybox\" rel=\"eda2bf7d481e730a84de8ce2c71f4d43\">\n                <img\n                    title=\"DSC_0280\"\n                    alt=\"DSC_0280\"\n                    src=\"https:\/\/scinawa.pl\/wp-content\/gallery\/2017-06-23-zakonczenie-roku-szkolnego\/thumbs\/thumbs_DSC_0280.jpg\"\n                    width=\"200\"\n                    height=\"140\"\n                    style=\"max-width:100%;\"\n                \/>\n            <\/a>\n        <\/div>\n\t\t\t\t\t\t\t<\/div> \n\t\t\t\n\t\t\t\t<div id=\"ngg-image-144\" class=\"ngg-gallery-thumbnail-box \" >\n\t\t\t\t        <div class=\"ngg-gallery-thumbnail\">\n            <a href=\"https:\/\/scinawa.pl\/wp-content\/gallery\/2017-06-23-zakonczenie-roku-szkolnego\/DSC_0281.jpg\"\n               title=\"\"\n               data-src=\"https:\/\/scinawa.pl\/wp-content\/gallery\/2017-06-23-zakonczenie-roku-szkolnego\/DSC_0281.jpg\"\n               data-thumbnail=\"https:\/\/scinawa.pl\/wp-content\/gallery\/2017-06-23-zakonczenie-roku-szkolnego\/thumbs\/thumbs_DSC_0281.jpg\"\n               data-image-id=\"2015\"\n               data-title=\"DSC_0281\"\n               data-description=\"\"\n               data-image-slug=\"dsc_0281-2\"\n               class=\"ngg-fancybox\" rel=\"eda2bf7d481e730a84de8ce2c71f4d43\">\n                <img\n                    title=\"DSC_0281\"\n                    alt=\"DSC_0281\"\n                    src=\"https:\/\/scinawa.pl\/wp-content\/gallery\/2017-06-23-zakonczenie-roku-szkolnego\/thumbs\/thumbs_DSC_0281.jpg\"\n                    width=\"200\"\n                    height=\"140\"\n                    style=\"max-width:100%;\"\n                \/>\n            <\/a>\n        <\/div>\n\t\t\t\t\t\t\t<\/div> \n\t\t\t\n\t\t\t\t<div id=\"ngg-image-145\" class=\"ngg-gallery-thumbnail-box \" >\n\t\t\t\t        <div class=\"ngg-gallery-thumbnail\">\n            <a href=\"https:\/\/scinawa.pl\/wp-content\/gallery\/2017-06-23-zakonczenie-roku-szkolnego\/DSC_0283.jpg\"\n               title=\"\"\n               data-src=\"https:\/\/scinawa.pl\/wp-content\/gallery\/2017-06-23-zakonczenie-roku-szkolnego\/DSC_0283.jpg\"\n               data-thumbnail=\"https:\/\/scinawa.pl\/wp-content\/gallery\/2017-06-23-zakonczenie-roku-szkolnego\/thumbs\/thumbs_DSC_0283.jpg\"\n               data-image-id=\"2016\"\n               data-title=\"DSC_0283\"\n               data-description=\"\"\n               data-image-slug=\"dsc_0283-2\"\n               class=\"ngg-fancybox\" rel=\"eda2bf7d481e730a84de8ce2c71f4d43\">\n                <img\n                    title=\"DSC_0283\"\n                    alt=\"DSC_0283\"\n                    src=\"https:\/\/scinawa.pl\/wp-content\/gallery\/2017-06-23-zakonczenie-roku-szkolnego\/thumbs\/thumbs_DSC_0283.jpg\"\n                    width=\"200\"\n                    height=\"140\"\n                    style=\"max-width:100%;\"\n                \/>\n            <\/a>\n        <\/div>\n\t\t\t\t\t\t\t<\/div> \n\t\t\t\n\t\t\t\t<div id=\"ngg-image-146\" class=\"ngg-gallery-thumbnail-box \" >\n\t\t\t\t        <div class=\"ngg-gallery-thumbnail\">\n            <a href=\"https:\/\/scinawa.pl\/wp-content\/gallery\/2017-06-23-zakonczenie-roku-szkolnego\/DSC_0288.jpg\"\n               title=\"\"\n               data-src=\"https:\/\/scinawa.pl\/wp-content\/gallery\/2017-06-23-zakonczenie-roku-szkolnego\/DSC_0288.jpg\"\n               data-thumbnail=\"https:\/\/scinawa.pl\/wp-content\/gallery\/2017-06-23-zakonczenie-roku-szkolnego\/thumbs\/thumbs_DSC_0288.jpg\"\n               data-image-id=\"2017\"\n               data-title=\"DSC_0288\"\n               data-description=\"\"\n               data-image-slug=\"dsc_0288-1\"\n               class=\"ngg-fancybox\" rel=\"eda2bf7d481e730a84de8ce2c71f4d43\">\n                <img\n                    title=\"DSC_0288\"\n                    alt=\"DSC_0288\"\n                    src=\"https:\/\/scinawa.pl\/wp-content\/gallery\/2017-06-23-zakonczenie-roku-szkolnego\/thumbs\/thumbs_DSC_0288.jpg\"\n                    width=\"200\"\n                    height=\"140\"\n                    style=\"max-width:100%;\"\n                \/>\n            <\/a>\n        <\/div>\n\t\t\t\t\t\t\t<\/div> \n\t\t\t\n\t\t\t\t<div id=\"ngg-image-147\" class=\"ngg-gallery-thumbnail-box \" >\n\t\t\t\t        <div class=\"ngg-gallery-thumbnail\">\n            <a href=\"https:\/\/scinawa.pl\/wp-content\/gallery\/2017-06-23-zakonczenie-roku-szkolnego\/DSC_0289.jpg\"\n               title=\"\"\n               data-src=\"https:\/\/scinawa.pl\/wp-content\/gallery\/2017-06-23-zakonczenie-roku-szkolnego\/DSC_0289.jpg\"\n               data-thumbnail=\"https:\/\/scinawa.pl\/wp-content\/gallery\/2017-06-23-zakonczenie-roku-szkolnego\/thumbs\/thumbs_DSC_0289.jpg\"\n               data-image-id=\"2018\"\n               data-title=\"DSC_0289\"\n               data-description=\"\"\n               data-image-slug=\"dsc_0289-1\"\n               class=\"ngg-fancybox\" rel=\"eda2bf7d481e730a84de8ce2c71f4d43\">\n                <img\n                    title=\"DSC_0289\"\n                    alt=\"DSC_0289\"\n                    src=\"https:\/\/scinawa.pl\/wp-content\/gallery\/2017-06-23-zakonczenie-roku-szkolnego\/thumbs\/thumbs_DSC_0289.jpg\"\n                    width=\"200\"\n                    height=\"140\"\n                    style=\"max-width:100%;\"\n                \/>\n            <\/a>\n        <\/div>\n\t\t\t\t\t\t\t<\/div> \n\t\t\t\n\t\t\t\t<div id=\"ngg-image-148\" class=\"ngg-gallery-thumbnail-box \" >\n\t\t\t\t        <div class=\"ngg-gallery-thumbnail\">\n            <a href=\"https:\/\/scinawa.pl\/wp-content\/gallery\/2017-06-23-zakonczenie-roku-szkolnego\/DSC_0292.jpg\"\n               title=\"\"\n               data-src=\"https:\/\/scinawa.pl\/wp-content\/gallery\/2017-06-23-zakonczenie-roku-szkolnego\/DSC_0292.jpg\"\n               data-thumbnail=\"https:\/\/scinawa.pl\/wp-content\/gallery\/2017-06-23-zakonczenie-roku-szkolnego\/thumbs\/thumbs_DSC_0292.jpg\"\n               data-image-id=\"2019\"\n               data-title=\"DSC_0292\"\n               data-description=\"\"\n               data-image-slug=\"dsc_0292\"\n               class=\"ngg-fancybox\" rel=\"eda2bf7d481e730a84de8ce2c71f4d43\">\n                <img\n                    title=\"DSC_0292\"\n                    alt=\"DSC_0292\"\n                    src=\"https:\/\/scinawa.pl\/wp-content\/gallery\/2017-06-23-zakonczenie-roku-szkolnego\/thumbs\/thumbs_DSC_0292.jpg\"\n                    width=\"200\"\n                    height=\"140\"\n                    style=\"max-width:100%;\"\n                \/>\n            <\/a>\n        <\/div>\n\t\t\t\t\t\t\t<\/div> \n\t\t\t\n\t\t\t\t<div id=\"ngg-image-149\" class=\"ngg-gallery-thumbnail-box \" >\n\t\t\t\t        <div class=\"ngg-gallery-thumbnail\">\n            <a href=\"https:\/\/scinawa.pl\/wp-content\/gallery\/2017-06-23-zakonczenie-roku-szkolnego\/DSC_0294.jpg\"\n               title=\"\"\n               data-src=\"https:\/\/scinawa.pl\/wp-content\/gallery\/2017-06-23-zakonczenie-roku-szkolnego\/DSC_0294.jpg\"\n               data-thumbnail=\"https:\/\/scinawa.pl\/wp-content\/gallery\/2017-06-23-zakonczenie-roku-szkolnego\/thumbs\/thumbs_DSC_0294.jpg\"\n               data-image-id=\"2020\"\n               data-title=\"DSC_0294\"\n               data-description=\"\"\n               data-image-slug=\"dsc_0294-2\"\n               class=\"ngg-fancybox\" rel=\"eda2bf7d481e730a84de8ce2c71f4d43\">\n                <img\n                    title=\"DSC_0294\"\n                    alt=\"DSC_0294\"\n                    src=\"https:\/\/scinawa.pl\/wp-content\/gallery\/2017-06-23-zakonczenie-roku-szkolnego\/thumbs\/thumbs_DSC_0294.jpg\"\n                    width=\"200\"\n                    height=\"140\"\n                    style=\"max-width:100%;\"\n                \/>\n            <\/a>\n        <\/div>\n\t\t\t\t\t\t\t<\/div> \n\t\t\t\n\t\t\t\t<div id=\"ngg-image-150\" class=\"ngg-gallery-thumbnail-box \" >\n\t\t\t\t        <div class=\"ngg-gallery-thumbnail\">\n            <a href=\"https:\/\/scinawa.pl\/wp-content\/gallery\/2017-06-23-zakonczenie-roku-szkolnego\/DSC_0295.jpg\"\n               title=\"\"\n               data-src=\"https:\/\/scinawa.pl\/wp-content\/gallery\/2017-06-23-zakonczenie-roku-szkolnego\/DSC_0295.jpg\"\n               data-thumbnail=\"https:\/\/scinawa.pl\/wp-content\/gallery\/2017-06-23-zakonczenie-roku-szkolnego\/thumbs\/thumbs_DSC_0295.jpg\"\n               data-image-id=\"2021\"\n               data-title=\"DSC_0295\"\n               data-description=\"\"\n               data-image-slug=\"dsc_0295-2\"\n               class=\"ngg-fancybox\" rel=\"eda2bf7d481e730a84de8ce2c71f4d43\">\n                <img\n                    title=\"DSC_0295\"\n                    alt=\"DSC_0295\"\n                    src=\"https:\/\/scinawa.pl\/wp-content\/gallery\/2017-06-23-zakonczenie-roku-szkolnego\/thumbs\/thumbs_DSC_0295.jpg\"\n                    width=\"200\"\n                    height=\"140\"\n                    style=\"max-width:100%;\"\n                \/>\n            <\/a>\n        <\/div>\n\t\t\t\t\t\t\t<\/div> \n\t\t\t\n\t\t\t\t<div id=\"ngg-image-151\" class=\"ngg-gallery-thumbnail-box \" >\n\t\t\t\t        <div class=\"ngg-gallery-thumbnail\">\n            <a href=\"https:\/\/scinawa.pl\/wp-content\/gallery\/2017-06-23-zakonczenie-roku-szkolnego\/DSC_0297.jpg\"\n               title=\"\"\n               data-src=\"https:\/\/scinawa.pl\/wp-content\/gallery\/2017-06-23-zakonczenie-roku-szkolnego\/DSC_0297.jpg\"\n               data-thumbnail=\"https:\/\/scinawa.pl\/wp-content\/gallery\/2017-06-23-zakonczenie-roku-szkolnego\/thumbs\/thumbs_DSC_0297.jpg\"\n               data-image-id=\"2022\"\n               data-title=\"DSC_0297\"\n               data-description=\"\"\n               data-image-slug=\"dsc_0297-1\"\n               class=\"ngg-fancybox\" rel=\"eda2bf7d481e730a84de8ce2c71f4d43\">\n                <img\n                    title=\"DSC_0297\"\n                    alt=\"DSC_0297\"\n                    src=\"https:\/\/scinawa.pl\/wp-content\/gallery\/2017-06-23-zakonczenie-roku-szkolnego\/thumbs\/thumbs_DSC_0297.jpg\"\n                    width=\"200\"\n                    height=\"140\"\n                    style=\"max-width:100%;\"\n                \/>\n            <\/a>\n        <\/div>\n\t\t\t\t\t\t\t<\/div> \n\t\t\t\n\t\t\t\t<div id=\"ngg-image-152\" class=\"ngg-gallery-thumbnail-box \" >\n\t\t\t\t        <div class=\"ngg-gallery-thumbnail\">\n            <a href=\"https:\/\/scinawa.pl\/wp-content\/gallery\/2017-06-23-zakonczenie-roku-szkolnego\/DSC_0298.jpg\"\n               title=\"\"\n               data-src=\"https:\/\/scinawa.pl\/wp-content\/gallery\/2017-06-23-zakonczenie-roku-szkolnego\/DSC_0298.jpg\"\n               data-thumbnail=\"https:\/\/scinawa.pl\/wp-content\/gallery\/2017-06-23-zakonczenie-roku-szkolnego\/thumbs\/thumbs_DSC_0298.jpg\"\n               data-image-id=\"2023\"\n               data-title=\"DSC_0298\"\n               data-description=\"\"\n               data-image-slug=\"dsc_0298-1\"\n               class=\"ngg-fancybox\" rel=\"eda2bf7d481e730a84de8ce2c71f4d43\">\n                <img\n                    title=\"DSC_0298\"\n                    alt=\"DSC_0298\"\n                    src=\"https:\/\/scinawa.pl\/wp-content\/gallery\/2017-06-23-zakonczenie-roku-szkolnego\/thumbs\/thumbs_DSC_0298.jpg\"\n                    width=\"200\"\n                    height=\"140\"\n                    style=\"max-width:100%;\"\n                \/>\n            <\/a>\n        <\/div>\n\t\t\t\t\t\t\t<\/div> \n\t\t\t\n\t\t\t\t<div id=\"ngg-image-153\" class=\"ngg-gallery-thumbnail-box \" >\n\t\t\t\t        <div class=\"ngg-gallery-thumbnail\">\n            <a href=\"https:\/\/scinawa.pl\/wp-content\/gallery\/2017-06-23-zakonczenie-roku-szkolnego\/DSC_0304.jpg\"\n               title=\"\"\n               data-src=\"https:\/\/scinawa.pl\/wp-content\/gallery\/2017-06-23-zakonczenie-roku-szkolnego\/DSC_0304.jpg\"\n               data-thumbnail=\"https:\/\/scinawa.pl\/wp-content\/gallery\/2017-06-23-zakonczenie-roku-szkolnego\/thumbs\/thumbs_DSC_0304.jpg\"\n               data-image-id=\"2024\"\n               data-title=\"DSC_0304\"\n               data-description=\"\"\n               data-image-slug=\"dsc_0304\"\n               class=\"ngg-fancybox\" rel=\"eda2bf7d481e730a84de8ce2c71f4d43\">\n                <img\n                    title=\"DSC_0304\"\n                    alt=\"DSC_0304\"\n                    src=\"https:\/\/scinawa.pl\/wp-content\/gallery\/2017-06-23-zakonczenie-roku-szkolnego\/thumbs\/thumbs_DSC_0304.jpg\"\n                    width=\"200\"\n                    height=\"140\"\n                    style=\"max-width:100%;\"\n                \/>\n            <\/a>\n        <\/div>\n\t\t\t\t\t\t\t<\/div> \n\t\t\t\n\t\t\t\t<div id=\"ngg-image-154\" class=\"ngg-gallery-thumbnail-box \" >\n\t\t\t\t        <div class=\"ngg-gallery-thumbnail\">\n            <a href=\"https:\/\/scinawa.pl\/wp-content\/gallery\/2017-06-23-zakonczenie-roku-szkolnego\/DSC_0306.jpg\"\n               title=\"\"\n               data-src=\"https:\/\/scinawa.pl\/wp-content\/gallery\/2017-06-23-zakonczenie-roku-szkolnego\/DSC_0306.jpg\"\n               data-thumbnail=\"https:\/\/scinawa.pl\/wp-content\/gallery\/2017-06-23-zakonczenie-roku-szkolnego\/thumbs\/thumbs_DSC_0306.jpg\"\n               data-image-id=\"2025\"\n               data-title=\"DSC_0306\"\n               data-description=\"\"\n               data-image-slug=\"dsc_0306-1\"\n               class=\"ngg-fancybox\" rel=\"eda2bf7d481e730a84de8ce2c71f4d43\">\n                <img\n                    title=\"DSC_0306\"\n                    alt=\"DSC_0306\"\n                    src=\"https:\/\/scinawa.pl\/wp-content\/gallery\/2017-06-23-zakonczenie-roku-szkolnego\/thumbs\/thumbs_DSC_0306.jpg\"\n                    width=\"200\"\n                    height=\"140\"\n                    style=\"max-width:100%;\"\n                \/>\n            <\/a>\n        <\/div>\n\t\t\t\t\t\t\t<\/div> \n\t\t\t\n\t\t\t\t<div id=\"ngg-image-155\" class=\"ngg-gallery-thumbnail-box \" >\n\t\t\t\t        <div class=\"ngg-gallery-thumbnail\">\n            <a href=\"https:\/\/scinawa.pl\/wp-content\/gallery\/2017-06-23-zakonczenie-roku-szkolnego\/DSC_0309.jpg\"\n               title=\"\"\n               data-src=\"https:\/\/scinawa.pl\/wp-content\/gallery\/2017-06-23-zakonczenie-roku-szkolnego\/DSC_0309.jpg\"\n               data-thumbnail=\"https:\/\/scinawa.pl\/wp-content\/gallery\/2017-06-23-zakonczenie-roku-szkolnego\/thumbs\/thumbs_DSC_0309.jpg\"\n               data-image-id=\"2026\"\n               data-title=\"DSC_0309\"\n               data-description=\"\"\n               data-image-slug=\"dsc_0309-2\"\n               class=\"ngg-fancybox\" rel=\"eda2bf7d481e730a84de8ce2c71f4d43\">\n                <img\n                    title=\"DSC_0309\"\n                    alt=\"DSC_0309\"\n                    src=\"https:\/\/scinawa.pl\/wp-content\/gallery\/2017-06-23-zakonczenie-roku-szkolnego\/thumbs\/thumbs_DSC_0309.jpg\"\n                    width=\"200\"\n                    height=\"140\"\n                    style=\"max-width:100%;\"\n                \/>\n            <\/a>\n        <\/div>\n\t\t\t\t\t\t\t<\/div> \n\t\t\t\n\t\t\t\t<div id=\"ngg-image-156\" class=\"ngg-gallery-thumbnail-box \" >\n\t\t\t\t        <div class=\"ngg-gallery-thumbnail\">\n            <a href=\"https:\/\/scinawa.pl\/wp-content\/gallery\/2017-06-23-zakonczenie-roku-szkolnego\/DSC_0312.jpg\"\n               title=\"\"\n               data-src=\"https:\/\/scinawa.pl\/wp-content\/gallery\/2017-06-23-zakonczenie-roku-szkolnego\/DSC_0312.jpg\"\n               data-thumbnail=\"https:\/\/scinawa.pl\/wp-content\/gallery\/2017-06-23-zakonczenie-roku-szkolnego\/thumbs\/thumbs_DSC_0312.jpg\"\n               data-image-id=\"2027\"\n               data-title=\"DSC_0312\"\n               data-description=\"\"\n               data-image-slug=\"dsc_0312-2\"\n               class=\"ngg-fancybox\" rel=\"eda2bf7d481e730a84de8ce2c71f4d43\">\n                <img\n                    title=\"DSC_0312\"\n                    alt=\"DSC_0312\"\n                    src=\"https:\/\/scinawa.pl\/wp-content\/gallery\/2017-06-23-zakonczenie-roku-szkolnego\/thumbs\/thumbs_DSC_0312.jpg\"\n                    width=\"200\"\n                    height=\"140\"\n                    style=\"max-width:100%;\"\n                \/>\n            <\/a>\n        <\/div>\n\t\t\t\t\t\t\t<\/div> \n\t\t\t\n\t\t\t\t<div id=\"ngg-image-157\" class=\"ngg-gallery-thumbnail-box \" >\n\t\t\t\t        <div class=\"ngg-gallery-thumbnail\">\n            <a href=\"https:\/\/scinawa.pl\/wp-content\/gallery\/2017-06-23-zakonczenie-roku-szkolnego\/DSC_0314.jpg\"\n               title=\"\"\n               data-src=\"https:\/\/scinawa.pl\/wp-content\/gallery\/2017-06-23-zakonczenie-roku-szkolnego\/DSC_0314.jpg\"\n               data-thumbnail=\"https:\/\/scinawa.pl\/wp-content\/gallery\/2017-06-23-zakonczenie-roku-szkolnego\/thumbs\/thumbs_DSC_0314.jpg\"\n               data-image-id=\"2028\"\n               data-title=\"DSC_0314\"\n               data-description=\"\"\n               data-image-slug=\"dsc_0314-1\"\n               class=\"ngg-fancybox\" rel=\"eda2bf7d481e730a84de8ce2c71f4d43\">\n                <img\n                    title=\"DSC_0314\"\n                    alt=\"DSC_0314\"\n                    src=\"https:\/\/scinawa.pl\/wp-content\/gallery\/2017-06-23-zakonczenie-roku-szkolnego\/thumbs\/thumbs_DSC_0314.jpg\"\n                    width=\"200\"\n                    height=\"140\"\n                    style=\"max-width:100%;\"\n                \/>\n            <\/a>\n        <\/div>\n\t\t\t\t\t\t\t<\/div> \n\t\t\t\n\t\t\t\t<div id=\"ngg-image-158\" class=\"ngg-gallery-thumbnail-box \" >\n\t\t\t\t        <div class=\"ngg-gallery-thumbnail\">\n            <a href=\"https:\/\/scinawa.pl\/wp-content\/gallery\/2017-06-23-zakonczenie-roku-szkolnego\/DSC_0316.jpg\"\n               title=\"\"\n               data-src=\"https:\/\/scinawa.pl\/wp-content\/gallery\/2017-06-23-zakonczenie-roku-szkolnego\/DSC_0316.jpg\"\n               data-thumbnail=\"https:\/\/scinawa.pl\/wp-content\/gallery\/2017-06-23-zakonczenie-roku-szkolnego\/thumbs\/thumbs_DSC_0316.jpg\"\n               data-image-id=\"2029\"\n               data-title=\"DSC_0316\"\n               data-description=\"\"\n               data-image-slug=\"dsc_0316-3\"\n               class=\"ngg-fancybox\" rel=\"eda2bf7d481e730a84de8ce2c71f4d43\">\n                <img\n                    title=\"DSC_0316\"\n                    alt=\"DSC_0316\"\n                    src=\"https:\/\/scinawa.pl\/wp-content\/gallery\/2017-06-23-zakonczenie-roku-szkolnego\/thumbs\/thumbs_DSC_0316.jpg\"\n                    width=\"200\"\n                    height=\"140\"\n                    style=\"max-width:100%;\"\n                \/>\n            <\/a>\n        <\/div>\n\t\t\t\t\t\t\t<\/div> \n\t\t\t\n\t\t\t\t<div id=\"ngg-image-159\" class=\"ngg-gallery-thumbnail-box \" >\n\t\t\t\t        <div class=\"ngg-gallery-thumbnail\">\n            <a href=\"https:\/\/scinawa.pl\/wp-content\/gallery\/2017-06-23-zakonczenie-roku-szkolnego\/DSC_0318.jpg\"\n               title=\"\"\n               data-src=\"https:\/\/scinawa.pl\/wp-content\/gallery\/2017-06-23-zakonczenie-roku-szkolnego\/DSC_0318.jpg\"\n               data-thumbnail=\"https:\/\/scinawa.pl\/wp-content\/gallery\/2017-06-23-zakonczenie-roku-szkolnego\/thumbs\/thumbs_DSC_0318.jpg\"\n               data-image-id=\"2030\"\n               data-title=\"DSC_0318\"\n               data-description=\"\"\n               data-image-slug=\"dsc_0318-2\"\n               class=\"ngg-fancybox\" rel=\"eda2bf7d481e730a84de8ce2c71f4d43\">\n                <img\n                    title=\"DSC_0318\"\n                    alt=\"DSC_0318\"\n                    src=\"https:\/\/scinawa.pl\/wp-content\/gallery\/2017-06-23-zakonczenie-roku-szkolnego\/thumbs\/thumbs_DSC_0318.jpg\"\n                    width=\"200\"\n                    height=\"140\"\n                    style=\"max-width:100%;\"\n                \/>\n            <\/a>\n        <\/div>\n\t\t\t\t\t\t\t<\/div> \n\t\t\t\n\t\t\t\t<div id=\"ngg-image-160\" class=\"ngg-gallery-thumbnail-box \" >\n\t\t\t\t        <div class=\"ngg-gallery-thumbnail\">\n            <a href=\"https:\/\/scinawa.pl\/wp-content\/gallery\/2017-06-23-zakonczenie-roku-szkolnego\/DSC_0321.jpg\"\n               title=\"\"\n               data-src=\"https:\/\/scinawa.pl\/wp-content\/gallery\/2017-06-23-zakonczenie-roku-szkolnego\/DSC_0321.jpg\"\n               data-thumbnail=\"https:\/\/scinawa.pl\/wp-content\/gallery\/2017-06-23-zakonczenie-roku-szkolnego\/thumbs\/thumbs_DSC_0321.jpg\"\n               data-image-id=\"2031\"\n               data-title=\"DSC_0321\"\n               data-description=\"\"\n               data-image-slug=\"dsc_0321\"\n               class=\"ngg-fancybox\" rel=\"eda2bf7d481e730a84de8ce2c71f4d43\">\n                <img\n                    title=\"DSC_0321\"\n                    alt=\"DSC_0321\"\n                    src=\"https:\/\/scinawa.pl\/wp-content\/gallery\/2017-06-23-zakonczenie-roku-szkolnego\/thumbs\/thumbs_DSC_0321.jpg\"\n                    width=\"200\"\n                    height=\"140\"\n                    style=\"max-width:100%;\"\n                \/>\n            <\/a>\n        <\/div>\n\t\t\t\t\t\t\t<\/div> \n\t\t\t\n\t\t\t\t<div id=\"ngg-image-161\" class=\"ngg-gallery-thumbnail-box \" >\n\t\t\t\t        <div class=\"ngg-gallery-thumbnail\">\n            <a href=\"https:\/\/scinawa.pl\/wp-content\/gallery\/2017-06-23-zakonczenie-roku-szkolnego\/DSC_0322.jpg\"\n               title=\"\"\n               data-src=\"https:\/\/scinawa.pl\/wp-content\/gallery\/2017-06-23-zakonczenie-roku-szkolnego\/DSC_0322.jpg\"\n               data-thumbnail=\"https:\/\/scinawa.pl\/wp-content\/gallery\/2017-06-23-zakonczenie-roku-szkolnego\/thumbs\/thumbs_DSC_0322.jpg\"\n               data-image-id=\"2032\"\n               data-title=\"DSC_0322\"\n               data-description=\"\"\n               data-image-slug=\"dsc_0322-2\"\n               class=\"ngg-fancybox\" rel=\"eda2bf7d481e730a84de8ce2c71f4d43\">\n                <img\n                    title=\"DSC_0322\"\n                    alt=\"DSC_0322\"\n                    src=\"https:\/\/scinawa.pl\/wp-content\/gallery\/2017-06-23-zakonczenie-roku-szkolnego\/thumbs\/thumbs_DSC_0322.jpg\"\n                    width=\"200\"\n                    height=\"140\"\n                    style=\"max-width:100%;\"\n                \/>\n            <\/a>\n        <\/div>\n\t\t\t\t\t\t\t<\/div> \n\t\t\t\n\t\t\t\t<div id=\"ngg-image-162\" class=\"ngg-gallery-thumbnail-box \" >\n\t\t\t\t        <div class=\"ngg-gallery-thumbnail\">\n            <a href=\"https:\/\/scinawa.pl\/wp-content\/gallery\/2017-06-23-zakonczenie-roku-szkolnego\/DSC_0323.jpg\"\n               title=\"\"\n               data-src=\"https:\/\/scinawa.pl\/wp-content\/gallery\/2017-06-23-zakonczenie-roku-szkolnego\/DSC_0323.jpg\"\n               data-thumbnail=\"https:\/\/scinawa.pl\/wp-content\/gallery\/2017-06-23-zakonczenie-roku-szkolnego\/thumbs\/thumbs_DSC_0323.jpg\"\n               data-image-id=\"2033\"\n               data-title=\"DSC_0323\"\n               data-description=\"\"\n               data-image-slug=\"dsc_0323-2\"\n               class=\"ngg-fancybox\" rel=\"eda2bf7d481e730a84de8ce2c71f4d43\">\n                <img\n                    title=\"DSC_0323\"\n                    alt=\"DSC_0323\"\n                    src=\"https:\/\/scinawa.pl\/wp-content\/gallery\/2017-06-23-zakonczenie-roku-szkolnego\/thumbs\/thumbs_DSC_0323.jpg\"\n                    width=\"200\"\n                    height=\"140\"\n                    style=\"max-width:100%;\"\n                \/>\n            <\/a>\n        <\/div>\n\t\t\t\t\t\t\t<\/div> \n\t\t\t\n\t\t\t\t<div id=\"ngg-image-163\" class=\"ngg-gallery-thumbnail-box \" >\n\t\t\t\t        <div class=\"ngg-gallery-thumbnail\">\n            <a href=\"https:\/\/scinawa.pl\/wp-content\/gallery\/2017-06-23-zakonczenie-roku-szkolnego\/DSC_0324.jpg\"\n               title=\"\"\n               data-src=\"https:\/\/scinawa.pl\/wp-content\/gallery\/2017-06-23-zakonczenie-roku-szkolnego\/DSC_0324.jpg\"\n               data-thumbnail=\"https:\/\/scinawa.pl\/wp-content\/gallery\/2017-06-23-zakonczenie-roku-szkolnego\/thumbs\/thumbs_DSC_0324.jpg\"\n               data-image-id=\"2034\"\n               data-title=\"DSC_0324\"\n               data-description=\"\"\n               data-image-slug=\"dsc_0324\"\n               class=\"ngg-fancybox\" rel=\"eda2bf7d481e730a84de8ce2c71f4d43\">\n                <img\n                    title=\"DSC_0324\"\n                    alt=\"DSC_0324\"\n                    src=\"https:\/\/scinawa.pl\/wp-content\/gallery\/2017-06-23-zakonczenie-roku-szkolnego\/thumbs\/thumbs_DSC_0324.jpg\"\n                    width=\"200\"\n                    height=\"140\"\n                    style=\"max-width:100%;\"\n                \/>\n            <\/a>\n        <\/div>\n\t\t\t\t\t\t\t<\/div> \n\t\t\t\n\t\t\t\t<div id=\"ngg-image-164\" class=\"ngg-gallery-thumbnail-box \" >\n\t\t\t\t        <div class=\"ngg-gallery-thumbnail\">\n            <a href=\"https:\/\/scinawa.pl\/wp-content\/gallery\/2017-06-23-zakonczenie-roku-szkolnego\/DSC_0325.jpg\"\n               title=\"\"\n               data-src=\"https:\/\/scinawa.pl\/wp-content\/gallery\/2017-06-23-zakonczenie-roku-szkolnego\/DSC_0325.jpg\"\n               data-thumbnail=\"https:\/\/scinawa.pl\/wp-content\/gallery\/2017-06-23-zakonczenie-roku-szkolnego\/thumbs\/thumbs_DSC_0325.jpg\"\n               data-image-id=\"2035\"\n               data-title=\"DSC_0325\"\n               data-description=\"\"\n               data-image-slug=\"dsc_0325-1\"\n               class=\"ngg-fancybox\" rel=\"eda2bf7d481e730a84de8ce2c71f4d43\">\n                <img\n                    title=\"DSC_0325\"\n                    alt=\"DSC_0325\"\n                    src=\"https:\/\/scinawa.pl\/wp-content\/gallery\/2017-06-23-zakonczenie-roku-szkolnego\/thumbs\/thumbs_DSC_0325.jpg\"\n                    width=\"200\"\n                    height=\"140\"\n                    style=\"max-width:100%;\"\n                \/>\n            <\/a>\n        <\/div>\n\t\t\t\t\t\t\t<\/div> \n\t\t\t\n\t\t\t\t<div id=\"ngg-image-165\" class=\"ngg-gallery-thumbnail-box \" >\n\t\t\t\t        <div class=\"ngg-gallery-thumbnail\">\n            <a href=\"https:\/\/scinawa.pl\/wp-content\/gallery\/2017-06-23-zakonczenie-roku-szkolnego\/DSC_0329.jpg\"\n               title=\"\"\n               data-src=\"https:\/\/scinawa.pl\/wp-content\/gallery\/2017-06-23-zakonczenie-roku-szkolnego\/DSC_0329.jpg\"\n               data-thumbnail=\"https:\/\/scinawa.pl\/wp-content\/gallery\/2017-06-23-zakonczenie-roku-szkolnego\/thumbs\/thumbs_DSC_0329.jpg\"\n               data-image-id=\"2036\"\n               data-title=\"DSC_0329\"\n               data-description=\"\"\n               data-image-slug=\"dsc_0329-2\"\n               class=\"ngg-fancybox\" rel=\"eda2bf7d481e730a84de8ce2c71f4d43\">\n                <img\n                    title=\"DSC_0329\"\n                    alt=\"DSC_0329\"\n                    src=\"https:\/\/scinawa.pl\/wp-content\/gallery\/2017-06-23-zakonczenie-roku-szkolnego\/thumbs\/thumbs_DSC_0329.jpg\"\n                    width=\"200\"\n                    height=\"140\"\n                    style=\"max-width:100%;\"\n                \/>\n            <\/a>\n        <\/div>\n\t\t\t\t\t\t\t<\/div> \n\t\t\t\n\t\t\t\t<div id=\"ngg-image-166\" class=\"ngg-gallery-thumbnail-box \" >\n\t\t\t\t        <div class=\"ngg-gallery-thumbnail\">\n            <a href=\"https:\/\/scinawa.pl\/wp-content\/gallery\/2017-06-23-zakonczenie-roku-szkolnego\/DSC_0330.jpg\"\n               title=\"\"\n               data-src=\"https:\/\/scinawa.pl\/wp-content\/gallery\/2017-06-23-zakonczenie-roku-szkolnego\/DSC_0330.jpg\"\n               data-thumbnail=\"https:\/\/scinawa.pl\/wp-content\/gallery\/2017-06-23-zakonczenie-roku-szkolnego\/thumbs\/thumbs_DSC_0330.jpg\"\n               data-image-id=\"2037\"\n               data-title=\"DSC_0330\"\n               data-description=\"\"\n               data-image-slug=\"dsc_0330-2\"\n               class=\"ngg-fancybox\" rel=\"eda2bf7d481e730a84de8ce2c71f4d43\">\n                <img\n                    title=\"DSC_0330\"\n                    alt=\"DSC_0330\"\n                    src=\"https:\/\/scinawa.pl\/wp-content\/gallery\/2017-06-23-zakonczenie-roku-szkolnego\/thumbs\/thumbs_DSC_0330.jpg\"\n                    width=\"200\"\n                    height=\"140\"\n                    style=\"max-width:100%;\"\n                \/>\n            <\/a>\n        <\/div>\n\t\t\t\t\t\t\t<\/div> \n\t\t\t\n\t\t\t\t<div id=\"ngg-image-167\" class=\"ngg-gallery-thumbnail-box \" >\n\t\t\t\t        <div class=\"ngg-gallery-thumbnail\">\n            <a href=\"https:\/\/scinawa.pl\/wp-content\/gallery\/2017-06-23-zakonczenie-roku-szkolnego\/DSC_0332.jpg\"\n               title=\"\"\n               data-src=\"https:\/\/scinawa.pl\/wp-content\/gallery\/2017-06-23-zakonczenie-roku-szkolnego\/DSC_0332.jpg\"\n               data-thumbnail=\"https:\/\/scinawa.pl\/wp-content\/gallery\/2017-06-23-zakonczenie-roku-szkolnego\/thumbs\/thumbs_DSC_0332.jpg\"\n               data-image-id=\"2038\"\n               data-title=\"DSC_0332\"\n               data-description=\"\"\n               data-image-slug=\"dsc_0332-2\"\n               class=\"ngg-fancybox\" rel=\"eda2bf7d481e730a84de8ce2c71f4d43\">\n                <img\n                    title=\"DSC_0332\"\n                    alt=\"DSC_0332\"\n                    src=\"https:\/\/scinawa.pl\/wp-content\/gallery\/2017-06-23-zakonczenie-roku-szkolnego\/thumbs\/thumbs_DSC_0332.jpg\"\n                    width=\"200\"\n                    height=\"140\"\n                    style=\"max-width:100%;\"\n                \/>\n            <\/a>\n        <\/div>\n\t\t\t\t\t\t\t<\/div> \n\t\t\t\n\t\t\t\t<div id=\"ngg-image-168\" class=\"ngg-gallery-thumbnail-box \" >\n\t\t\t\t        <div class=\"ngg-gallery-thumbnail\">\n            <a href=\"https:\/\/scinawa.pl\/wp-content\/gallery\/2017-06-23-zakonczenie-roku-szkolnego\/DSC_0333.jpg\"\n               title=\"\"\n               data-src=\"https:\/\/scinawa.pl\/wp-content\/gallery\/2017-06-23-zakonczenie-roku-szkolnego\/DSC_0333.jpg\"\n               data-thumbnail=\"https:\/\/scinawa.pl\/wp-content\/gallery\/2017-06-23-zakonczenie-roku-szkolnego\/thumbs\/thumbs_DSC_0333.jpg\"\n               data-image-id=\"2039\"\n               data-title=\"DSC_0333\"\n               data-description=\"\"\n               data-image-slug=\"dsc_0333-1\"\n               class=\"ngg-fancybox\" rel=\"eda2bf7d481e730a84de8ce2c71f4d43\">\n                <img\n                    title=\"DSC_0333\"\n                    alt=\"DSC_0333\"\n                    src=\"https:\/\/scinawa.pl\/wp-content\/gallery\/2017-06-23-zakonczenie-roku-szkolnego\/thumbs\/thumbs_DSC_0333.jpg\"\n                    width=\"200\"\n                    height=\"140\"\n                    style=\"max-width:100%;\"\n                \/>\n            <\/a>\n        <\/div>\n\t\t\t\t\t\t\t<\/div> \n\t\t\t\n\t\t\t\t<div id=\"ngg-image-169\" class=\"ngg-gallery-thumbnail-box \" >\n\t\t\t\t        <div class=\"ngg-gallery-thumbnail\">\n            <a href=\"https:\/\/scinawa.pl\/wp-content\/gallery\/2017-06-23-zakonczenie-roku-szkolnego\/DSC_0334.jpg\"\n               title=\"\"\n               data-src=\"https:\/\/scinawa.pl\/wp-content\/gallery\/2017-06-23-zakonczenie-roku-szkolnego\/DSC_0334.jpg\"\n               data-thumbnail=\"https:\/\/scinawa.pl\/wp-content\/gallery\/2017-06-23-zakonczenie-roku-szkolnego\/thumbs\/thumbs_DSC_0334.jpg\"\n               data-image-id=\"2040\"\n               data-title=\"DSC_0334\"\n               data-description=\"\"\n               data-image-slug=\"dsc_0334-2\"\n               class=\"ngg-fancybox\" rel=\"eda2bf7d481e730a84de8ce2c71f4d43\">\n                <img\n                    title=\"DSC_0334\"\n                    alt=\"DSC_0334\"\n                    src=\"https:\/\/scinawa.pl\/wp-content\/gallery\/2017-06-23-zakonczenie-roku-szkolnego\/thumbs\/thumbs_DSC_0334.jpg\"\n                    width=\"200\"\n                    height=\"140\"\n                    style=\"max-width:100%;\"\n                \/>\n            <\/a>\n        <\/div>\n\t\t\t\t\t\t\t<\/div> \n\t\t\t\n\t\t\t\t<div id=\"ngg-image-170\" class=\"ngg-gallery-thumbnail-box \" >\n\t\t\t\t        <div class=\"ngg-gallery-thumbnail\">\n            <a href=\"https:\/\/scinawa.pl\/wp-content\/gallery\/2017-06-23-zakonczenie-roku-szkolnego\/DSC_0335.jpg\"\n               title=\"\"\n               data-src=\"https:\/\/scinawa.pl\/wp-content\/gallery\/2017-06-23-zakonczenie-roku-szkolnego\/DSC_0335.jpg\"\n               data-thumbnail=\"https:\/\/scinawa.pl\/wp-content\/gallery\/2017-06-23-zakonczenie-roku-szkolnego\/thumbs\/thumbs_DSC_0335.jpg\"\n               data-image-id=\"2041\"\n               data-title=\"DSC_0335\"\n               data-description=\"\"\n               data-image-slug=\"dsc_0335-2\"\n               class=\"ngg-fancybox\" rel=\"eda2bf7d481e730a84de8ce2c71f4d43\">\n                <img\n                    title=\"DSC_0335\"\n                    alt=\"DSC_0335\"\n                    src=\"https:\/\/scinawa.pl\/wp-content\/gallery\/2017-06-23-zakonczenie-roku-szkolnego\/thumbs\/thumbs_DSC_0335.jpg\"\n                    width=\"200\"\n                    height=\"140\"\n                    style=\"max-width:100%;\"\n                \/>\n            <\/a>\n        <\/div>\n\t\t\t\t\t\t\t<\/div> \n\t\t\t\n\t\t\t\t<div id=\"ngg-image-171\" class=\"ngg-gallery-thumbnail-box \" >\n\t\t\t\t        <div class=\"ngg-gallery-thumbnail\">\n            <a href=\"https:\/\/scinawa.pl\/wp-content\/gallery\/2017-06-23-zakonczenie-roku-szkolnego\/DSC_0341.jpg\"\n               title=\"\"\n               data-src=\"https:\/\/scinawa.pl\/wp-content\/gallery\/2017-06-23-zakonczenie-roku-szkolnego\/DSC_0341.jpg\"\n               data-thumbnail=\"https:\/\/scinawa.pl\/wp-content\/gallery\/2017-06-23-zakonczenie-roku-szkolnego\/thumbs\/thumbs_DSC_0341.jpg\"\n               data-image-id=\"2042\"\n               data-title=\"DSC_0341\"\n               data-description=\"\"\n               data-image-slug=\"dsc_0341-1\"\n               class=\"ngg-fancybox\" rel=\"eda2bf7d481e730a84de8ce2c71f4d43\">\n                <img\n                    title=\"DSC_0341\"\n                    alt=\"DSC_0341\"\n                    src=\"https:\/\/scinawa.pl\/wp-content\/gallery\/2017-06-23-zakonczenie-roku-szkolnego\/thumbs\/thumbs_DSC_0341.jpg\"\n                    width=\"200\"\n                    height=\"140\"\n                    style=\"max-width:100%;\"\n                \/>\n            <\/a>\n        <\/div>\n\t\t\t\t\t\t\t<\/div> \n\t\t\t\n\t\t\t\t<div id=\"ngg-image-172\" class=\"ngg-gallery-thumbnail-box \" >\n\t\t\t\t        <div class=\"ngg-gallery-thumbnail\">\n            <a href=\"https:\/\/scinawa.pl\/wp-content\/gallery\/2017-06-23-zakonczenie-roku-szkolnego\/DSC_0342.jpg\"\n               title=\"\"\n               data-src=\"https:\/\/scinawa.pl\/wp-content\/gallery\/2017-06-23-zakonczenie-roku-szkolnego\/DSC_0342.jpg\"\n               data-thumbnail=\"https:\/\/scinawa.pl\/wp-content\/gallery\/2017-06-23-zakonczenie-roku-szkolnego\/thumbs\/thumbs_DSC_0342.jpg\"\n               data-image-id=\"2043\"\n               data-title=\"DSC_0342\"\n               data-description=\"\"\n               data-image-slug=\"dsc_0342-2\"\n               class=\"ngg-fancybox\" rel=\"eda2bf7d481e730a84de8ce2c71f4d43\">\n                <img\n                    title=\"DSC_0342\"\n                    alt=\"DSC_0342\"\n                    src=\"https:\/\/scinawa.pl\/wp-content\/gallery\/2017-06-23-zakonczenie-roku-szkolnego\/thumbs\/thumbs_DSC_0342.jpg\"\n                    width=\"200\"\n                    height=\"140\"\n                    style=\"max-width:100%;\"\n                \/>\n            <\/a>\n        <\/div>\n\t\t\t\t\t\t\t<\/div> \n\t\t\t\n\t\t\t\t<div id=\"ngg-image-173\" class=\"ngg-gallery-thumbnail-box \" >\n\t\t\t\t        <div class=\"ngg-gallery-thumbnail\">\n            <a href=\"https:\/\/scinawa.pl\/wp-content\/gallery\/2017-06-23-zakonczenie-roku-szkolnego\/DSC_0343.jpg\"\n               title=\"\"\n               data-src=\"https:\/\/scinawa.pl\/wp-content\/gallery\/2017-06-23-zakonczenie-roku-szkolnego\/DSC_0343.jpg\"\n               data-thumbnail=\"https:\/\/scinawa.pl\/wp-content\/gallery\/2017-06-23-zakonczenie-roku-szkolnego\/thumbs\/thumbs_DSC_0343.jpg\"\n               data-image-id=\"2044\"\n               data-title=\"DSC_0343\"\n               data-description=\"\"\n               data-image-slug=\"dsc_0343\"\n               class=\"ngg-fancybox\" rel=\"eda2bf7d481e730a84de8ce2c71f4d43\">\n                <img\n                    title=\"DSC_0343\"\n                    alt=\"DSC_0343\"\n                    src=\"https:\/\/scinawa.pl\/wp-content\/gallery\/2017-06-23-zakonczenie-roku-szkolnego\/thumbs\/thumbs_DSC_0343.jpg\"\n                    width=\"200\"\n                    height=\"140\"\n                    style=\"max-width:100%;\"\n                \/>\n            <\/a>\n        <\/div>\n\t\t\t\t\t\t\t<\/div> \n\t\t\t\n\t\t\t\t<div id=\"ngg-image-174\" class=\"ngg-gallery-thumbnail-box \" >\n\t\t\t\t        <div class=\"ngg-gallery-thumbnail\">\n            <a href=\"https:\/\/scinawa.pl\/wp-content\/gallery\/2017-06-23-zakonczenie-roku-szkolnego\/DSC_0345.jpg\"\n               title=\"\"\n               data-src=\"https:\/\/scinawa.pl\/wp-content\/gallery\/2017-06-23-zakonczenie-roku-szkolnego\/DSC_0345.jpg\"\n               data-thumbnail=\"https:\/\/scinawa.pl\/wp-content\/gallery\/2017-06-23-zakonczenie-roku-szkolnego\/thumbs\/thumbs_DSC_0345.jpg\"\n               data-image-id=\"2045\"\n               data-title=\"DSC_0345\"\n               data-description=\"\"\n               data-image-slug=\"dsc_0345-1\"\n               class=\"ngg-fancybox\" rel=\"eda2bf7d481e730a84de8ce2c71f4d43\">\n                <img\n                    title=\"DSC_0345\"\n                    alt=\"DSC_0345\"\n                    src=\"https:\/\/scinawa.pl\/wp-content\/gallery\/2017-06-23-zakonczenie-roku-szkolnego\/thumbs\/thumbs_DSC_0345.jpg\"\n                    width=\"200\"\n                    height=\"140\"\n                    style=\"max-width:100%;\"\n                \/>\n            <\/a>\n        <\/div>\n\t\t\t\t\t\t\t<\/div> \n\t\t\t\n\t\t\t\t<div id=\"ngg-image-175\" class=\"ngg-gallery-thumbnail-box \" >\n\t\t\t\t        <div class=\"ngg-gallery-thumbnail\">\n            <a href=\"https:\/\/scinawa.pl\/wp-content\/gallery\/2017-06-23-zakonczenie-roku-szkolnego\/DSC_0348.jpg\"\n               title=\"\"\n               data-src=\"https:\/\/scinawa.pl\/wp-content\/gallery\/2017-06-23-zakonczenie-roku-szkolnego\/DSC_0348.jpg\"\n               data-thumbnail=\"https:\/\/scinawa.pl\/wp-content\/gallery\/2017-06-23-zakonczenie-roku-szkolnego\/thumbs\/thumbs_DSC_0348.jpg\"\n               data-image-id=\"2046\"\n               data-title=\"DSC_0348\"\n               data-description=\"\"\n               data-image-slug=\"dsc_0348-2\"\n               class=\"ngg-fancybox\" rel=\"eda2bf7d481e730a84de8ce2c71f4d43\">\n                <img\n                    title=\"DSC_0348\"\n                    alt=\"DSC_0348\"\n                    src=\"https:\/\/scinawa.pl\/wp-content\/gallery\/2017-06-23-zakonczenie-roku-szkolnego\/thumbs\/thumbs_DSC_0348.jpg\"\n                    width=\"200\"\n                    height=\"140\"\n                    style=\"max-width:100%;\"\n                \/>\n            <\/a>\n        <\/div>\n\t\t\t\t\t\t\t<\/div> \n\t\t\t\n\t\t\t\t<div id=\"ngg-image-176\" class=\"ngg-gallery-thumbnail-box \" >\n\t\t\t\t        <div class=\"ngg-gallery-thumbnail\">\n            <a href=\"https:\/\/scinawa.pl\/wp-content\/gallery\/2017-06-23-zakonczenie-roku-szkolnego\/DSC_0349.jpg\"\n               title=\"\"\n               data-src=\"https:\/\/scinawa.pl\/wp-content\/gallery\/2017-06-23-zakonczenie-roku-szkolnego\/DSC_0349.jpg\"\n               data-thumbnail=\"https:\/\/scinawa.pl\/wp-content\/gallery\/2017-06-23-zakonczenie-roku-szkolnego\/thumbs\/thumbs_DSC_0349.jpg\"\n               data-image-id=\"2047\"\n               data-title=\"DSC_0349\"\n               data-description=\"\"\n               data-image-slug=\"dsc_0349-1\"\n               class=\"ngg-fancybox\" rel=\"eda2bf7d481e730a84de8ce2c71f4d43\">\n                <img\n                    title=\"DSC_0349\"\n                    alt=\"DSC_0349\"\n                    src=\"https:\/\/scinawa.pl\/wp-content\/gallery\/2017-06-23-zakonczenie-roku-szkolnego\/thumbs\/thumbs_DSC_0349.jpg\"\n                    width=\"200\"\n                    height=\"140\"\n                    style=\"max-width:100%;\"\n                \/>\n            <\/a>\n        <\/div>\n\t\t\t\t\t\t\t<\/div> \n\t\t\t\n\t\n\t<br style=\"clear: both\" \/>\n\n\t\t<div class=\"slideshowlink\">\n        <a href='https:\/\/scinawa.pl\/index.php\/2017\/06\/26\/hura-wakacje\/nggallery\/slideshow'>&#091;Pokaz zdj\u0119\u0107&#093;<\/a>\n\t\t\n\t<\/div>\n\t\n\t\t<div class=\"ngg-clear\"><\/div>\n\t<\/div>\n\n","protected":false},"excerpt":{"rendered":"<p>Ostatni dzwonek zabrzmia\u0142 w miniony pi\u0105tek, 23 czerwca br. Tego dnia odby\u0142y si\u0119 uroczyste apele na zako\u0144czenie roku szkolnego 2016\/2017.<\/p>\n","protected":false},"author":2,"featured_media":7594,"comment_status":"open","ping_status":"open","sticky":false,"template":"","format":"gallery","meta":{"ngg_post_thumbnail":0},"categories":[2],"tags":[],"_links":{"self":[{"href":"https:\/\/scinawa.pl\/index.php\/wp-json\/wp\/v2\/posts\/7593"}],"collection":[{"href":"https:\/\/scinawa.pl\/index.php\/wp-json\/wp\/v2\/posts"}],"about":[{"href":"https:\/\/scinawa.pl\/index.php\/wp-json\/wp\/v2\/types\/post"}],"author":[{"embeddable":true,"href":"https:\/\/scinawa.pl\/index.php\/wp-json\/wp\/v2\/users\/2"}],"replies":[{"embeddable":true,"href":"https:\/\/scinawa.pl\/index.php\/wp-json\/wp\/v2\/comments?post=7593"}],"version-history":[{"count":1,"href":"https:\/\/scinawa.pl\/index.php\/wp-json\/wp\/v2\/posts\/7593\/revisions"}],"predecessor-version":[{"id":7595,"href":"https:\/\/scinawa.pl\/index.php\/wp-json\/wp\/v2\/posts\/7593\/revisions\/7595"}],"wp:featuredmedia":[{"embeddable":true,"href":"https:\/\/scinawa.pl\/index.php\/wp-json\/wp\/v2\/media\/7594"}],"wp:attachment":[{"href":"https:\/\/scinawa.pl\/index.php\/wp-json\/wp\/v2\/media?parent=7593"}],"wp:term":[{"taxonomy":"category","embeddable":true,"href":"https:\/\/scinawa.pl\/index.php\/wp-json\/wp\/v2\/categories?post=7593"},{"taxonomy":"post_tag","embeddable":true,"href":"https:\/\/scinawa.pl\/index.php\/wp-json\/wp\/v2\/tags?post=7593"}],"curies":[{"name":"wp","href":"https:\/\/api.w.org\/{rel}","templated":true}]}}