{"id":7574,"date":"2017-06-21T10:00:49","date_gmt":"2017-06-21T08:00:49","guid":{"rendered":"http:\/\/nowa.scinawa.pl\/?p=7574"},"modified":"2017-08-07T10:02:56","modified_gmt":"2017-08-07T08:02:56","slug":"swietlica-w-wielowsi-na-nowo-otwarta","status":"publish","type":"post","link":"https:\/\/scinawa.pl\/index.php\/2017\/06\/21\/swietlica-w-wielowsi-na-nowo-otwarta\/","title":{"rendered":"\u015awietlica w Wielowsi na nowo otwarta!"},"content":{"rendered":"<p><P align=\"justify\">\u015acinawski samorz\u0105d, zgodnie z obietnicami, sukcesywnie modernizuje \u015bwietlice wiejskie na terenie gminy. W miniony poniedzia\u0142ek, 19 czerwca br. oficjalnie otwarto kolejny budynek u\u017cyteczno\u015bci publicznej, tym razem po generalnym remoncie oddano obiekt w Wielowsi.<\/P><!--more--><\/p>\n<p><P align=\"justify\">Na uroczysto\u015b\u0107 przybyli: burmistrz \u015acinawy Krystian Koszty\u0142a, dyrektor CTiK Kamila Grabka-Levin, \u015bcinawscy radni, w imieniu starosty lubi\u0144skiego Dominika Chomont-Parzy\u0144ska, przedstawiciele so\u0142ectwa i mieszka\u0144cy wsi z so\u0142tysem Magdalen\u0105 Szmigielsk\u0105 na czele.<\/P><\/p>\n<p><P align=\"justify\">&#8211; \u017bycz\u0119, aby odnowiona \u015bwietlica s\u0142u\u017cy\u0142a wam przez wiele lat, by\u0142a miejscem spotka\u0144 oraz prawdziwej integracji mieszka\u0144c\u00f3w. Dzisiaj w obiekcie wyposa\u017conym w niezb\u0119dn\u0105 infrastruktur\u0119, ogrzewanie, tak\u017ce w toalety, kt\u00f3rych nie by\u0142o dotychczas, b\u0119dziecie mogli w komfortowych warunkach organizowa\u0107 wszelkie imprez, uroczysto\u015bci oraz spotkania- m\u00f3wi\u0142 burmistrz \u015acinawy. &#8211; I najwa\u017cniejsze, szanujmy to co zosta\u0142o zrobione- doda\u0142.<\/P><\/p>\n<p><P align=\"justify\">Symbolicznego przeci\u0119cia wst\u0119gi dokonali wsp\u00f3lnie: gospodarz gminy Krystian Koszty\u0142a, radny miejski tamtego okr\u0119gu Edward Sitarski, so\u0142tys Wielowsi Magdalena Szmigielska oraz Dominika Chomont-Parzy\u0144ska w imieniu starosty Adama Myrdy.<\/P><\/p>\n<p><P align=\"justify\">Odnowiony obiekt i wszystkie pomieszczenia \u015bwietlicy po\u015bwi\u0119ci\u0142 proboszcz miejscowej parafii ks. Grzegorz Ropiak, kt\u00f3ry r\u00f3wnie\u017c zawiesi\u0142 krzy\u017c nad wej\u015bciem do sali g\u0142\u00f3wnej.<\/P><\/p>\n<p><P align=\"justify\">Podczas uroczysto\u015bci nie mog\u0142o zabrakn\u0105\u0107 tortu oraz toastu. &#8211; Jak zobaczy\u0142am obiekt po zako\u0144czonym remoncie to a\u017c si\u0119 pop\u0142aka\u0142am- m\u00f3wi\u0142a wzruszona szefowa so\u0142ectwa Magdalena Szmigielska. &#8211; Czekali\u015bmy d\u0142ugo na t\u0119 chwil\u0119. Jestem zadowolona z efekt\u00f3w i bardzo dzi\u0119kuj\u0119 burmistrzowi Krystianowi Kosztyle, kt\u00f3ry pokaza\u0142, \u017ce mo\u017cna, \u017cycz\u0119 wszystkim so\u0142tysom w\u0142a\u015bnie tak pi\u0119knej \u015bwietlicy- doda\u0142a.<\/P><\/p>\n<p><P align=\"justify\">Przypomnijmy, \u017ce obecnie trwa modernizacja \u015bwietlicy wiejskiej w Lasowicach, a nast\u0119pnym obiektem zaplanowanym do remontu, najprawdopodobniej jeszcze w br., jest budynek w Zaborowie.<\/P><\/p>\n<!-- default-view.php -->\n<div\n\tclass=\"ngg-galleryoverview default-view  ngg-ajax-pagination-none\"\n\tid=\"ngg-gallery-b0b0ad0018563f4b322300d13dce00be-1\">\n\n\t\t<!-- Thumbnails -->\n\t\t\t\t<div id=\"ngg-image-0\" class=\"ngg-gallery-thumbnail-box \" >\n\t\t\t\t        <div class=\"ngg-gallery-thumbnail\">\n            <a href=\"https:\/\/scinawa.pl\/wp-content\/gallery\/2017-06-19-otwarcie-swietlicy-wielowies\/DSC_0253.jpg\"\n               title=\"\"\n               data-src=\"https:\/\/scinawa.pl\/wp-content\/gallery\/2017-06-19-otwarcie-swietlicy-wielowies\/DSC_0253.jpg\"\n               data-thumbnail=\"https:\/\/scinawa.pl\/wp-content\/gallery\/2017-06-19-otwarcie-swietlicy-wielowies\/thumbs\/thumbs_DSC_0253.jpg\"\n               data-image-id=\"1216\"\n               data-title=\"DSC_0253\"\n               data-description=\"\"\n               data-image-slug=\"dsc_0253-1\"\n               class=\"ngg-fancybox\" rel=\"b0b0ad0018563f4b322300d13dce00be\">\n                <img\n                    title=\"DSC_0253\"\n                    alt=\"DSC_0253\"\n                    src=\"https:\/\/scinawa.pl\/wp-content\/gallery\/2017-06-19-otwarcie-swietlicy-wielowies\/thumbs\/thumbs_DSC_0253.jpg\"\n                    width=\"200\"\n                    height=\"140\"\n                    style=\"max-width:100%;\"\n                \/>\n            <\/a>\n        <\/div>\n\t\t\t\t\t\t\t<\/div> \n\t\t\t\n\t\t\t\t<div id=\"ngg-image-1\" class=\"ngg-gallery-thumbnail-box \" >\n\t\t\t\t        <div class=\"ngg-gallery-thumbnail\">\n            <a href=\"https:\/\/scinawa.pl\/wp-content\/gallery\/2017-06-19-otwarcie-swietlicy-wielowies\/DSC_0255.jpg\"\n               title=\"\"\n               data-src=\"https:\/\/scinawa.pl\/wp-content\/gallery\/2017-06-19-otwarcie-swietlicy-wielowies\/DSC_0255.jpg\"\n               data-thumbnail=\"https:\/\/scinawa.pl\/wp-content\/gallery\/2017-06-19-otwarcie-swietlicy-wielowies\/thumbs\/thumbs_DSC_0255.jpg\"\n               data-image-id=\"1217\"\n               data-title=\"DSC_0255\"\n               data-description=\"\"\n               data-image-slug=\"dsc_0255-1\"\n               class=\"ngg-fancybox\" rel=\"b0b0ad0018563f4b322300d13dce00be\">\n                <img\n                    title=\"DSC_0255\"\n                    alt=\"DSC_0255\"\n                    src=\"https:\/\/scinawa.pl\/wp-content\/gallery\/2017-06-19-otwarcie-swietlicy-wielowies\/thumbs\/thumbs_DSC_0255.jpg\"\n                    width=\"200\"\n                    height=\"140\"\n                    style=\"max-width:100%;\"\n                \/>\n            <\/a>\n        <\/div>\n\t\t\t\t\t\t\t<\/div> \n\t\t\t\n\t\t\t\t<div id=\"ngg-image-2\" class=\"ngg-gallery-thumbnail-box \" >\n\t\t\t\t        <div class=\"ngg-gallery-thumbnail\">\n            <a href=\"https:\/\/scinawa.pl\/wp-content\/gallery\/2017-06-19-otwarcie-swietlicy-wielowies\/DSC_0257.jpg\"\n               title=\"\"\n               data-src=\"https:\/\/scinawa.pl\/wp-content\/gallery\/2017-06-19-otwarcie-swietlicy-wielowies\/DSC_0257.jpg\"\n               data-thumbnail=\"https:\/\/scinawa.pl\/wp-content\/gallery\/2017-06-19-otwarcie-swietlicy-wielowies\/thumbs\/thumbs_DSC_0257.jpg\"\n               data-image-id=\"1218\"\n               data-title=\"DSC_0257\"\n               data-description=\"\"\n               data-image-slug=\"dsc_0257-1\"\n               class=\"ngg-fancybox\" rel=\"b0b0ad0018563f4b322300d13dce00be\">\n                <img\n                    title=\"DSC_0257\"\n                    alt=\"DSC_0257\"\n                    src=\"https:\/\/scinawa.pl\/wp-content\/gallery\/2017-06-19-otwarcie-swietlicy-wielowies\/thumbs\/thumbs_DSC_0257.jpg\"\n                    width=\"200\"\n                    height=\"140\"\n                    style=\"max-width:100%;\"\n                \/>\n            <\/a>\n        <\/div>\n\t\t\t\t\t\t\t<\/div> \n\t\t\t\n\t\t\t\t<div id=\"ngg-image-3\" class=\"ngg-gallery-thumbnail-box \" >\n\t\t\t\t        <div class=\"ngg-gallery-thumbnail\">\n            <a href=\"https:\/\/scinawa.pl\/wp-content\/gallery\/2017-06-19-otwarcie-swietlicy-wielowies\/DSC_0263.jpg\"\n               title=\"\"\n               data-src=\"https:\/\/scinawa.pl\/wp-content\/gallery\/2017-06-19-otwarcie-swietlicy-wielowies\/DSC_0263.jpg\"\n               data-thumbnail=\"https:\/\/scinawa.pl\/wp-content\/gallery\/2017-06-19-otwarcie-swietlicy-wielowies\/thumbs\/thumbs_DSC_0263.jpg\"\n               data-image-id=\"1219\"\n               data-title=\"DSC_0263\"\n               data-description=\"\"\n               data-image-slug=\"dsc_0263-1\"\n               class=\"ngg-fancybox\" rel=\"b0b0ad0018563f4b322300d13dce00be\">\n                <img\n                    title=\"DSC_0263\"\n                    alt=\"DSC_0263\"\n                    src=\"https:\/\/scinawa.pl\/wp-content\/gallery\/2017-06-19-otwarcie-swietlicy-wielowies\/thumbs\/thumbs_DSC_0263.jpg\"\n                    width=\"200\"\n                    height=\"140\"\n                    style=\"max-width:100%;\"\n                \/>\n            <\/a>\n        <\/div>\n\t\t\t\t\t\t\t<\/div> \n\t\t\t\n\t\t\t\t<div id=\"ngg-image-4\" class=\"ngg-gallery-thumbnail-box \" >\n\t\t\t\t        <div class=\"ngg-gallery-thumbnail\">\n            <a href=\"https:\/\/scinawa.pl\/wp-content\/gallery\/2017-06-19-otwarcie-swietlicy-wielowies\/DSC_0267.jpg\"\n               title=\"\"\n               data-src=\"https:\/\/scinawa.pl\/wp-content\/gallery\/2017-06-19-otwarcie-swietlicy-wielowies\/DSC_0267.jpg\"\n               data-thumbnail=\"https:\/\/scinawa.pl\/wp-content\/gallery\/2017-06-19-otwarcie-swietlicy-wielowies\/thumbs\/thumbs_DSC_0267.jpg\"\n               data-image-id=\"1220\"\n               data-title=\"DSC_0267\"\n               data-description=\"\"\n               data-image-slug=\"dsc_0267\"\n               class=\"ngg-fancybox\" rel=\"b0b0ad0018563f4b322300d13dce00be\">\n                <img\n                    title=\"DSC_0267\"\n                    alt=\"DSC_0267\"\n                    src=\"https:\/\/scinawa.pl\/wp-content\/gallery\/2017-06-19-otwarcie-swietlicy-wielowies\/thumbs\/thumbs_DSC_0267.jpg\"\n                    width=\"200\"\n                    height=\"140\"\n                    style=\"max-width:100%;\"\n                \/>\n            <\/a>\n        <\/div>\n\t\t\t\t\t\t\t<\/div> \n\t\t\t\n\t\t\t\t<div id=\"ngg-image-5\" class=\"ngg-gallery-thumbnail-box \" >\n\t\t\t\t        <div class=\"ngg-gallery-thumbnail\">\n            <a href=\"https:\/\/scinawa.pl\/wp-content\/gallery\/2017-06-19-otwarcie-swietlicy-wielowies\/DSC_0270.jpg\"\n               title=\"\"\n               data-src=\"https:\/\/scinawa.pl\/wp-content\/gallery\/2017-06-19-otwarcie-swietlicy-wielowies\/DSC_0270.jpg\"\n               data-thumbnail=\"https:\/\/scinawa.pl\/wp-content\/gallery\/2017-06-19-otwarcie-swietlicy-wielowies\/thumbs\/thumbs_DSC_0270.jpg\"\n               data-image-id=\"1221\"\n               data-title=\"DSC_0270\"\n               data-description=\"\"\n               data-image-slug=\"dsc_0270\"\n               class=\"ngg-fancybox\" rel=\"b0b0ad0018563f4b322300d13dce00be\">\n                <img\n                    title=\"DSC_0270\"\n                    alt=\"DSC_0270\"\n                    src=\"https:\/\/scinawa.pl\/wp-content\/gallery\/2017-06-19-otwarcie-swietlicy-wielowies\/thumbs\/thumbs_DSC_0270.jpg\"\n                    width=\"200\"\n                    height=\"140\"\n                    style=\"max-width:100%;\"\n                \/>\n            <\/a>\n        <\/div>\n\t\t\t\t\t\t\t<\/div> \n\t\t\t\n\t\t\t\t<div id=\"ngg-image-6\" class=\"ngg-gallery-thumbnail-box \" >\n\t\t\t\t        <div class=\"ngg-gallery-thumbnail\">\n            <a href=\"https:\/\/scinawa.pl\/wp-content\/gallery\/2017-06-19-otwarcie-swietlicy-wielowies\/DSC_0271.jpg\"\n               title=\"\"\n               data-src=\"https:\/\/scinawa.pl\/wp-content\/gallery\/2017-06-19-otwarcie-swietlicy-wielowies\/DSC_0271.jpg\"\n               data-thumbnail=\"https:\/\/scinawa.pl\/wp-content\/gallery\/2017-06-19-otwarcie-swietlicy-wielowies\/thumbs\/thumbs_DSC_0271.jpg\"\n               data-image-id=\"1222\"\n               data-title=\"DSC_0271\"\n               data-description=\"\"\n               data-image-slug=\"dsc_0271\"\n               class=\"ngg-fancybox\" rel=\"b0b0ad0018563f4b322300d13dce00be\">\n                <img\n                    title=\"DSC_0271\"\n                    alt=\"DSC_0271\"\n                    src=\"https:\/\/scinawa.pl\/wp-content\/gallery\/2017-06-19-otwarcie-swietlicy-wielowies\/thumbs\/thumbs_DSC_0271.jpg\"\n                    width=\"200\"\n                    height=\"140\"\n                    style=\"max-width:100%;\"\n                \/>\n            <\/a>\n        <\/div>\n\t\t\t\t\t\t\t<\/div> \n\t\t\t\n\t\t\t\t<div id=\"ngg-image-7\" class=\"ngg-gallery-thumbnail-box \" >\n\t\t\t\t        <div class=\"ngg-gallery-thumbnail\">\n            <a href=\"https:\/\/scinawa.pl\/wp-content\/gallery\/2017-06-19-otwarcie-swietlicy-wielowies\/DSC_0278.jpg\"\n               title=\"\"\n               data-src=\"https:\/\/scinawa.pl\/wp-content\/gallery\/2017-06-19-otwarcie-swietlicy-wielowies\/DSC_0278.jpg\"\n               data-thumbnail=\"https:\/\/scinawa.pl\/wp-content\/gallery\/2017-06-19-otwarcie-swietlicy-wielowies\/thumbs\/thumbs_DSC_0278.jpg\"\n               data-image-id=\"1223\"\n               data-title=\"DSC_0278\"\n               data-description=\"\"\n               data-image-slug=\"dsc_0278\"\n               class=\"ngg-fancybox\" rel=\"b0b0ad0018563f4b322300d13dce00be\">\n                <img\n                    title=\"DSC_0278\"\n                    alt=\"DSC_0278\"\n                    src=\"https:\/\/scinawa.pl\/wp-content\/gallery\/2017-06-19-otwarcie-swietlicy-wielowies\/thumbs\/thumbs_DSC_0278.jpg\"\n                    width=\"200\"\n                    height=\"140\"\n                    style=\"max-width:100%;\"\n                \/>\n            <\/a>\n        <\/div>\n\t\t\t\t\t\t\t<\/div> \n\t\t\t\n\t\t\t\t<div id=\"ngg-image-8\" class=\"ngg-gallery-thumbnail-box \" >\n\t\t\t\t        <div class=\"ngg-gallery-thumbnail\">\n            <a href=\"https:\/\/scinawa.pl\/wp-content\/gallery\/2017-06-19-otwarcie-swietlicy-wielowies\/DSC_0280.jpg\"\n               title=\"\"\n               data-src=\"https:\/\/scinawa.pl\/wp-content\/gallery\/2017-06-19-otwarcie-swietlicy-wielowies\/DSC_0280.jpg\"\n               data-thumbnail=\"https:\/\/scinawa.pl\/wp-content\/gallery\/2017-06-19-otwarcie-swietlicy-wielowies\/thumbs\/thumbs_DSC_0280.jpg\"\n               data-image-id=\"1224\"\n               data-title=\"DSC_0280\"\n               data-description=\"\"\n               data-image-slug=\"dsc_0280\"\n               class=\"ngg-fancybox\" rel=\"b0b0ad0018563f4b322300d13dce00be\">\n                <img\n                    title=\"DSC_0280\"\n                    alt=\"DSC_0280\"\n                    src=\"https:\/\/scinawa.pl\/wp-content\/gallery\/2017-06-19-otwarcie-swietlicy-wielowies\/thumbs\/thumbs_DSC_0280.jpg\"\n                    width=\"200\"\n                    height=\"140\"\n                    style=\"max-width:100%;\"\n                \/>\n            <\/a>\n        <\/div>\n\t\t\t\t\t\t\t<\/div> \n\t\t\t\n\t\t\t\t<div id=\"ngg-image-9\" class=\"ngg-gallery-thumbnail-box \" >\n\t\t\t\t        <div class=\"ngg-gallery-thumbnail\">\n            <a href=\"https:\/\/scinawa.pl\/wp-content\/gallery\/2017-06-19-otwarcie-swietlicy-wielowies\/DSC_0281.jpg\"\n               title=\"\"\n               data-src=\"https:\/\/scinawa.pl\/wp-content\/gallery\/2017-06-19-otwarcie-swietlicy-wielowies\/DSC_0281.jpg\"\n               data-thumbnail=\"https:\/\/scinawa.pl\/wp-content\/gallery\/2017-06-19-otwarcie-swietlicy-wielowies\/thumbs\/thumbs_DSC_0281.jpg\"\n               data-image-id=\"1225\"\n               data-title=\"DSC_0281\"\n               data-description=\"\"\n               data-image-slug=\"dsc_0281\"\n               class=\"ngg-fancybox\" rel=\"b0b0ad0018563f4b322300d13dce00be\">\n                <img\n                    title=\"DSC_0281\"\n                    alt=\"DSC_0281\"\n                    src=\"https:\/\/scinawa.pl\/wp-content\/gallery\/2017-06-19-otwarcie-swietlicy-wielowies\/thumbs\/thumbs_DSC_0281.jpg\"\n                    width=\"200\"\n                    height=\"140\"\n                    style=\"max-width:100%;\"\n                \/>\n            <\/a>\n        <\/div>\n\t\t\t\t\t\t\t<\/div> \n\t\t\t\n\t\t\t\t<div id=\"ngg-image-10\" class=\"ngg-gallery-thumbnail-box \" >\n\t\t\t\t        <div class=\"ngg-gallery-thumbnail\">\n            <a href=\"https:\/\/scinawa.pl\/wp-content\/gallery\/2017-06-19-otwarcie-swietlicy-wielowies\/DSC_0290.jpg\"\n               title=\"\"\n               data-src=\"https:\/\/scinawa.pl\/wp-content\/gallery\/2017-06-19-otwarcie-swietlicy-wielowies\/DSC_0290.jpg\"\n               data-thumbnail=\"https:\/\/scinawa.pl\/wp-content\/gallery\/2017-06-19-otwarcie-swietlicy-wielowies\/thumbs\/thumbs_DSC_0290.jpg\"\n               data-image-id=\"1226\"\n               data-title=\"DSC_0290\"\n               data-description=\"\"\n               data-image-slug=\"dsc_0290\"\n               class=\"ngg-fancybox\" rel=\"b0b0ad0018563f4b322300d13dce00be\">\n                <img\n                    title=\"DSC_0290\"\n                    alt=\"DSC_0290\"\n                    src=\"https:\/\/scinawa.pl\/wp-content\/gallery\/2017-06-19-otwarcie-swietlicy-wielowies\/thumbs\/thumbs_DSC_0290.jpg\"\n                    width=\"200\"\n                    height=\"140\"\n                    style=\"max-width:100%;\"\n                \/>\n            <\/a>\n        <\/div>\n\t\t\t\t\t\t\t<\/div> \n\t\t\t\n\t\t\t\t<div id=\"ngg-image-11\" class=\"ngg-gallery-thumbnail-box \" >\n\t\t\t\t        <div class=\"ngg-gallery-thumbnail\">\n            <a href=\"https:\/\/scinawa.pl\/wp-content\/gallery\/2017-06-19-otwarcie-swietlicy-wielowies\/DSC_0294.jpg\"\n               title=\"\"\n               data-src=\"https:\/\/scinawa.pl\/wp-content\/gallery\/2017-06-19-otwarcie-swietlicy-wielowies\/DSC_0294.jpg\"\n               data-thumbnail=\"https:\/\/scinawa.pl\/wp-content\/gallery\/2017-06-19-otwarcie-swietlicy-wielowies\/thumbs\/thumbs_DSC_0294.jpg\"\n               data-image-id=\"1227\"\n               data-title=\"DSC_0294\"\n               data-description=\"\"\n               data-image-slug=\"dsc_0294\"\n               class=\"ngg-fancybox\" rel=\"b0b0ad0018563f4b322300d13dce00be\">\n                <img\n                    title=\"DSC_0294\"\n                    alt=\"DSC_0294\"\n                    src=\"https:\/\/scinawa.pl\/wp-content\/gallery\/2017-06-19-otwarcie-swietlicy-wielowies\/thumbs\/thumbs_DSC_0294.jpg\"\n                    width=\"200\"\n                    height=\"140\"\n                    style=\"max-width:100%;\"\n                \/>\n            <\/a>\n        <\/div>\n\t\t\t\t\t\t\t<\/div> \n\t\t\t\n\t\t\t\t<div id=\"ngg-image-12\" class=\"ngg-gallery-thumbnail-box \" >\n\t\t\t\t        <div class=\"ngg-gallery-thumbnail\">\n            <a href=\"https:\/\/scinawa.pl\/wp-content\/gallery\/2017-06-19-otwarcie-swietlicy-wielowies\/DSC_0295.jpg\"\n               title=\"\"\n               data-src=\"https:\/\/scinawa.pl\/wp-content\/gallery\/2017-06-19-otwarcie-swietlicy-wielowies\/DSC_0295.jpg\"\n               data-thumbnail=\"https:\/\/scinawa.pl\/wp-content\/gallery\/2017-06-19-otwarcie-swietlicy-wielowies\/thumbs\/thumbs_DSC_0295.jpg\"\n               data-image-id=\"1228\"\n               data-title=\"DSC_0295\"\n               data-description=\"\"\n               data-image-slug=\"dsc_0295\"\n               class=\"ngg-fancybox\" rel=\"b0b0ad0018563f4b322300d13dce00be\">\n                <img\n                    title=\"DSC_0295\"\n                    alt=\"DSC_0295\"\n                    src=\"https:\/\/scinawa.pl\/wp-content\/gallery\/2017-06-19-otwarcie-swietlicy-wielowies\/thumbs\/thumbs_DSC_0295.jpg\"\n                    width=\"200\"\n                    height=\"140\"\n                    style=\"max-width:100%;\"\n                \/>\n            <\/a>\n        <\/div>\n\t\t\t\t\t\t\t<\/div> \n\t\t\t\n\t\t\t\t<div id=\"ngg-image-13\" class=\"ngg-gallery-thumbnail-box \" >\n\t\t\t\t        <div class=\"ngg-gallery-thumbnail\">\n            <a href=\"https:\/\/scinawa.pl\/wp-content\/gallery\/2017-06-19-otwarcie-swietlicy-wielowies\/DSC_0297.jpg\"\n               title=\"\"\n               data-src=\"https:\/\/scinawa.pl\/wp-content\/gallery\/2017-06-19-otwarcie-swietlicy-wielowies\/DSC_0297.jpg\"\n               data-thumbnail=\"https:\/\/scinawa.pl\/wp-content\/gallery\/2017-06-19-otwarcie-swietlicy-wielowies\/thumbs\/thumbs_DSC_0297.jpg\"\n               data-image-id=\"1229\"\n               data-title=\"DSC_0297\"\n               data-description=\"\"\n               data-image-slug=\"dsc_0297\"\n               class=\"ngg-fancybox\" rel=\"b0b0ad0018563f4b322300d13dce00be\">\n                <img\n                    title=\"DSC_0297\"\n                    alt=\"DSC_0297\"\n                    src=\"https:\/\/scinawa.pl\/wp-content\/gallery\/2017-06-19-otwarcie-swietlicy-wielowies\/thumbs\/thumbs_DSC_0297.jpg\"\n                    width=\"200\"\n                    height=\"140\"\n                    style=\"max-width:100%;\"\n                \/>\n            <\/a>\n        <\/div>\n\t\t\t\t\t\t\t<\/div> \n\t\t\t\n\t\t\t\t<div id=\"ngg-image-14\" class=\"ngg-gallery-thumbnail-box \" >\n\t\t\t\t        <div class=\"ngg-gallery-thumbnail\">\n            <a href=\"https:\/\/scinawa.pl\/wp-content\/gallery\/2017-06-19-otwarcie-swietlicy-wielowies\/DSC_0298.jpg\"\n               title=\"\"\n               data-src=\"https:\/\/scinawa.pl\/wp-content\/gallery\/2017-06-19-otwarcie-swietlicy-wielowies\/DSC_0298.jpg\"\n               data-thumbnail=\"https:\/\/scinawa.pl\/wp-content\/gallery\/2017-06-19-otwarcie-swietlicy-wielowies\/thumbs\/thumbs_DSC_0298.jpg\"\n               data-image-id=\"1230\"\n               data-title=\"DSC_0298\"\n               data-description=\"\"\n               data-image-slug=\"dsc_0298\"\n               class=\"ngg-fancybox\" rel=\"b0b0ad0018563f4b322300d13dce00be\">\n                <img\n                    title=\"DSC_0298\"\n                    alt=\"DSC_0298\"\n                    src=\"https:\/\/scinawa.pl\/wp-content\/gallery\/2017-06-19-otwarcie-swietlicy-wielowies\/thumbs\/thumbs_DSC_0298.jpg\"\n                    width=\"200\"\n                    height=\"140\"\n                    style=\"max-width:100%;\"\n                \/>\n            <\/a>\n        <\/div>\n\t\t\t\t\t\t\t<\/div> \n\t\t\t\n\t\t\t\t<div id=\"ngg-image-15\" class=\"ngg-gallery-thumbnail-box \" >\n\t\t\t\t        <div class=\"ngg-gallery-thumbnail\">\n            <a href=\"https:\/\/scinawa.pl\/wp-content\/gallery\/2017-06-19-otwarcie-swietlicy-wielowies\/DSC_0300.jpg\"\n               title=\"\"\n               data-src=\"https:\/\/scinawa.pl\/wp-content\/gallery\/2017-06-19-otwarcie-swietlicy-wielowies\/DSC_0300.jpg\"\n               data-thumbnail=\"https:\/\/scinawa.pl\/wp-content\/gallery\/2017-06-19-otwarcie-swietlicy-wielowies\/thumbs\/thumbs_DSC_0300.jpg\"\n               data-image-id=\"1231\"\n               data-title=\"DSC_0300\"\n               data-description=\"\"\n               data-image-slug=\"dsc_0300\"\n               class=\"ngg-fancybox\" rel=\"b0b0ad0018563f4b322300d13dce00be\">\n                <img\n                    title=\"DSC_0300\"\n                    alt=\"DSC_0300\"\n                    src=\"https:\/\/scinawa.pl\/wp-content\/gallery\/2017-06-19-otwarcie-swietlicy-wielowies\/thumbs\/thumbs_DSC_0300.jpg\"\n                    width=\"200\"\n                    height=\"140\"\n                    style=\"max-width:100%;\"\n                \/>\n            <\/a>\n        <\/div>\n\t\t\t\t\t\t\t<\/div> \n\t\t\t\n\t\t\t\t<div id=\"ngg-image-16\" class=\"ngg-gallery-thumbnail-box \" >\n\t\t\t\t        <div class=\"ngg-gallery-thumbnail\">\n            <a href=\"https:\/\/scinawa.pl\/wp-content\/gallery\/2017-06-19-otwarcie-swietlicy-wielowies\/DSC_0309.jpg\"\n               title=\"\"\n               data-src=\"https:\/\/scinawa.pl\/wp-content\/gallery\/2017-06-19-otwarcie-swietlicy-wielowies\/DSC_0309.jpg\"\n               data-thumbnail=\"https:\/\/scinawa.pl\/wp-content\/gallery\/2017-06-19-otwarcie-swietlicy-wielowies\/thumbs\/thumbs_DSC_0309.jpg\"\n               data-image-id=\"1232\"\n               data-title=\"DSC_0309\"\n               data-description=\"\"\n               data-image-slug=\"dsc_0309\"\n               class=\"ngg-fancybox\" rel=\"b0b0ad0018563f4b322300d13dce00be\">\n                <img\n                    title=\"DSC_0309\"\n                    alt=\"DSC_0309\"\n                    src=\"https:\/\/scinawa.pl\/wp-content\/gallery\/2017-06-19-otwarcie-swietlicy-wielowies\/thumbs\/thumbs_DSC_0309.jpg\"\n                    width=\"200\"\n                    height=\"140\"\n                    style=\"max-width:100%;\"\n                \/>\n            <\/a>\n        <\/div>\n\t\t\t\t\t\t\t<\/div> \n\t\t\t\n\t\t\t\t<div id=\"ngg-image-17\" class=\"ngg-gallery-thumbnail-box \" >\n\t\t\t\t        <div class=\"ngg-gallery-thumbnail\">\n            <a href=\"https:\/\/scinawa.pl\/wp-content\/gallery\/2017-06-19-otwarcie-swietlicy-wielowies\/DSC_0312.jpg\"\n               title=\"\"\n               data-src=\"https:\/\/scinawa.pl\/wp-content\/gallery\/2017-06-19-otwarcie-swietlicy-wielowies\/DSC_0312.jpg\"\n               data-thumbnail=\"https:\/\/scinawa.pl\/wp-content\/gallery\/2017-06-19-otwarcie-swietlicy-wielowies\/thumbs\/thumbs_DSC_0312.jpg\"\n               data-image-id=\"1233\"\n               data-title=\"DSC_0312\"\n               data-description=\"\"\n               data-image-slug=\"dsc_0312\"\n               class=\"ngg-fancybox\" rel=\"b0b0ad0018563f4b322300d13dce00be\">\n                <img\n                    title=\"DSC_0312\"\n                    alt=\"DSC_0312\"\n                    src=\"https:\/\/scinawa.pl\/wp-content\/gallery\/2017-06-19-otwarcie-swietlicy-wielowies\/thumbs\/thumbs_DSC_0312.jpg\"\n                    width=\"200\"\n                    height=\"140\"\n                    style=\"max-width:100%;\"\n                \/>\n            <\/a>\n        <\/div>\n\t\t\t\t\t\t\t<\/div> \n\t\t\t\n\t\t\t\t<div id=\"ngg-image-18\" class=\"ngg-gallery-thumbnail-box \" >\n\t\t\t\t        <div class=\"ngg-gallery-thumbnail\">\n            <a href=\"https:\/\/scinawa.pl\/wp-content\/gallery\/2017-06-19-otwarcie-swietlicy-wielowies\/DSC_0316.jpg\"\n               title=\"\"\n               data-src=\"https:\/\/scinawa.pl\/wp-content\/gallery\/2017-06-19-otwarcie-swietlicy-wielowies\/DSC_0316.jpg\"\n               data-thumbnail=\"https:\/\/scinawa.pl\/wp-content\/gallery\/2017-06-19-otwarcie-swietlicy-wielowies\/thumbs\/thumbs_DSC_0316.jpg\"\n               data-image-id=\"1234\"\n               data-title=\"DSC_0316\"\n               data-description=\"\"\n               data-image-slug=\"dsc_0316\"\n               class=\"ngg-fancybox\" rel=\"b0b0ad0018563f4b322300d13dce00be\">\n                <img\n                    title=\"DSC_0316\"\n                    alt=\"DSC_0316\"\n                    src=\"https:\/\/scinawa.pl\/wp-content\/gallery\/2017-06-19-otwarcie-swietlicy-wielowies\/thumbs\/thumbs_DSC_0316.jpg\"\n                    width=\"200\"\n                    height=\"140\"\n                    style=\"max-width:100%;\"\n                \/>\n            <\/a>\n        <\/div>\n\t\t\t\t\t\t\t<\/div> \n\t\t\t\n\t\t\t\t<div id=\"ngg-image-19\" class=\"ngg-gallery-thumbnail-box \" >\n\t\t\t\t        <div class=\"ngg-gallery-thumbnail\">\n            <a href=\"https:\/\/scinawa.pl\/wp-content\/gallery\/2017-06-19-otwarcie-swietlicy-wielowies\/DSC_0322.jpg\"\n               title=\"\"\n               data-src=\"https:\/\/scinawa.pl\/wp-content\/gallery\/2017-06-19-otwarcie-swietlicy-wielowies\/DSC_0322.jpg\"\n               data-thumbnail=\"https:\/\/scinawa.pl\/wp-content\/gallery\/2017-06-19-otwarcie-swietlicy-wielowies\/thumbs\/thumbs_DSC_0322.jpg\"\n               data-image-id=\"1235\"\n               data-title=\"DSC_0322\"\n               data-description=\"\"\n               data-image-slug=\"dsc_0322\"\n               class=\"ngg-fancybox\" rel=\"b0b0ad0018563f4b322300d13dce00be\">\n                <img\n                    title=\"DSC_0322\"\n                    alt=\"DSC_0322\"\n                    src=\"https:\/\/scinawa.pl\/wp-content\/gallery\/2017-06-19-otwarcie-swietlicy-wielowies\/thumbs\/thumbs_DSC_0322.jpg\"\n                    width=\"200\"\n                    height=\"140\"\n                    style=\"max-width:100%;\"\n                \/>\n            <\/a>\n        <\/div>\n\t\t\t\t\t\t\t<\/div> \n\t\t\t\n\t\t\t\t<div id=\"ngg-image-20\" class=\"ngg-gallery-thumbnail-box \" >\n\t\t\t\t        <div class=\"ngg-gallery-thumbnail\">\n            <a href=\"https:\/\/scinawa.pl\/wp-content\/gallery\/2017-06-19-otwarcie-swietlicy-wielowies\/DSC_0323.jpg\"\n               title=\"\"\n               data-src=\"https:\/\/scinawa.pl\/wp-content\/gallery\/2017-06-19-otwarcie-swietlicy-wielowies\/DSC_0323.jpg\"\n               data-thumbnail=\"https:\/\/scinawa.pl\/wp-content\/gallery\/2017-06-19-otwarcie-swietlicy-wielowies\/thumbs\/thumbs_DSC_0323.jpg\"\n               data-image-id=\"1236\"\n               data-title=\"DSC_0323\"\n               data-description=\"\"\n               data-image-slug=\"dsc_0323\"\n               class=\"ngg-fancybox\" rel=\"b0b0ad0018563f4b322300d13dce00be\">\n                <img\n                    title=\"DSC_0323\"\n                    alt=\"DSC_0323\"\n                    src=\"https:\/\/scinawa.pl\/wp-content\/gallery\/2017-06-19-otwarcie-swietlicy-wielowies\/thumbs\/thumbs_DSC_0323.jpg\"\n                    width=\"200\"\n                    height=\"140\"\n                    style=\"max-width:100%;\"\n                \/>\n            <\/a>\n        <\/div>\n\t\t\t\t\t\t\t<\/div> \n\t\t\t\n\t\t\t\t<div id=\"ngg-image-21\" class=\"ngg-gallery-thumbnail-box \" >\n\t\t\t\t        <div class=\"ngg-gallery-thumbnail\">\n            <a href=\"https:\/\/scinawa.pl\/wp-content\/gallery\/2017-06-19-otwarcie-swietlicy-wielowies\/DSC_0325.jpg\"\n               title=\"\"\n               data-src=\"https:\/\/scinawa.pl\/wp-content\/gallery\/2017-06-19-otwarcie-swietlicy-wielowies\/DSC_0325.jpg\"\n               data-thumbnail=\"https:\/\/scinawa.pl\/wp-content\/gallery\/2017-06-19-otwarcie-swietlicy-wielowies\/thumbs\/thumbs_DSC_0325.jpg\"\n               data-image-id=\"1237\"\n               data-title=\"DSC_0325\"\n               data-description=\"\"\n               data-image-slug=\"dsc_0325\"\n               class=\"ngg-fancybox\" rel=\"b0b0ad0018563f4b322300d13dce00be\">\n                <img\n                    title=\"DSC_0325\"\n                    alt=\"DSC_0325\"\n                    src=\"https:\/\/scinawa.pl\/wp-content\/gallery\/2017-06-19-otwarcie-swietlicy-wielowies\/thumbs\/thumbs_DSC_0325.jpg\"\n                    width=\"200\"\n                    height=\"140\"\n                    style=\"max-width:100%;\"\n                \/>\n            <\/a>\n        <\/div>\n\t\t\t\t\t\t\t<\/div> \n\t\t\t\n\t\t\t\t<div id=\"ngg-image-22\" class=\"ngg-gallery-thumbnail-box \" >\n\t\t\t\t        <div class=\"ngg-gallery-thumbnail\">\n            <a href=\"https:\/\/scinawa.pl\/wp-content\/gallery\/2017-06-19-otwarcie-swietlicy-wielowies\/DSC_0326.jpg\"\n               title=\"\"\n               data-src=\"https:\/\/scinawa.pl\/wp-content\/gallery\/2017-06-19-otwarcie-swietlicy-wielowies\/DSC_0326.jpg\"\n               data-thumbnail=\"https:\/\/scinawa.pl\/wp-content\/gallery\/2017-06-19-otwarcie-swietlicy-wielowies\/thumbs\/thumbs_DSC_0326.jpg\"\n               data-image-id=\"1238\"\n               data-title=\"DSC_0326\"\n               data-description=\"\"\n               data-image-slug=\"dsc_0326\"\n               class=\"ngg-fancybox\" rel=\"b0b0ad0018563f4b322300d13dce00be\">\n                <img\n                    title=\"DSC_0326\"\n                    alt=\"DSC_0326\"\n                    src=\"https:\/\/scinawa.pl\/wp-content\/gallery\/2017-06-19-otwarcie-swietlicy-wielowies\/thumbs\/thumbs_DSC_0326.jpg\"\n                    width=\"200\"\n                    height=\"140\"\n                    style=\"max-width:100%;\"\n                \/>\n            <\/a>\n        <\/div>\n\t\t\t\t\t\t\t<\/div> \n\t\t\t\n\t\t\t\t<div id=\"ngg-image-23\" class=\"ngg-gallery-thumbnail-box \" >\n\t\t\t\t        <div class=\"ngg-gallery-thumbnail\">\n            <a href=\"https:\/\/scinawa.pl\/wp-content\/gallery\/2017-06-19-otwarcie-swietlicy-wielowies\/DSC_0328.jpg\"\n               title=\"\"\n               data-src=\"https:\/\/scinawa.pl\/wp-content\/gallery\/2017-06-19-otwarcie-swietlicy-wielowies\/DSC_0328.jpg\"\n               data-thumbnail=\"https:\/\/scinawa.pl\/wp-content\/gallery\/2017-06-19-otwarcie-swietlicy-wielowies\/thumbs\/thumbs_DSC_0328.jpg\"\n               data-image-id=\"1239\"\n               data-title=\"DSC_0328\"\n               data-description=\"\"\n               data-image-slug=\"dsc_0328\"\n               class=\"ngg-fancybox\" rel=\"b0b0ad0018563f4b322300d13dce00be\">\n                <img\n                    title=\"DSC_0328\"\n                    alt=\"DSC_0328\"\n                    src=\"https:\/\/scinawa.pl\/wp-content\/gallery\/2017-06-19-otwarcie-swietlicy-wielowies\/thumbs\/thumbs_DSC_0328.jpg\"\n                    width=\"200\"\n                    height=\"140\"\n                    style=\"max-width:100%;\"\n                \/>\n            <\/a>\n        <\/div>\n\t\t\t\t\t\t\t<\/div> \n\t\t\t\n\t\t\t\t<div id=\"ngg-image-24\" class=\"ngg-gallery-thumbnail-box \" >\n\t\t\t\t        <div class=\"ngg-gallery-thumbnail\">\n            <a href=\"https:\/\/scinawa.pl\/wp-content\/gallery\/2017-06-19-otwarcie-swietlicy-wielowies\/DSC_0332.jpg\"\n               title=\"\"\n               data-src=\"https:\/\/scinawa.pl\/wp-content\/gallery\/2017-06-19-otwarcie-swietlicy-wielowies\/DSC_0332.jpg\"\n               data-thumbnail=\"https:\/\/scinawa.pl\/wp-content\/gallery\/2017-06-19-otwarcie-swietlicy-wielowies\/thumbs\/thumbs_DSC_0332.jpg\"\n               data-image-id=\"1240\"\n               data-title=\"DSC_0332\"\n               data-description=\"\"\n               data-image-slug=\"dsc_0332\"\n               class=\"ngg-fancybox\" rel=\"b0b0ad0018563f4b322300d13dce00be\">\n                <img\n                    title=\"DSC_0332\"\n                    alt=\"DSC_0332\"\n                    src=\"https:\/\/scinawa.pl\/wp-content\/gallery\/2017-06-19-otwarcie-swietlicy-wielowies\/thumbs\/thumbs_DSC_0332.jpg\"\n                    width=\"200\"\n                    height=\"140\"\n                    style=\"max-width:100%;\"\n                \/>\n            <\/a>\n        <\/div>\n\t\t\t\t\t\t\t<\/div> \n\t\t\t\n\t\t\t\t<div id=\"ngg-image-25\" class=\"ngg-gallery-thumbnail-box \" >\n\t\t\t\t        <div class=\"ngg-gallery-thumbnail\">\n            <a href=\"https:\/\/scinawa.pl\/wp-content\/gallery\/2017-06-19-otwarcie-swietlicy-wielowies\/DSC_0334.jpg\"\n               title=\"\"\n               data-src=\"https:\/\/scinawa.pl\/wp-content\/gallery\/2017-06-19-otwarcie-swietlicy-wielowies\/DSC_0334.jpg\"\n               data-thumbnail=\"https:\/\/scinawa.pl\/wp-content\/gallery\/2017-06-19-otwarcie-swietlicy-wielowies\/thumbs\/thumbs_DSC_0334.jpg\"\n               data-image-id=\"1241\"\n               data-title=\"DSC_0334\"\n               data-description=\"\"\n               data-image-slug=\"dsc_0334\"\n               class=\"ngg-fancybox\" rel=\"b0b0ad0018563f4b322300d13dce00be\">\n                <img\n                    title=\"DSC_0334\"\n                    alt=\"DSC_0334\"\n                    src=\"https:\/\/scinawa.pl\/wp-content\/gallery\/2017-06-19-otwarcie-swietlicy-wielowies\/thumbs\/thumbs_DSC_0334.jpg\"\n                    width=\"200\"\n                    height=\"140\"\n                    style=\"max-width:100%;\"\n                \/>\n            <\/a>\n        <\/div>\n\t\t\t\t\t\t\t<\/div> \n\t\t\t\n\t\t\t\t<div id=\"ngg-image-26\" class=\"ngg-gallery-thumbnail-box \" >\n\t\t\t\t        <div class=\"ngg-gallery-thumbnail\">\n            <a href=\"https:\/\/scinawa.pl\/wp-content\/gallery\/2017-06-19-otwarcie-swietlicy-wielowies\/DSC_0340.jpg\"\n               title=\"\"\n               data-src=\"https:\/\/scinawa.pl\/wp-content\/gallery\/2017-06-19-otwarcie-swietlicy-wielowies\/DSC_0340.jpg\"\n               data-thumbnail=\"https:\/\/scinawa.pl\/wp-content\/gallery\/2017-06-19-otwarcie-swietlicy-wielowies\/thumbs\/thumbs_DSC_0340.jpg\"\n               data-image-id=\"1242\"\n               data-title=\"DSC_0340\"\n               data-description=\"\"\n               data-image-slug=\"dsc_0340\"\n               class=\"ngg-fancybox\" rel=\"b0b0ad0018563f4b322300d13dce00be\">\n                <img\n                    title=\"DSC_0340\"\n                    alt=\"DSC_0340\"\n                    src=\"https:\/\/scinawa.pl\/wp-content\/gallery\/2017-06-19-otwarcie-swietlicy-wielowies\/thumbs\/thumbs_DSC_0340.jpg\"\n                    width=\"200\"\n                    height=\"140\"\n                    style=\"max-width:100%;\"\n                \/>\n            <\/a>\n        <\/div>\n\t\t\t\t\t\t\t<\/div> \n\t\t\t\n\t\t\t\t<div id=\"ngg-image-27\" class=\"ngg-gallery-thumbnail-box \" >\n\t\t\t\t        <div class=\"ngg-gallery-thumbnail\">\n            <a href=\"https:\/\/scinawa.pl\/wp-content\/gallery\/2017-06-19-otwarcie-swietlicy-wielowies\/DSC_0341.jpg\"\n               title=\"\"\n               data-src=\"https:\/\/scinawa.pl\/wp-content\/gallery\/2017-06-19-otwarcie-swietlicy-wielowies\/DSC_0341.jpg\"\n               data-thumbnail=\"https:\/\/scinawa.pl\/wp-content\/gallery\/2017-06-19-otwarcie-swietlicy-wielowies\/thumbs\/thumbs_DSC_0341.jpg\"\n               data-image-id=\"1243\"\n               data-title=\"DSC_0341\"\n               data-description=\"\"\n               data-image-slug=\"dsc_0341\"\n               class=\"ngg-fancybox\" rel=\"b0b0ad0018563f4b322300d13dce00be\">\n                <img\n                    title=\"DSC_0341\"\n                    alt=\"DSC_0341\"\n                    src=\"https:\/\/scinawa.pl\/wp-content\/gallery\/2017-06-19-otwarcie-swietlicy-wielowies\/thumbs\/thumbs_DSC_0341.jpg\"\n                    width=\"200\"\n                    height=\"140\"\n                    style=\"max-width:100%;\"\n                \/>\n            <\/a>\n        <\/div>\n\t\t\t\t\t\t\t<\/div> \n\t\t\t\n\t\t\t\t<div id=\"ngg-image-28\" class=\"ngg-gallery-thumbnail-box \" >\n\t\t\t\t        <div class=\"ngg-gallery-thumbnail\">\n            <a href=\"https:\/\/scinawa.pl\/wp-content\/gallery\/2017-06-19-otwarcie-swietlicy-wielowies\/DSC_0346.jpg\"\n               title=\"\"\n               data-src=\"https:\/\/scinawa.pl\/wp-content\/gallery\/2017-06-19-otwarcie-swietlicy-wielowies\/DSC_0346.jpg\"\n               data-thumbnail=\"https:\/\/scinawa.pl\/wp-content\/gallery\/2017-06-19-otwarcie-swietlicy-wielowies\/thumbs\/thumbs_DSC_0346.jpg\"\n               data-image-id=\"1244\"\n               data-title=\"DSC_0346\"\n               data-description=\"\"\n               data-image-slug=\"dsc_0346\"\n               class=\"ngg-fancybox\" rel=\"b0b0ad0018563f4b322300d13dce00be\">\n                <img\n                    title=\"DSC_0346\"\n                    alt=\"DSC_0346\"\n                    src=\"https:\/\/scinawa.pl\/wp-content\/gallery\/2017-06-19-otwarcie-swietlicy-wielowies\/thumbs\/thumbs_DSC_0346.jpg\"\n                    width=\"200\"\n                    height=\"140\"\n                    style=\"max-width:100%;\"\n                \/>\n            <\/a>\n        <\/div>\n\t\t\t\t\t\t\t<\/div> \n\t\t\t\n\t\t\t\t<div id=\"ngg-image-29\" class=\"ngg-gallery-thumbnail-box \" >\n\t\t\t\t        <div class=\"ngg-gallery-thumbnail\">\n            <a href=\"https:\/\/scinawa.pl\/wp-content\/gallery\/2017-06-19-otwarcie-swietlicy-wielowies\/DSC_0348.jpg\"\n               title=\"\"\n               data-src=\"https:\/\/scinawa.pl\/wp-content\/gallery\/2017-06-19-otwarcie-swietlicy-wielowies\/DSC_0348.jpg\"\n               data-thumbnail=\"https:\/\/scinawa.pl\/wp-content\/gallery\/2017-06-19-otwarcie-swietlicy-wielowies\/thumbs\/thumbs_DSC_0348.jpg\"\n               data-image-id=\"1245\"\n               data-title=\"DSC_0348\"\n               data-description=\"\"\n               data-image-slug=\"dsc_0348\"\n               class=\"ngg-fancybox\" rel=\"b0b0ad0018563f4b322300d13dce00be\">\n                <img\n                    title=\"DSC_0348\"\n                    alt=\"DSC_0348\"\n                    src=\"https:\/\/scinawa.pl\/wp-content\/gallery\/2017-06-19-otwarcie-swietlicy-wielowies\/thumbs\/thumbs_DSC_0348.jpg\"\n                    width=\"200\"\n                    height=\"140\"\n                    style=\"max-width:100%;\"\n                \/>\n            <\/a>\n        <\/div>\n\t\t\t\t\t\t\t<\/div> \n\t\t\t\n\t\t\t\t<div id=\"ngg-image-30\" class=\"ngg-gallery-thumbnail-box \" >\n\t\t\t\t        <div class=\"ngg-gallery-thumbnail\">\n            <a href=\"https:\/\/scinawa.pl\/wp-content\/gallery\/2017-06-19-otwarcie-swietlicy-wielowies\/DSC_0350.jpg\"\n               title=\"\"\n               data-src=\"https:\/\/scinawa.pl\/wp-content\/gallery\/2017-06-19-otwarcie-swietlicy-wielowies\/DSC_0350.jpg\"\n               data-thumbnail=\"https:\/\/scinawa.pl\/wp-content\/gallery\/2017-06-19-otwarcie-swietlicy-wielowies\/thumbs\/thumbs_DSC_0350.jpg\"\n               data-image-id=\"1246\"\n               data-title=\"DSC_0350\"\n               data-description=\"\"\n               data-image-slug=\"dsc_0350\"\n               class=\"ngg-fancybox\" rel=\"b0b0ad0018563f4b322300d13dce00be\">\n                <img\n                    title=\"DSC_0350\"\n                    alt=\"DSC_0350\"\n                    src=\"https:\/\/scinawa.pl\/wp-content\/gallery\/2017-06-19-otwarcie-swietlicy-wielowies\/thumbs\/thumbs_DSC_0350.jpg\"\n                    width=\"200\"\n                    height=\"140\"\n                    style=\"max-width:100%;\"\n                \/>\n            <\/a>\n        <\/div>\n\t\t\t\t\t\t\t<\/div> \n\t\t\t\n\t\t\t\t<div id=\"ngg-image-31\" class=\"ngg-gallery-thumbnail-box \" >\n\t\t\t\t        <div class=\"ngg-gallery-thumbnail\">\n            <a href=\"https:\/\/scinawa.pl\/wp-content\/gallery\/2017-06-19-otwarcie-swietlicy-wielowies\/DSC_0353.jpg\"\n               title=\"\"\n               data-src=\"https:\/\/scinawa.pl\/wp-content\/gallery\/2017-06-19-otwarcie-swietlicy-wielowies\/DSC_0353.jpg\"\n               data-thumbnail=\"https:\/\/scinawa.pl\/wp-content\/gallery\/2017-06-19-otwarcie-swietlicy-wielowies\/thumbs\/thumbs_DSC_0353.jpg\"\n               data-image-id=\"1247\"\n               data-title=\"DSC_0353\"\n               data-description=\"\"\n               data-image-slug=\"dsc_0353\"\n               class=\"ngg-fancybox\" rel=\"b0b0ad0018563f4b322300d13dce00be\">\n                <img\n                    title=\"DSC_0353\"\n                    alt=\"DSC_0353\"\n                    src=\"https:\/\/scinawa.pl\/wp-content\/gallery\/2017-06-19-otwarcie-swietlicy-wielowies\/thumbs\/thumbs_DSC_0353.jpg\"\n                    width=\"200\"\n                    height=\"140\"\n                    style=\"max-width:100%;\"\n                \/>\n            <\/a>\n        <\/div>\n\t\t\t\t\t\t\t<\/div> \n\t\t\t\n\t\t\t\t<div id=\"ngg-image-32\" class=\"ngg-gallery-thumbnail-box \" >\n\t\t\t\t        <div class=\"ngg-gallery-thumbnail\">\n            <a href=\"https:\/\/scinawa.pl\/wp-content\/gallery\/2017-06-19-otwarcie-swietlicy-wielowies\/DSC_0355.jpg\"\n               title=\"\"\n               data-src=\"https:\/\/scinawa.pl\/wp-content\/gallery\/2017-06-19-otwarcie-swietlicy-wielowies\/DSC_0355.jpg\"\n               data-thumbnail=\"https:\/\/scinawa.pl\/wp-content\/gallery\/2017-06-19-otwarcie-swietlicy-wielowies\/thumbs\/thumbs_DSC_0355.jpg\"\n               data-image-id=\"1248\"\n               data-title=\"DSC_0355\"\n               data-description=\"\"\n               data-image-slug=\"dsc_0355\"\n               class=\"ngg-fancybox\" rel=\"b0b0ad0018563f4b322300d13dce00be\">\n                <img\n                    title=\"DSC_0355\"\n                    alt=\"DSC_0355\"\n                    src=\"https:\/\/scinawa.pl\/wp-content\/gallery\/2017-06-19-otwarcie-swietlicy-wielowies\/thumbs\/thumbs_DSC_0355.jpg\"\n                    width=\"200\"\n                    height=\"140\"\n                    style=\"max-width:100%;\"\n                \/>\n            <\/a>\n        <\/div>\n\t\t\t\t\t\t\t<\/div> \n\t\t\t\n\t\t\t\t<div id=\"ngg-image-33\" class=\"ngg-gallery-thumbnail-box \" >\n\t\t\t\t        <div class=\"ngg-gallery-thumbnail\">\n            <a href=\"https:\/\/scinawa.pl\/wp-content\/gallery\/2017-06-19-otwarcie-swietlicy-wielowies\/DSC_0356.jpg\"\n               title=\"\"\n               data-src=\"https:\/\/scinawa.pl\/wp-content\/gallery\/2017-06-19-otwarcie-swietlicy-wielowies\/DSC_0356.jpg\"\n               data-thumbnail=\"https:\/\/scinawa.pl\/wp-content\/gallery\/2017-06-19-otwarcie-swietlicy-wielowies\/thumbs\/thumbs_DSC_0356.jpg\"\n               data-image-id=\"1249\"\n               data-title=\"DSC_0356\"\n               data-description=\"\"\n               data-image-slug=\"dsc_0356\"\n               class=\"ngg-fancybox\" rel=\"b0b0ad0018563f4b322300d13dce00be\">\n                <img\n                    title=\"DSC_0356\"\n                    alt=\"DSC_0356\"\n                    src=\"https:\/\/scinawa.pl\/wp-content\/gallery\/2017-06-19-otwarcie-swietlicy-wielowies\/thumbs\/thumbs_DSC_0356.jpg\"\n                    width=\"200\"\n                    height=\"140\"\n                    style=\"max-width:100%;\"\n                \/>\n            <\/a>\n        <\/div>\n\t\t\t\t\t\t\t<\/div> \n\t\t\t\n\t\t\t\t<div id=\"ngg-image-34\" class=\"ngg-gallery-thumbnail-box \" >\n\t\t\t\t        <div class=\"ngg-gallery-thumbnail\">\n            <a href=\"https:\/\/scinawa.pl\/wp-content\/gallery\/2017-06-19-otwarcie-swietlicy-wielowies\/DSC_0362.jpg\"\n               title=\"\"\n               data-src=\"https:\/\/scinawa.pl\/wp-content\/gallery\/2017-06-19-otwarcie-swietlicy-wielowies\/DSC_0362.jpg\"\n               data-thumbnail=\"https:\/\/scinawa.pl\/wp-content\/gallery\/2017-06-19-otwarcie-swietlicy-wielowies\/thumbs\/thumbs_DSC_0362.jpg\"\n               data-image-id=\"1250\"\n               data-title=\"DSC_0362\"\n               data-description=\"\"\n               data-image-slug=\"dsc_0362\"\n               class=\"ngg-fancybox\" rel=\"b0b0ad0018563f4b322300d13dce00be\">\n                <img\n                    title=\"DSC_0362\"\n                    alt=\"DSC_0362\"\n                    src=\"https:\/\/scinawa.pl\/wp-content\/gallery\/2017-06-19-otwarcie-swietlicy-wielowies\/thumbs\/thumbs_DSC_0362.jpg\"\n                    width=\"200\"\n                    height=\"140\"\n                    style=\"max-width:100%;\"\n                \/>\n            <\/a>\n        <\/div>\n\t\t\t\t\t\t\t<\/div> \n\t\t\t\n\t\t\t\t<div id=\"ngg-image-35\" class=\"ngg-gallery-thumbnail-box \" >\n\t\t\t\t        <div class=\"ngg-gallery-thumbnail\">\n            <a href=\"https:\/\/scinawa.pl\/wp-content\/gallery\/2017-06-19-otwarcie-swietlicy-wielowies\/DSC_0369.jpg\"\n               title=\"\"\n               data-src=\"https:\/\/scinawa.pl\/wp-content\/gallery\/2017-06-19-otwarcie-swietlicy-wielowies\/DSC_0369.jpg\"\n               data-thumbnail=\"https:\/\/scinawa.pl\/wp-content\/gallery\/2017-06-19-otwarcie-swietlicy-wielowies\/thumbs\/thumbs_DSC_0369.jpg\"\n               data-image-id=\"1251\"\n               data-title=\"DSC_0369\"\n               data-description=\"\"\n               data-image-slug=\"dsc_0369\"\n               class=\"ngg-fancybox\" rel=\"b0b0ad0018563f4b322300d13dce00be\">\n                <img\n                    title=\"DSC_0369\"\n                    alt=\"DSC_0369\"\n                    src=\"https:\/\/scinawa.pl\/wp-content\/gallery\/2017-06-19-otwarcie-swietlicy-wielowies\/thumbs\/thumbs_DSC_0369.jpg\"\n                    width=\"200\"\n                    height=\"140\"\n                    style=\"max-width:100%;\"\n                \/>\n            <\/a>\n        <\/div>\n\t\t\t\t\t\t\t<\/div> \n\t\t\t\n\t\t\t\t<div id=\"ngg-image-36\" class=\"ngg-gallery-thumbnail-box \" >\n\t\t\t\t        <div class=\"ngg-gallery-thumbnail\">\n            <a href=\"https:\/\/scinawa.pl\/wp-content\/gallery\/2017-06-19-otwarcie-swietlicy-wielowies\/DSC_0370.jpg\"\n               title=\"\"\n               data-src=\"https:\/\/scinawa.pl\/wp-content\/gallery\/2017-06-19-otwarcie-swietlicy-wielowies\/DSC_0370.jpg\"\n               data-thumbnail=\"https:\/\/scinawa.pl\/wp-content\/gallery\/2017-06-19-otwarcie-swietlicy-wielowies\/thumbs\/thumbs_DSC_0370.jpg\"\n               data-image-id=\"1252\"\n               data-title=\"DSC_0370\"\n               data-description=\"\"\n               data-image-slug=\"dsc_0370\"\n               class=\"ngg-fancybox\" rel=\"b0b0ad0018563f4b322300d13dce00be\">\n                <img\n                    title=\"DSC_0370\"\n                    alt=\"DSC_0370\"\n                    src=\"https:\/\/scinawa.pl\/wp-content\/gallery\/2017-06-19-otwarcie-swietlicy-wielowies\/thumbs\/thumbs_DSC_0370.jpg\"\n                    width=\"200\"\n                    height=\"140\"\n                    style=\"max-width:100%;\"\n                \/>\n            <\/a>\n        <\/div>\n\t\t\t\t\t\t\t<\/div> \n\t\t\t\n\t\t\t\t<div id=\"ngg-image-37\" class=\"ngg-gallery-thumbnail-box \" >\n\t\t\t\t        <div class=\"ngg-gallery-thumbnail\">\n            <a href=\"https:\/\/scinawa.pl\/wp-content\/gallery\/2017-06-19-otwarcie-swietlicy-wielowies\/DSC_0381.jpg\"\n               title=\"\"\n               data-src=\"https:\/\/scinawa.pl\/wp-content\/gallery\/2017-06-19-otwarcie-swietlicy-wielowies\/DSC_0381.jpg\"\n               data-thumbnail=\"https:\/\/scinawa.pl\/wp-content\/gallery\/2017-06-19-otwarcie-swietlicy-wielowies\/thumbs\/thumbs_DSC_0381.jpg\"\n               data-image-id=\"1253\"\n               data-title=\"DSC_0381\"\n               data-description=\"\"\n               data-image-slug=\"dsc_0381\"\n               class=\"ngg-fancybox\" rel=\"b0b0ad0018563f4b322300d13dce00be\">\n                <img\n                    title=\"DSC_0381\"\n                    alt=\"DSC_0381\"\n                    src=\"https:\/\/scinawa.pl\/wp-content\/gallery\/2017-06-19-otwarcie-swietlicy-wielowies\/thumbs\/thumbs_DSC_0381.jpg\"\n                    width=\"200\"\n                    height=\"140\"\n                    style=\"max-width:100%;\"\n                \/>\n            <\/a>\n        <\/div>\n\t\t\t\t\t\t\t<\/div> \n\t\t\t\n\t\t\t\t<div id=\"ngg-image-38\" class=\"ngg-gallery-thumbnail-box \" >\n\t\t\t\t        <div class=\"ngg-gallery-thumbnail\">\n            <a href=\"https:\/\/scinawa.pl\/wp-content\/gallery\/2017-06-19-otwarcie-swietlicy-wielowies\/DSC_0385.jpg\"\n               title=\"\"\n               data-src=\"https:\/\/scinawa.pl\/wp-content\/gallery\/2017-06-19-otwarcie-swietlicy-wielowies\/DSC_0385.jpg\"\n               data-thumbnail=\"https:\/\/scinawa.pl\/wp-content\/gallery\/2017-06-19-otwarcie-swietlicy-wielowies\/thumbs\/thumbs_DSC_0385.jpg\"\n               data-image-id=\"1254\"\n               data-title=\"DSC_0385\"\n               data-description=\"\"\n               data-image-slug=\"dsc_0385\"\n               class=\"ngg-fancybox\" rel=\"b0b0ad0018563f4b322300d13dce00be\">\n                <img\n                    title=\"DSC_0385\"\n                    alt=\"DSC_0385\"\n                    src=\"https:\/\/scinawa.pl\/wp-content\/gallery\/2017-06-19-otwarcie-swietlicy-wielowies\/thumbs\/thumbs_DSC_0385.jpg\"\n                    width=\"200\"\n                    height=\"140\"\n                    style=\"max-width:100%;\"\n                \/>\n            <\/a>\n        <\/div>\n\t\t\t\t\t\t\t<\/div> \n\t\t\t\n\t\t\t\t<div id=\"ngg-image-39\" class=\"ngg-gallery-thumbnail-box \" >\n\t\t\t\t        <div class=\"ngg-gallery-thumbnail\">\n            <a href=\"https:\/\/scinawa.pl\/wp-content\/gallery\/2017-06-19-otwarcie-swietlicy-wielowies\/DSC_0386.jpg\"\n               title=\"\"\n               data-src=\"https:\/\/scinawa.pl\/wp-content\/gallery\/2017-06-19-otwarcie-swietlicy-wielowies\/DSC_0386.jpg\"\n               data-thumbnail=\"https:\/\/scinawa.pl\/wp-content\/gallery\/2017-06-19-otwarcie-swietlicy-wielowies\/thumbs\/thumbs_DSC_0386.jpg\"\n               data-image-id=\"1255\"\n               data-title=\"DSC_0386\"\n               data-description=\"\"\n               data-image-slug=\"dsc_0386\"\n               class=\"ngg-fancybox\" rel=\"b0b0ad0018563f4b322300d13dce00be\">\n                <img\n                    title=\"DSC_0386\"\n                    alt=\"DSC_0386\"\n                    src=\"https:\/\/scinawa.pl\/wp-content\/gallery\/2017-06-19-otwarcie-swietlicy-wielowies\/thumbs\/thumbs_DSC_0386.jpg\"\n                    width=\"200\"\n                    height=\"140\"\n                    style=\"max-width:100%;\"\n                \/>\n            <\/a>\n        <\/div>\n\t\t\t\t\t\t\t<\/div> \n\t\t\t\n\t\t\t\t<div id=\"ngg-image-40\" class=\"ngg-gallery-thumbnail-box \" >\n\t\t\t\t        <div class=\"ngg-gallery-thumbnail\">\n            <a href=\"https:\/\/scinawa.pl\/wp-content\/gallery\/2017-06-19-otwarcie-swietlicy-wielowies\/DSC_0388.jpg\"\n               title=\"\"\n               data-src=\"https:\/\/scinawa.pl\/wp-content\/gallery\/2017-06-19-otwarcie-swietlicy-wielowies\/DSC_0388.jpg\"\n               data-thumbnail=\"https:\/\/scinawa.pl\/wp-content\/gallery\/2017-06-19-otwarcie-swietlicy-wielowies\/thumbs\/thumbs_DSC_0388.jpg\"\n               data-image-id=\"1256\"\n               data-title=\"DSC_0388\"\n               data-description=\"\"\n               data-image-slug=\"dsc_0388\"\n               class=\"ngg-fancybox\" rel=\"b0b0ad0018563f4b322300d13dce00be\">\n                <img\n                    title=\"DSC_0388\"\n                    alt=\"DSC_0388\"\n                    src=\"https:\/\/scinawa.pl\/wp-content\/gallery\/2017-06-19-otwarcie-swietlicy-wielowies\/thumbs\/thumbs_DSC_0388.jpg\"\n                    width=\"200\"\n                    height=\"140\"\n                    style=\"max-width:100%;\"\n                \/>\n            <\/a>\n        <\/div>\n\t\t\t\t\t\t\t<\/div> \n\t\t\t\n\t\t\t\t<div id=\"ngg-image-41\" class=\"ngg-gallery-thumbnail-box \" >\n\t\t\t\t        <div class=\"ngg-gallery-thumbnail\">\n            <a href=\"https:\/\/scinawa.pl\/wp-content\/gallery\/2017-06-19-otwarcie-swietlicy-wielowies\/DSC_0390.jpg\"\n               title=\"\"\n               data-src=\"https:\/\/scinawa.pl\/wp-content\/gallery\/2017-06-19-otwarcie-swietlicy-wielowies\/DSC_0390.jpg\"\n               data-thumbnail=\"https:\/\/scinawa.pl\/wp-content\/gallery\/2017-06-19-otwarcie-swietlicy-wielowies\/thumbs\/thumbs_DSC_0390.jpg\"\n               data-image-id=\"1257\"\n               data-title=\"DSC_0390\"\n               data-description=\"\"\n               data-image-slug=\"dsc_0390\"\n               class=\"ngg-fancybox\" rel=\"b0b0ad0018563f4b322300d13dce00be\">\n                <img\n                    title=\"DSC_0390\"\n                    alt=\"DSC_0390\"\n                    src=\"https:\/\/scinawa.pl\/wp-content\/gallery\/2017-06-19-otwarcie-swietlicy-wielowies\/thumbs\/thumbs_DSC_0390.jpg\"\n                    width=\"200\"\n                    height=\"140\"\n                    style=\"max-width:100%;\"\n                \/>\n            <\/a>\n        <\/div>\n\t\t\t\t\t\t\t<\/div> \n\t\t\t\n\t\t\t\t<div id=\"ngg-image-42\" class=\"ngg-gallery-thumbnail-box \" >\n\t\t\t\t        <div class=\"ngg-gallery-thumbnail\">\n            <a href=\"https:\/\/scinawa.pl\/wp-content\/gallery\/2017-06-19-otwarcie-swietlicy-wielowies\/DSC_0395.jpg\"\n               title=\"\"\n               data-src=\"https:\/\/scinawa.pl\/wp-content\/gallery\/2017-06-19-otwarcie-swietlicy-wielowies\/DSC_0395.jpg\"\n               data-thumbnail=\"https:\/\/scinawa.pl\/wp-content\/gallery\/2017-06-19-otwarcie-swietlicy-wielowies\/thumbs\/thumbs_DSC_0395.jpg\"\n               data-image-id=\"1258\"\n               data-title=\"DSC_0395\"\n               data-description=\"\"\n               data-image-slug=\"dsc_0395\"\n               class=\"ngg-fancybox\" rel=\"b0b0ad0018563f4b322300d13dce00be\">\n                <img\n                    title=\"DSC_0395\"\n                    alt=\"DSC_0395\"\n                    src=\"https:\/\/scinawa.pl\/wp-content\/gallery\/2017-06-19-otwarcie-swietlicy-wielowies\/thumbs\/thumbs_DSC_0395.jpg\"\n                    width=\"200\"\n                    height=\"140\"\n                    style=\"max-width:100%;\"\n                \/>\n            <\/a>\n        <\/div>\n\t\t\t\t\t\t\t<\/div> \n\t\t\t\n\t\t\t\t<div id=\"ngg-image-43\" class=\"ngg-gallery-thumbnail-box \" >\n\t\t\t\t        <div class=\"ngg-gallery-thumbnail\">\n            <a href=\"https:\/\/scinawa.pl\/wp-content\/gallery\/2017-06-19-otwarcie-swietlicy-wielowies\/DSC_0399.jpg\"\n               title=\"\"\n               data-src=\"https:\/\/scinawa.pl\/wp-content\/gallery\/2017-06-19-otwarcie-swietlicy-wielowies\/DSC_0399.jpg\"\n               data-thumbnail=\"https:\/\/scinawa.pl\/wp-content\/gallery\/2017-06-19-otwarcie-swietlicy-wielowies\/thumbs\/thumbs_DSC_0399.jpg\"\n               data-image-id=\"1259\"\n               data-title=\"DSC_0399\"\n               data-description=\"\"\n               data-image-slug=\"dsc_0399\"\n               class=\"ngg-fancybox\" rel=\"b0b0ad0018563f4b322300d13dce00be\">\n                <img\n                    title=\"DSC_0399\"\n                    alt=\"DSC_0399\"\n                    src=\"https:\/\/scinawa.pl\/wp-content\/gallery\/2017-06-19-otwarcie-swietlicy-wielowies\/thumbs\/thumbs_DSC_0399.jpg\"\n                    width=\"200\"\n                    height=\"140\"\n                    style=\"max-width:100%;\"\n                \/>\n            <\/a>\n        <\/div>\n\t\t\t\t\t\t\t<\/div> \n\t\t\t\n\t\t\t\t<div id=\"ngg-image-44\" class=\"ngg-gallery-thumbnail-box \" >\n\t\t\t\t        <div class=\"ngg-gallery-thumbnail\">\n            <a href=\"https:\/\/scinawa.pl\/wp-content\/gallery\/2017-06-19-otwarcie-swietlicy-wielowies\/DSC_0400.jpg\"\n               title=\"\"\n               data-src=\"https:\/\/scinawa.pl\/wp-content\/gallery\/2017-06-19-otwarcie-swietlicy-wielowies\/DSC_0400.jpg\"\n               data-thumbnail=\"https:\/\/scinawa.pl\/wp-content\/gallery\/2017-06-19-otwarcie-swietlicy-wielowies\/thumbs\/thumbs_DSC_0400.jpg\"\n               data-image-id=\"1260\"\n               data-title=\"DSC_0400\"\n               data-description=\"\"\n               data-image-slug=\"dsc_0400\"\n               class=\"ngg-fancybox\" rel=\"b0b0ad0018563f4b322300d13dce00be\">\n                <img\n                    title=\"DSC_0400\"\n                    alt=\"DSC_0400\"\n                    src=\"https:\/\/scinawa.pl\/wp-content\/gallery\/2017-06-19-otwarcie-swietlicy-wielowies\/thumbs\/thumbs_DSC_0400.jpg\"\n                    width=\"200\"\n                    height=\"140\"\n                    style=\"max-width:100%;\"\n                \/>\n            <\/a>\n        <\/div>\n\t\t\t\t\t\t\t<\/div> \n\t\t\t\n\t\t\t\t<div id=\"ngg-image-45\" class=\"ngg-gallery-thumbnail-box \" >\n\t\t\t\t        <div class=\"ngg-gallery-thumbnail\">\n            <a href=\"https:\/\/scinawa.pl\/wp-content\/gallery\/2017-06-19-otwarcie-swietlicy-wielowies\/DSC_0402.jpg\"\n               title=\"\"\n               data-src=\"https:\/\/scinawa.pl\/wp-content\/gallery\/2017-06-19-otwarcie-swietlicy-wielowies\/DSC_0402.jpg\"\n               data-thumbnail=\"https:\/\/scinawa.pl\/wp-content\/gallery\/2017-06-19-otwarcie-swietlicy-wielowies\/thumbs\/thumbs_DSC_0402.jpg\"\n               data-image-id=\"1261\"\n               data-title=\"DSC_0402\"\n               data-description=\"\"\n               data-image-slug=\"dsc_0402\"\n               class=\"ngg-fancybox\" rel=\"b0b0ad0018563f4b322300d13dce00be\">\n                <img\n                    title=\"DSC_0402\"\n                    alt=\"DSC_0402\"\n                    src=\"https:\/\/scinawa.pl\/wp-content\/gallery\/2017-06-19-otwarcie-swietlicy-wielowies\/thumbs\/thumbs_DSC_0402.jpg\"\n                    width=\"200\"\n                    height=\"140\"\n                    style=\"max-width:100%;\"\n                \/>\n            <\/a>\n        <\/div>\n\t\t\t\t\t\t\t<\/div> \n\t\t\t\n\t\t\t\t<div id=\"ngg-image-46\" class=\"ngg-gallery-thumbnail-box \" >\n\t\t\t\t        <div class=\"ngg-gallery-thumbnail\">\n            <a href=\"https:\/\/scinawa.pl\/wp-content\/gallery\/2017-06-19-otwarcie-swietlicy-wielowies\/DSC_0404.jpg\"\n               title=\"\"\n               data-src=\"https:\/\/scinawa.pl\/wp-content\/gallery\/2017-06-19-otwarcie-swietlicy-wielowies\/DSC_0404.jpg\"\n               data-thumbnail=\"https:\/\/scinawa.pl\/wp-content\/gallery\/2017-06-19-otwarcie-swietlicy-wielowies\/thumbs\/thumbs_DSC_0404.jpg\"\n               data-image-id=\"1262\"\n               data-title=\"DSC_0404\"\n               data-description=\"\"\n               data-image-slug=\"dsc_0404\"\n               class=\"ngg-fancybox\" rel=\"b0b0ad0018563f4b322300d13dce00be\">\n                <img\n                    title=\"DSC_0404\"\n                    alt=\"DSC_0404\"\n                    src=\"https:\/\/scinawa.pl\/wp-content\/gallery\/2017-06-19-otwarcie-swietlicy-wielowies\/thumbs\/thumbs_DSC_0404.jpg\"\n                    width=\"200\"\n                    height=\"140\"\n                    style=\"max-width:100%;\"\n                \/>\n            <\/a>\n        <\/div>\n\t\t\t\t\t\t\t<\/div> \n\t\t\t\n\t\t\t\t<div id=\"ngg-image-47\" class=\"ngg-gallery-thumbnail-box \" >\n\t\t\t\t        <div class=\"ngg-gallery-thumbnail\">\n            <a href=\"https:\/\/scinawa.pl\/wp-content\/gallery\/2017-06-19-otwarcie-swietlicy-wielowies\/DSC_0405.jpg\"\n               title=\"\"\n               data-src=\"https:\/\/scinawa.pl\/wp-content\/gallery\/2017-06-19-otwarcie-swietlicy-wielowies\/DSC_0405.jpg\"\n               data-thumbnail=\"https:\/\/scinawa.pl\/wp-content\/gallery\/2017-06-19-otwarcie-swietlicy-wielowies\/thumbs\/thumbs_DSC_0405.jpg\"\n               data-image-id=\"1263\"\n               data-title=\"DSC_0405\"\n               data-description=\"\"\n               data-image-slug=\"dsc_0405\"\n               class=\"ngg-fancybox\" rel=\"b0b0ad0018563f4b322300d13dce00be\">\n                <img\n                    title=\"DSC_0405\"\n                    alt=\"DSC_0405\"\n                    src=\"https:\/\/scinawa.pl\/wp-content\/gallery\/2017-06-19-otwarcie-swietlicy-wielowies\/thumbs\/thumbs_DSC_0405.jpg\"\n                    width=\"200\"\n                    height=\"140\"\n                    style=\"max-width:100%;\"\n                \/>\n            <\/a>\n        <\/div>\n\t\t\t\t\t\t\t<\/div> \n\t\t\t\n\t\t\t\t<div id=\"ngg-image-48\" class=\"ngg-gallery-thumbnail-box \" >\n\t\t\t\t        <div class=\"ngg-gallery-thumbnail\">\n            <a href=\"https:\/\/scinawa.pl\/wp-content\/gallery\/2017-06-19-otwarcie-swietlicy-wielowies\/DSC_0406.jpg\"\n               title=\"\"\n               data-src=\"https:\/\/scinawa.pl\/wp-content\/gallery\/2017-06-19-otwarcie-swietlicy-wielowies\/DSC_0406.jpg\"\n               data-thumbnail=\"https:\/\/scinawa.pl\/wp-content\/gallery\/2017-06-19-otwarcie-swietlicy-wielowies\/thumbs\/thumbs_DSC_0406.jpg\"\n               data-image-id=\"1264\"\n               data-title=\"DSC_0406\"\n               data-description=\"\"\n               data-image-slug=\"dsc_0406\"\n               class=\"ngg-fancybox\" rel=\"b0b0ad0018563f4b322300d13dce00be\">\n                <img\n                    title=\"DSC_0406\"\n                    alt=\"DSC_0406\"\n                    src=\"https:\/\/scinawa.pl\/wp-content\/gallery\/2017-06-19-otwarcie-swietlicy-wielowies\/thumbs\/thumbs_DSC_0406.jpg\"\n                    width=\"200\"\n                    height=\"140\"\n                    style=\"max-width:100%;\"\n                \/>\n            <\/a>\n        <\/div>\n\t\t\t\t\t\t\t<\/div> \n\t\t\t\n\t\t\t\t<div id=\"ngg-image-49\" class=\"ngg-gallery-thumbnail-box \" >\n\t\t\t\t        <div class=\"ngg-gallery-thumbnail\">\n            <a href=\"https:\/\/scinawa.pl\/wp-content\/gallery\/2017-06-19-otwarcie-swietlicy-wielowies\/DSC_0408.jpg\"\n               title=\"\"\n               data-src=\"https:\/\/scinawa.pl\/wp-content\/gallery\/2017-06-19-otwarcie-swietlicy-wielowies\/DSC_0408.jpg\"\n               data-thumbnail=\"https:\/\/scinawa.pl\/wp-content\/gallery\/2017-06-19-otwarcie-swietlicy-wielowies\/thumbs\/thumbs_DSC_0408.jpg\"\n               data-image-id=\"1265\"\n               data-title=\"DSC_0408\"\n               data-description=\"\"\n               data-image-slug=\"dsc_0408\"\n               class=\"ngg-fancybox\" rel=\"b0b0ad0018563f4b322300d13dce00be\">\n                <img\n                    title=\"DSC_0408\"\n                    alt=\"DSC_0408\"\n                    src=\"https:\/\/scinawa.pl\/wp-content\/gallery\/2017-06-19-otwarcie-swietlicy-wielowies\/thumbs\/thumbs_DSC_0408.jpg\"\n                    width=\"200\"\n                    height=\"140\"\n                    style=\"max-width:100%;\"\n                \/>\n            <\/a>\n        <\/div>\n\t\t\t\t\t\t\t<\/div> \n\t\t\t\n\t\t\t\t<div id=\"ngg-image-50\" class=\"ngg-gallery-thumbnail-box \" >\n\t\t\t\t        <div class=\"ngg-gallery-thumbnail\">\n            <a href=\"https:\/\/scinawa.pl\/wp-content\/gallery\/2017-06-19-otwarcie-swietlicy-wielowies\/DSC_0412.jpg\"\n               title=\"\"\n               data-src=\"https:\/\/scinawa.pl\/wp-content\/gallery\/2017-06-19-otwarcie-swietlicy-wielowies\/DSC_0412.jpg\"\n               data-thumbnail=\"https:\/\/scinawa.pl\/wp-content\/gallery\/2017-06-19-otwarcie-swietlicy-wielowies\/thumbs\/thumbs_DSC_0412.jpg\"\n               data-image-id=\"1266\"\n               data-title=\"DSC_0412\"\n               data-description=\"\"\n               data-image-slug=\"dsc_0412\"\n               class=\"ngg-fancybox\" rel=\"b0b0ad0018563f4b322300d13dce00be\">\n                <img\n                    title=\"DSC_0412\"\n                    alt=\"DSC_0412\"\n                    src=\"https:\/\/scinawa.pl\/wp-content\/gallery\/2017-06-19-otwarcie-swietlicy-wielowies\/thumbs\/thumbs_DSC_0412.jpg\"\n                    width=\"200\"\n                    height=\"140\"\n                    style=\"max-width:100%;\"\n                \/>\n            <\/a>\n        <\/div>\n\t\t\t\t\t\t\t<\/div> \n\t\t\t\n\t\t\t\t<div id=\"ngg-image-51\" class=\"ngg-gallery-thumbnail-box \" >\n\t\t\t\t        <div class=\"ngg-gallery-thumbnail\">\n            <a href=\"https:\/\/scinawa.pl\/wp-content\/gallery\/2017-06-19-otwarcie-swietlicy-wielowies\/DSC_0415.jpg\"\n               title=\"\"\n               data-src=\"https:\/\/scinawa.pl\/wp-content\/gallery\/2017-06-19-otwarcie-swietlicy-wielowies\/DSC_0415.jpg\"\n               data-thumbnail=\"https:\/\/scinawa.pl\/wp-content\/gallery\/2017-06-19-otwarcie-swietlicy-wielowies\/thumbs\/thumbs_DSC_0415.jpg\"\n               data-image-id=\"1267\"\n               data-title=\"DSC_0415\"\n               data-description=\"\"\n               data-image-slug=\"dsc_0415\"\n               class=\"ngg-fancybox\" rel=\"b0b0ad0018563f4b322300d13dce00be\">\n                <img\n                    title=\"DSC_0415\"\n                    alt=\"DSC_0415\"\n                    src=\"https:\/\/scinawa.pl\/wp-content\/gallery\/2017-06-19-otwarcie-swietlicy-wielowies\/thumbs\/thumbs_DSC_0415.jpg\"\n                    width=\"200\"\n                    height=\"140\"\n                    style=\"max-width:100%;\"\n                \/>\n            <\/a>\n        <\/div>\n\t\t\t\t\t\t\t<\/div> \n\t\t\t\n\t\t\t\t<div id=\"ngg-image-52\" class=\"ngg-gallery-thumbnail-box \" >\n\t\t\t\t        <div class=\"ngg-gallery-thumbnail\">\n            <a href=\"https:\/\/scinawa.pl\/wp-content\/gallery\/2017-06-19-otwarcie-swietlicy-wielowies\/DSC_0416.jpg\"\n               title=\"\"\n               data-src=\"https:\/\/scinawa.pl\/wp-content\/gallery\/2017-06-19-otwarcie-swietlicy-wielowies\/DSC_0416.jpg\"\n               data-thumbnail=\"https:\/\/scinawa.pl\/wp-content\/gallery\/2017-06-19-otwarcie-swietlicy-wielowies\/thumbs\/thumbs_DSC_0416.jpg\"\n               data-image-id=\"1268\"\n               data-title=\"DSC_0416\"\n               data-description=\"\"\n               data-image-slug=\"dsc_0416\"\n               class=\"ngg-fancybox\" rel=\"b0b0ad0018563f4b322300d13dce00be\">\n                <img\n                    title=\"DSC_0416\"\n                    alt=\"DSC_0416\"\n                    src=\"https:\/\/scinawa.pl\/wp-content\/gallery\/2017-06-19-otwarcie-swietlicy-wielowies\/thumbs\/thumbs_DSC_0416.jpg\"\n                    width=\"200\"\n                    height=\"140\"\n                    style=\"max-width:100%;\"\n                \/>\n            <\/a>\n        <\/div>\n\t\t\t\t\t\t\t<\/div> \n\t\t\t\n\t\n\t<br style=\"clear: both\" \/>\n\n\t\t<div class=\"slideshowlink\">\n        <a href='https:\/\/scinawa.pl\/index.php\/2017\/06\/21\/swietlica-w-wielowsi-na-nowo-otwarta\/nggallery\/slideshow'>&#091;Pokaz zdj\u0119\u0107&#093;<\/a>\n\t\t\n\t<\/div>\n\t\n\t\t<div class=\"ngg-clear\"><\/div>\n\t<\/div>\n\n","protected":false},"excerpt":{"rendered":"<p>\u015acinawski samorz\u0105d, zgodnie z obietnicami, sukcesywnie modernizuje \u015bwietlice wiejskie na terenie gminy. W miniony poniedzia\u0142ek, 19 czerwca br. oficjalnie otwarto<\/p>\n","protected":false},"author":2,"featured_media":7575,"comment_status":"open","ping_status":"open","sticky":false,"template":"","format":"gallery","meta":{"ngg_post_thumbnail":0},"categories":[3],"tags":[],"_links":{"self":[{"href":"https:\/\/scinawa.pl\/index.php\/wp-json\/wp\/v2\/posts\/7574"}],"collection":[{"href":"https:\/\/scinawa.pl\/index.php\/wp-json\/wp\/v2\/posts"}],"about":[{"href":"https:\/\/scinawa.pl\/index.php\/wp-json\/wp\/v2\/types\/post"}],"author":[{"embeddable":true,"href":"https:\/\/scinawa.pl\/index.php\/wp-json\/wp\/v2\/users\/2"}],"replies":[{"embeddable":true,"href":"https:\/\/scinawa.pl\/index.php\/wp-json\/wp\/v2\/comments?post=7574"}],"version-history":[{"count":1,"href":"https:\/\/scinawa.pl\/index.php\/wp-json\/wp\/v2\/posts\/7574\/revisions"}],"predecessor-version":[{"id":7576,"href":"https:\/\/scinawa.pl\/index.php\/wp-json\/wp\/v2\/posts\/7574\/revisions\/7576"}],"wp:featuredmedia":[{"embeddable":true,"href":"https:\/\/scinawa.pl\/index.php\/wp-json\/wp\/v2\/media\/7575"}],"wp:attachment":[{"href":"https:\/\/scinawa.pl\/index.php\/wp-json\/wp\/v2\/media?parent=7574"}],"wp:term":[{"taxonomy":"category","embeddable":true,"href":"https:\/\/scinawa.pl\/index.php\/wp-json\/wp\/v2\/categories?post=7574"},{"taxonomy":"post_tag","embeddable":true,"href":"https:\/\/scinawa.pl\/index.php\/wp-json\/wp\/v2\/tags?post=7574"}],"curies":[{"name":"wp","href":"https:\/\/api.w.org\/{rel}","templated":true}]}}