{"id":7544,"date":"2017-06-12T09:23:53","date_gmt":"2017-06-12T07:23:53","guid":{"rendered":"http:\/\/nowa.scinawa.pl\/?p=7544"},"modified":"2017-08-07T09:26:01","modified_gmt":"2017-08-07T07:26:01","slug":"biskup-legnicki-wreczyl-odznaczenia","status":"publish","type":"post","link":"https:\/\/scinawa.pl\/index.php\/2017\/06\/12\/biskup-legnicki-wreczyl-odznaczenia\/","title":{"rendered":"Biskup legnicki wr\u0119czy\u0142 odznaczenia"},"content":{"rendered":"<p><P align=\"justify\">Papieskimi odznaczeniami &#8222;Benemerenti&#8221; oraz medalami &#8222;Zas\u0142u\u017cony dla Diecezji Legnickiej&#8221; zosta\u0142o uhonorowanych blisko 70 os\u00f3b zaanga\u017cowanych w dzia\u0142alno\u015b\u0107 diecezji legnickiej. W niedziel\u0119, 4 czerwca, w 25. rocznic\u0119 powstania Diecezji Legnickiej oraz 20. przyjazdu Jana Paw\u0142a II do Legnicy, w siedzibie Wy\u017cszego Seminarium Duchownego w Legnicy odby\u0142o si\u0119 uroczyste wr\u0119czenie wy\u017cej wymienionych wyr\u00f3\u017cnie\u0144.<\/P><!--more--><\/p>\n<p><P align=\"justify\" \/>Medale z wizerunkiem \u015awi\u0119tego Jana Paw\u0142a II otrzyma\u0142y osoby, kt\u00f3re na co dzie\u0144 np. pomagaj\u0105 przy budowaniu ko\u015bcio\u0142a, opiekuj\u0105 si\u0119 \u015bwi\u0105tyni\u0105 lub te\u017c bezinteresownie wspieraj\u0105 innych parafian. W tym roku otrzyma\u0142y je tak\u017ce osoby, kt\u00f3re przyczyni\u0142y si\u0119 do powstania i rozwoju diecezji legnickiej. Dodatkowo 12 os\u00f3b, pracownik\u00f3w Caritas Diecezji Legnickiej otrzyma\u0142o medale papieskie za swoj\u0105 prac\u0119 na rzecz tej charytatywnej instytucji.<\/p>\n<p><P align=\"justify\" \/>Aktu dekoracji dokona\u0142 osobi\u015bcie biskup legnicki ks. Zbigniew Kiernikowski.<\/p>\n<p><P align=\"justify\" \/>W\u015br\u00f3d wyr\u00f3\u017cnionych medalami &#8222;Zas\u0142u\u017cony dla Diecezji Legnickiej&#8221; by\u0142y tak\u017ce osoby ze \u015bcinawskiego dekanatu:<\/p>\n<p><UL><br \/>\n<LI>El\u017cbieta Klimas- parafia Matki Bo\u017cej Bolesnej w Tymowej. Od 1994 r. uczy katechezy. Jest bardzo zaanga\u017cowana w prac\u0119 z dzie\u0107mi. Ka\u017cdego roku przygotowuje jase\u0142ka, a tak\u017ce uroczysto\u015bci patriotyczne i \u015bwi\u0119ta narodowe (11 listopada, 3 maja). Gorliwie troszczy si\u0119 o dekoracje w ko\u015bciele,<\/LI><br \/>\n<LI>Teresa Zielona \u2013 parafia Narodzenia NMP w Wielowsi. Od wielu lat ofiarnie, bezinteresownie i bez rozg\u0142osu anga\u017cuje si\u0119 na r\u00f3\u017cnych obszarach \u017cycia parafialnego. Codziennie uczestniczy we mszy \u015bw., a przed jej rozpocz\u0119ciem prowadzi modlitwy (r\u00f3\u017caniec, koronk\u0119). W czasie nabo\u017ce\u0144stwa animuje \u015bpiew. Nale\u017cy do \u017bywego R\u00f3\u017ca\u0144ca, Duchowej Adopcji Dziecka Pocz\u0119tego, Kr\u0119gu Rodzin Szensztackich. Codziennie otwiera ko\u015bci\u00f3\u0142, dba o czysto\u015b\u0107 i stan parament\u00f3w liturgicznych,<\/LI><br \/>\n<LI>Krystyna Jarosz- parafia \u015bw. Piotra i Paw\u0142a w Chobieni. Od 1990 roku jest katechetk\u0105. Ma bardzo dobry kontakt z dzie\u0107mi i m\u0142odzie\u017c\u0105. Prowadzi grup\u0119 teatraln\u0105, a m\u0142odzie\u017c pod jej kierownictwem zaanga\u017cowana jest w dzie\u0142a charytatywne, patriotyczne oraz religijne: wystawy, inscenizacje, jase\u0142ka, misteria, wystr\u00f3j ko\u015bcio\u0142a. Jest cz\u0142onkini\u0105 rady parafialnej oraz inicjuje dzie\u0142a charytatywne w parafii. W ko\u015bciele przewodzi modlitwie r\u00f3\u017ca\u0144cowej.<\/LI><br \/>\n<\/UL><\/p>\n<p><P align=\"right\" \/>\u0179r\u00f3d\u0142o: <A href=\"http:\/\/diecezja.legnica.pl\/biskup-wreczyl-medale-zasluzony-dla-diecezji-legnickiej-lista-nagrodzonych\/\" target=\"_blank\">DIECEZJA LEGNICKA<\/A> oraz <A href=\"http:\/\/legnica.gosc.pl\/gal\/pokaz\/3942491.Benemerenti-w-Legnicy\/10#gt\" target=\"_blank\">GO\u015a\u0106 NIEDZIELNY<\/A><\/p>\n<div id='gallery-1' class='gallery galleryid-7544 gallery-columns-3 gallery-size-colormag-featured-image'><figure class='gallery-item'>\n\t\t\t<div class='gallery-icon landscape'>\n\t\t\t\t<a href='https:\/\/scinawa.pl\/index.php\/2017\/06\/12\/biskup-legnicki-wreczyl-odznaczenia\/dsc_001\/'><img width=\"750\" height=\"445\" src=\"https:\/\/scinawa.pl\/wp-content\/uploads\/2017\/08\/dsc_001-750x445.jpg\" class=\"attachment-colormag-featured-image size-colormag-featured-image\" alt=\"\" decoding=\"async\" loading=\"lazy\" \/><\/a>\n\t\t\t<\/div><\/figure><figure class='gallery-item'>\n\t\t\t<div class='gallery-icon landscape'>\n\t\t\t\t<a href='https:\/\/scinawa.pl\/index.php\/2017\/06\/12\/biskup-legnicki-wreczyl-odznaczenia\/dsc_002\/'><img width=\"750\" height=\"445\" src=\"https:\/\/scinawa.pl\/wp-content\/uploads\/2017\/08\/dsc_002-750x445.jpg\" class=\"attachment-colormag-featured-image size-colormag-featured-image\" alt=\"\" decoding=\"async\" loading=\"lazy\" \/><\/a>\n\t\t\t<\/div><\/figure>\n\t\t<\/div>\n\n","protected":false},"excerpt":{"rendered":"<p>Papieskimi odznaczeniami &#8222;Benemerenti&#8221; oraz medalami &#8222;Zas\u0142u\u017cony dla Diecezji Legnickiej&#8221; zosta\u0142o uhonorowanych blisko 70 os\u00f3b zaanga\u017cowanych w dzia\u0142alno\u015b\u0107 diecezji legnickiej. W<\/p>\n","protected":false},"author":2,"featured_media":7546,"comment_status":"open","ping_status":"open","sticky":false,"template":"","format":"gallery","meta":{"ngg_post_thumbnail":0},"categories":[25],"tags":[],"_links":{"self":[{"href":"https:\/\/scinawa.pl\/index.php\/wp-json\/wp\/v2\/posts\/7544"}],"collection":[{"href":"https:\/\/scinawa.pl\/index.php\/wp-json\/wp\/v2\/posts"}],"about":[{"href":"https:\/\/scinawa.pl\/index.php\/wp-json\/wp\/v2\/types\/post"}],"author":[{"embeddable":true,"href":"https:\/\/scinawa.pl\/index.php\/wp-json\/wp\/v2\/users\/2"}],"replies":[{"embeddable":true,"href":"https:\/\/scinawa.pl\/index.php\/wp-json\/wp\/v2\/comments?post=7544"}],"version-history":[{"count":1,"href":"https:\/\/scinawa.pl\/index.php\/wp-json\/wp\/v2\/posts\/7544\/revisions"}],"predecessor-version":[{"id":7547,"href":"https:\/\/scinawa.pl\/index.php\/wp-json\/wp\/v2\/posts\/7544\/revisions\/7547"}],"wp:featuredmedia":[{"embeddable":true,"href":"https:\/\/scinawa.pl\/index.php\/wp-json\/wp\/v2\/media\/7546"}],"wp:attachment":[{"href":"https:\/\/scinawa.pl\/index.php\/wp-json\/wp\/v2\/media?parent=7544"}],"wp:term":[{"taxonomy":"category","embeddable":true,"href":"https:\/\/scinawa.pl\/index.php\/wp-json\/wp\/v2\/categories?post=7544"},{"taxonomy":"post_tag","embeddable":true,"href":"https:\/\/scinawa.pl\/index.php\/wp-json\/wp\/v2\/tags?post=7544"}],"curies":[{"name":"wp","href":"https:\/\/api.w.org\/{rel}","templated":true}]}}