{"id":7538,"date":"2017-06-08T09:17:06","date_gmt":"2017-06-08T07:17:06","guid":{"rendered":"http:\/\/nowa.scinawa.pl\/?p=7538"},"modified":"2017-08-07T09:19:02","modified_gmt":"2017-08-07T07:19:02","slug":"tesco-zamyka-sklepy-zamkna-tez-w-scinawie","status":"publish","type":"post","link":"https:\/\/scinawa.pl\/index.php\/2017\/06\/08\/tesco-zamyka-sklepy-zamkna-tez-w-scinawie\/","title":{"rendered":"Tesco zamyka sklepy, zamkn\u0105 te\u017c w \u015acinawie!"},"content":{"rendered":"<p><P align=\"justify\">Brytyjska sie\u0107 hipermarket\u00f3w Tesco poinformowa\u0142a o kolejnych zamkni\u0119ciach sklep\u00f3w na terenie ca\u0142ego kraju. Trzy z nich s\u0105 z Dolnego \u015al\u0105ska.<\/P><!--more--><\/p>\n<p><P align=\"justify\">&#8222;Sklepy: Bia\u0142ystok Bia\u0142ostoczek, G\u0142og\u00f3w Jedno\u015bci, Konin Chopina, \u0141\u00f3d\u017a Galeria, Opole \u0141\u0105kowa, O\u015bwi\u0119cim Majzla, Wa\u0142brzych G\u0142\u00f3wna, \u015acinawa Lubi\u0144ska i \u017bywiec Ko\u015bciuszki zostan\u0105 zamkni\u0119te do 14 wrze\u015bnia&#8221; &#8211; wyja\u015bniono w komunikacie. <\/P><\/p>\n<p><P align=\"justify\">O tej restrukturyzacji poinformowa\u0142 Martin Behan, dyrektor zarz\u0105dzaj\u0105cy Tesco w Polsce. Zamkni\u0119cie 9 sklep\u00f3w wywo\u0142a du\u017ce zwolnienia grupowe. Redukcja zapewne nie ominie r\u00f3wnie\u017c pracownik\u00f3w sklepu w \u015acinawie.<\/P> <\/p>\n<p><P align=\"justify\">Jak podkre\u015bla Behan decyzja o zamkni\u0119ciu sklep\u00f3w nigdy nie nale\u017cy do \u0142atwych. &#8211; W ka\u017cdym z 9 przypadk\u00f3w, przez minione lata sklepy przynosi\u0142y straty, zmniejszaj\u0105c w ten spos\u00f3b \u015brodki, kt\u00f3re mogliby\u015bmy przeznaczy\u0107 na rozw\u00f3j naszego biznesu w Polsce z my\u015bl\u0105 o naszych klientach i pracownikach w ca\u0142ej Polsce &#8211; m\u00f3wi dyrektor.<\/P><\/p>\n<p><P align=\"justify\">Prawdopodobnie k\u0142opoty Tesco to m.in. efekt rosn\u0105cej popularno\u015bci dyskont\u00f3w, na czele z Biedronk\u0105 i Lidlem, kt\u00f3re odbieraj\u0105 klient\u00f3w super- i hipermarketom.<br \/>\n<P align=\"justify\">Nieruchomo\u015b\u0107 przy ulicy Lubi\u0144skiej na dzie\u0144 dzisiejszy nie jest przeznaczona na sprzeda\u017c, by\u0107 mo\u017ce zostanie ona wynaj\u0119ta innej sieci.<\/P><\/p>\n","protected":false},"excerpt":{"rendered":"<p>Brytyjska sie\u0107 hipermarket\u00f3w Tesco poinformowa\u0142a o kolejnych zamkni\u0119ciach sklep\u00f3w na terenie ca\u0142ego kraju. Trzy z nich s\u0105 z Dolnego \u015al\u0105ska.<\/p>\n","protected":false},"author":2,"featured_media":7539,"comment_status":"open","ping_status":"open","sticky":false,"template":"","format":"standard","meta":{"ngg_post_thumbnail":0},"categories":[2],"tags":[],"_links":{"self":[{"href":"https:\/\/scinawa.pl\/index.php\/wp-json\/wp\/v2\/posts\/7538"}],"collection":[{"href":"https:\/\/scinawa.pl\/index.php\/wp-json\/wp\/v2\/posts"}],"about":[{"href":"https:\/\/scinawa.pl\/index.php\/wp-json\/wp\/v2\/types\/post"}],"author":[{"embeddable":true,"href":"https:\/\/scinawa.pl\/index.php\/wp-json\/wp\/v2\/users\/2"}],"replies":[{"embeddable":true,"href":"https:\/\/scinawa.pl\/index.php\/wp-json\/wp\/v2\/comments?post=7538"}],"version-history":[{"count":1,"href":"https:\/\/scinawa.pl\/index.php\/wp-json\/wp\/v2\/posts\/7538\/revisions"}],"predecessor-version":[{"id":7540,"href":"https:\/\/scinawa.pl\/index.php\/wp-json\/wp\/v2\/posts\/7538\/revisions\/7540"}],"wp:featuredmedia":[{"embeddable":true,"href":"https:\/\/scinawa.pl\/index.php\/wp-json\/wp\/v2\/media\/7539"}],"wp:attachment":[{"href":"https:\/\/scinawa.pl\/index.php\/wp-json\/wp\/v2\/media?parent=7538"}],"wp:term":[{"taxonomy":"category","embeddable":true,"href":"https:\/\/scinawa.pl\/index.php\/wp-json\/wp\/v2\/categories?post=7538"},{"taxonomy":"post_tag","embeddable":true,"href":"https:\/\/scinawa.pl\/index.php\/wp-json\/wp\/v2\/tags?post=7538"}],"curies":[{"name":"wp","href":"https:\/\/api.w.org\/{rel}","templated":true}]}}