{"id":37030,"date":"2026-03-11T10:06:55","date_gmt":"2026-03-11T09:06:55","guid":{"rendered":"https:\/\/scinawa.pl\/?p=37030"},"modified":"2026-03-11T10:07:28","modified_gmt":"2026-03-11T09:07:28","slug":"11-marca-dzien-soltysa","status":"publish","type":"post","link":"https:\/\/scinawa.pl\/index.php\/2026\/03\/11\/11-marca-dzien-soltysa\/","title":{"rendered":"11 marca &#8211; Dzie\u0144 So\u0142tysa"},"content":{"rendered":"<div class=\"xdj266r x14z9mp xat24cr x1lziwak x1vvkbs x126k92a\">\n<div dir=\"auto\"><strong>Z okazji Dnia So\u0142tysa wszystkim gospodarzom wsi gminnych i radom so\u0142eckim sk\u0142adamy najserdeczniejsze \u017cyczenia pomy\u015blno\u015bci, wielu sukces\u00f3w, zdrowia, rado\u015bci oraz satysfakcji z pe\u0142nienia tak wa\u017cnej i odpowiedzialnej funkcji. Niech ka\u017cdy dzie\u0144 Waszej pracy przynosi poczucie spe\u0142nienia, a podejmowane inicjatywy i dzia\u0142ania spotykaj\u0105 si\u0119 z \u017cyczliwo\u015bci\u0105, spo\u0142eczn\u0105 akceptacj\u0105 oraz zrozumieniem. \u017byczymy, aby zaanga\u017cowanie, po\u015bwi\u0119cany czas&nbsp;i wysi\u0142ek wk\u0142adany w rozw\u00f3j lokalnych wsp\u00f3lnot by\u0142y dostrzegane oraz doceniane.<\/strong><\/div>\n<div dir=\"auto\">&nbsp;<\/div>\n<\/div>\n<div class=\"x14z9mp xat24cr x1lziwak x1vvkbs xtlvy1s x126k92a\">\n<div dir=\"auto\">Dzi\u0119kujemy za codzienn\u0105 trosk\u0119 o sprawy so\u0142ectw, za dbanie infrastruktur\u0119, piel\u0119gnowanie tradycji, budowanie dobrych relacji s\u0105siedzkich oraz integrowanie mieszka\u0144c\u00f3w wok\u00f3\u0142 wsp\u00f3lnych inicjatyw. Wasza dzia\u0142alno\u015b\u0107 ma ogromne znaczenie dla funkcjonowania i budowania silnych, zintegrowanych&nbsp;spo\u0142eczno\u015bci, kt\u00f3re razem dbaj\u0105 o swoje najbli\u017csze otoczenie oraz rozw\u00f3j \u201ema\u0142ych ojczyzn\u201d.<\/div>\n<div dir=\"auto\">&nbsp;<\/div>\n<\/div>\n<div class=\"x14z9mp xat24cr x1lziwak x1vvkbs xtlvy1s x126k92a\">\n<div dir=\"auto\">Doceniamy Pa\u0144stwa odpowiedzialno\u015b\u0107, otwarto\u015b\u0107 na potrzeby ludzi, gotowo\u015b\u0107 do dzia\u0142ania oraz wsp\u00f3\u0142prac\u0119 z samorz\u0105dem, a tak\u017ce instytucjami dzia\u0142aj\u0105cymi na rzecz wsi. To dzi\u0119ki takim postawom mo\u017cliwa jest realizacja wielu inicjatyw s\u0142u\u017c\u0105cych poprawie jako\u015bci \u017cycia.<\/div>\n<\/div>\n<div class=\"x14z9mp xat24cr x1lziwak x1vvkbs xtlvy1s x126k92a\">\n<div dir=\"auto\">Niech Dzie\u0144 So\u0142tysa b\u0119dzie dla Was szczeg\u00f3lnym momentem, czasem rado\u015bci, uznania i wdzi\u0119czno\u015bci.<\/div>\n<div dir=\"auto\">&nbsp;<\/div>\n<div dir=\"auto\">\u017byczymy wielu kolejnych sukces\u00f3w, energii do dzia\u0142ania, wytrwa\u0142o\u015bci w realizacji plan\u00f3w oraz nieustaj\u0105cej satysfakcji z pe\u0142nionej misji.<\/div>\n<div dir=\"auto\">&nbsp;<\/div>\n<div dir=\"auto\">&nbsp;<\/div>\n<\/div>\n<div class=\"x14z9mp xat24cr x1lziwak x1vvkbs xtlvy1s x126k92a\">\n<div dir=\"auto\"><em>Z wyrazami szacunku<\/em><\/div>\n<div dir=\"auto\">&nbsp;<\/div>\n<div dir=\"auto\"><em>Burmistrz \u015acinawy<\/em><br \/>\n<em>Krystian Koszty\u0142a z pracownikami urz\u0119du<\/em><\/div>\n<\/div>\n<div class=\"x14z9mp xat24cr x1lziwak x1vvkbs xtlvy1s x126k92a\">\n<div dir=\"auto\"><em>oraz<\/em><\/div>\n<div dir=\"auto\"><em>Przewodnicz\u0105cy Rady Miejskiej w \u015acinawie<\/em><\/div>\n<div dir=\"auto\"><em>Mateusz \u0141azarek z radnymi<\/em><\/div>\n<\/div>\n","protected":false},"excerpt":{"rendered":"<p>Z okazji Dnia So\u0142tysa wszystkim gospodarzom wsi gminnych i radom so\u0142eckim sk\u0142adamy najserdeczniejsze \u017cyczenia pomy\u015blno\u015bci, wielu sukces\u00f3w, zdrowia, rado\u015bci oraz<\/p>\n","protected":false},"author":8,"featured_media":37031,"comment_status":"open","ping_status":"open","sticky":false,"template":"","format":"standard","meta":{"ngg_post_thumbnail":0},"categories":[12,3,2,4],"tags":[],"_links":{"self":[{"href":"https:\/\/scinawa.pl\/index.php\/wp-json\/wp\/v2\/posts\/37030"}],"collection":[{"href":"https:\/\/scinawa.pl\/index.php\/wp-json\/wp\/v2\/posts"}],"about":[{"href":"https:\/\/scinawa.pl\/index.php\/wp-json\/wp\/v2\/types\/post"}],"author":[{"embeddable":true,"href":"https:\/\/scinawa.pl\/index.php\/wp-json\/wp\/v2\/users\/8"}],"replies":[{"embeddable":true,"href":"https:\/\/scinawa.pl\/index.php\/wp-json\/wp\/v2\/comments?post=37030"}],"version-history":[{"count":3,"href":"https:\/\/scinawa.pl\/index.php\/wp-json\/wp\/v2\/posts\/37030\/revisions"}],"predecessor-version":[{"id":37034,"href":"https:\/\/scinawa.pl\/index.php\/wp-json\/wp\/v2\/posts\/37030\/revisions\/37034"}],"wp:featuredmedia":[{"embeddable":true,"href":"https:\/\/scinawa.pl\/index.php\/wp-json\/wp\/v2\/media\/37031"}],"wp:attachment":[{"href":"https:\/\/scinawa.pl\/index.php\/wp-json\/wp\/v2\/media?parent=37030"}],"wp:term":[{"taxonomy":"category","embeddable":true,"href":"https:\/\/scinawa.pl\/index.php\/wp-json\/wp\/v2\/categories?post=37030"},{"taxonomy":"post_tag","embeddable":true,"href":"https:\/\/scinawa.pl\/index.php\/wp-json\/wp\/v2\/tags?post=37030"}],"curies":[{"name":"wp","href":"https:\/\/api.w.org\/{rel}","templated":true}]}}