{"id":37002,"date":"2026-03-06T16:07:04","date_gmt":"2026-03-06T15:07:04","guid":{"rendered":"https:\/\/scinawa.pl\/?p=37002"},"modified":"2026-03-06T16:07:04","modified_gmt":"2026-03-06T15:07:04","slug":"startuje-okregowka-na-inauguracje-otwarcie-zadaszonej-trybuny","status":"publish","type":"post","link":"https:\/\/scinawa.pl\/index.php\/2026\/03\/06\/startuje-okregowka-na-inauguracje-otwarcie-zadaszonej-trybuny\/","title":{"rendered":"Startuje okr\u0119g\u00f3wka, na inauguracj\u0119 otwarcie zadaszonej trybuny!"},"content":{"rendered":"<div class=\"xdj266r x14z9mp xat24cr x1lziwak x1vvkbs x126k92a\">Ju\u017c jutro, tj. w sobot\u0119, 7 marca, pierwszy zesp\u00f3\u0142 MKS Odra \u015acinawa zainauguruje rund\u0119 wiosenn\u0105 w pi\u0142karskich rozgrywkach na poziomie klasy okr\u0119gowej. To sportowe wydarzenie b\u0119dzie mia\u0142o wyj\u0105tkowy charakter, albowiem oficjalnie zostanie oddana do u\u017cytku zako\u0144czona niedawno inwestycja, polegaj\u0105ca na zadaszeniu trybuny naszego miejskiego stadionu. Uroczyste otwarcie odb\u0119dzie si\u0119 o godz. 14:40, tu\u017c przed rozpocz\u0119ciem meczu 16. kolejki, w kt\u00f3rym czerwono-bia\u0142o-niebiescy zmierz\u0105 si\u0119 z dru\u017cyn\u0105 Soko\u0142a Jerzmanowa.<\/div>\n<div>&nbsp;<\/div>\n<div class=\"x14z9mp xat24cr x1lziwak x1vvkbs xtlvy1s x126k92a\">\n<div dir=\"auto\">Na przestrzeni ostatnich lat stadion w \u015acinawie przeszed\u0142 prawdziw\u0105 metamorfoz\u0119. Nowe zadaszenie trybuny to uk\u0142on w stron\u0119 mieszka\u0144c\u00f3w i wiernych kibic\u00f3w, kt\u00f3rzy od lat wspieraj\u0105 oraz dopinguj\u0105 pi\u0142karzy znad Odry.<\/div>\n<div dir=\"auto\">&nbsp;<\/div>\n<\/div>\n<div class=\"x14z9mp xat24cr x1lziwak x1vvkbs xtlvy1s x126k92a\">\n<div dir=\"auto\">Serdecznie zapraszamy mieszka\u0144c\u00f3w i kibic\u00f3w do udzia\u0142u w uroczysto\u015bci oraz do wsp\u00f3lnego kibicowania. B\u0105d\u017amy razem w tym wa\u017cnym momencie dla naszej lokalnej spo\u0142eczno\u015bci i wspierajmy Odr\u0119 w walce o kolejne ligowe punkty.<\/div>\n<\/div>\n","protected":false},"excerpt":{"rendered":"<p>Ju\u017c jutro, tj. w sobot\u0119, 7 marca, pierwszy zesp\u00f3\u0142 MKS Odra \u015acinawa zainauguruje rund\u0119 wiosenn\u0105 w pi\u0142karskich rozgrywkach na poziomie<\/p>\n","protected":false},"author":8,"featured_media":37004,"comment_status":"open","ping_status":"open","sticky":false,"template":"","format":"standard","meta":{"ngg_post_thumbnail":0},"categories":[12,3,2,15,4],"tags":[],"_links":{"self":[{"href":"https:\/\/scinawa.pl\/index.php\/wp-json\/wp\/v2\/posts\/37002"}],"collection":[{"href":"https:\/\/scinawa.pl\/index.php\/wp-json\/wp\/v2\/posts"}],"about":[{"href":"https:\/\/scinawa.pl\/index.php\/wp-json\/wp\/v2\/types\/post"}],"author":[{"embeddable":true,"href":"https:\/\/scinawa.pl\/index.php\/wp-json\/wp\/v2\/users\/8"}],"replies":[{"embeddable":true,"href":"https:\/\/scinawa.pl\/index.php\/wp-json\/wp\/v2\/comments?post=37002"}],"version-history":[{"count":1,"href":"https:\/\/scinawa.pl\/index.php\/wp-json\/wp\/v2\/posts\/37002\/revisions"}],"predecessor-version":[{"id":37003,"href":"https:\/\/scinawa.pl\/index.php\/wp-json\/wp\/v2\/posts\/37002\/revisions\/37003"}],"wp:featuredmedia":[{"embeddable":true,"href":"https:\/\/scinawa.pl\/index.php\/wp-json\/wp\/v2\/media\/37004"}],"wp:attachment":[{"href":"https:\/\/scinawa.pl\/index.php\/wp-json\/wp\/v2\/media?parent=37002"}],"wp:term":[{"taxonomy":"category","embeddable":true,"href":"https:\/\/scinawa.pl\/index.php\/wp-json\/wp\/v2\/categories?post=37002"},{"taxonomy":"post_tag","embeddable":true,"href":"https:\/\/scinawa.pl\/index.php\/wp-json\/wp\/v2\/tags?post=37002"}],"curies":[{"name":"wp","href":"https:\/\/api.w.org\/{rel}","templated":true}]}}