{"id":36947,"date":"2026-03-02T14:48:40","date_gmt":"2026-03-02T13:48:40","guid":{"rendered":"https:\/\/scinawa.pl\/?p=36947"},"modified":"2026-03-03T12:19:47","modified_gmt":"2026-03-03T11:19:47","slug":"policja-zidentyfikowala-wandali-wideo","status":"publish","type":"post","link":"https:\/\/scinawa.pl\/index.php\/2026\/03\/02\/policja-zidentyfikowala-wandali-wideo\/","title":{"rendered":"Policja zidentyfikowa\u0142a wandali (WIDEO)"},"content":{"rendered":"<div class=\"x14z9mp xat24cr x1lziwak x1vvkbs xtlvy1s x126k92a\">\n<div dir=\"auto\"><strong>Dzi\u0119ki dzia\u0142aniom policji, nagraniom z kamer oraz przes\u0142uchaniom ustalono sprawc\u00f3w nocnego zniszczenia mienia w naszym mie\u015bcie, o kt\u00f3rym informowali\u015bmy niedawno. Straty w infrastrukturze komunalnej oszacowano na kilkadziesi\u0105t tysi\u0119cy z\u0142otych. Teraz spraw\u0105 zajmie si\u0119 s\u0105d dla nieletnich, kt\u00f3ry zdecyduje o karze dla dw\u00f3ch nastolatk\u00f3w z gminy \u015acinawa.<\/strong><\/div>\n<\/div>\n<div class=\"x14z9mp xat24cr x1lziwak x1vvkbs xtlvy1s x126k92a\">\n<div dir=\"auto\">Przypomnijmy, w nocy z 11 na 12 lutego br. na terenie \u015acinawy dosz\u0142o do akt\u00f3w wandalizmu, kt\u00f3re spowodowa\u0142y znaczne zniszczenia w mieniu publicznym. Powsta\u0142e szkody wyceniono na kwot\u0119 przekraczaj\u0105c\u0105 60 tysi\u0119cy z\u0142otych. Sprawcy dokonali zniszcze\u0144 na stadionie miejski, gdzie uszkodzili lampy o\u015bwietlaj\u0105ce bie\u017cni\u0119, przewr\u00f3cili betonowe kosze na \u015bmieci oraz bramki wykorzystywane do trening\u00f3w m.in. przez m\u0142odzie\u017cowe dru\u017cyny MKS Odra \u015acinawa. Zdewastowali r\u00f3wnie\u017c infrastruktur\u0119 przy porcie i parkingu nad Odr\u0105: drzwi do toalety publicznej (wybite szyby, uszkodzone klamki, instalacja i czytniki kod\u00f3w), elektroniczn\u0105 tablic\u0119 informacyjn\u0105 przy przystanku&nbsp; autobusowym, tablic\u0119 Krainy \u0141\u0119g\u00f3w Odrza\u0144skich, kosze na \u015bmieci oraz inne elementy infrastruktury.<\/div>\n<\/div>\n<div class=\"x14z9mp xat24cr x1lziwak x1vvkbs xtlvy1s x126k92a\">&nbsp;<\/div>\n<div class=\"x14z9mp xat24cr x1lziwak x1vvkbs xtlvy1s x126k92a\">\n<div dir=\"auto\">&nbsp;<\/div>\n<div dir=\"auto\">Pisali\u015bmy o tym tutaj: <a href=\"https:\/\/scinawa.pl\/index.php\/2026\/02\/12\/akt-wandalizmu-na-terenie-scinawy-reagujmy\/?fbclid=IwY2xjawQToGBleHRuA2FlbQIxMABicmlkETBSeG1sRjB6RDE4RllIREpzc3J0YwZhcHBfaWQQMjIyMDM5MTc4ODIwMDg5MgABHiI_NRLhRqfQXYLBzTsjeL7i8pZHuThBjLbNaUTMrT2QwJjFw_Cp1mjze_mW_aem_27nG8NGdi-Xewl_EzKiziQ\">Wandalizmu na terenie \u015acinawy reagujmy! <\/a><\/div>\n<div dir=\"auto\">&nbsp;<\/div>\n<\/div>\n<div class=\"x14z9mp xat24cr x1lziwak x1vvkbs xtlvy1s x126k92a\">\n<div dir=\"auto\">Dzi\u0119ki skutecznym dzia\u0142aniom operacyjnym policji, tak\u017ce nagraniom wideo sprawcy zostali szybko zidentyfikowani. Okazali si\u0119 nimi dwaj 15-letni (!!) mieszka\u0144cy naszej gminy. Za swoje czyny odpowiedz\u0105 przed s\u0105dem dla nieletnich. Podkre\u015blamy, \u017ce tego typu zachowania s\u0105 absolutnie nieakceptowalne, a ka\u017cda dewastacja spotka si\u0119 ze stanowcz\u0105 reakcj\u0105.<\/div>\n<div dir=\"auto\">&nbsp;<\/div>\n<\/div>\n<div class=\"x14z9mp xat24cr x1lziwak x1vvkbs xtlvy1s x126k92a\">\n<div dir=\"auto\">Niszczenie mienia publicznego nie mo\u017ce pozosta\u0107 bez reakcji. Apelujemy do mieszka\u0144c\u00f3w oraz os\u00f3b odwiedzaj\u0105cych nasz\u0105 gmin\u0119: REAGUJMY, ZWRACAJMY UWAG\u0118, WYCHOWUJMY. Zaznaczamy z ca\u0142\u0105 stanowczo\u015bci\u0105, \u017ce ka\u017cdy akt wandalizmu b\u0119dzie zg\u0142aszany organom \u015bcigania oraz surowo sankcjonowany. Tego typu dzia\u0142ania nie tylko generuj\u0105 koszty dla spo\u0142eczno\u015bci, ale r\u00f3wnie\u017c ograniczaj\u0105 dost\u0119p do bezpiecznej i dobrze utrzymanej infrastruktury, z kt\u00f3rej korzystaj\u0105 wszyscy mieszka\u0144cy, nasi go\u015bcie oraz tury\u015bci.<\/div>\n<div dir=\"auto\">&nbsp;<\/div>\n<\/div>\n<div class=\"x14z9mp xat24cr x1lziwak x1vvkbs xtlvy1s x126k92a\">\n<div dir=\"auto\"><span class=\"html-span xexx8yu xyri2b x18d9i69 x1c1uobl x1hl2dhg x16tdsg8 x1vvkbs x3nfvp2 x1j61x8r x1fcty0u xdj266r xat24cr xm2jcoa x1mpyi22 xxymvpz xlup9mm x1kky2od\">Policja Lubin <\/span>informuje o zidentyfikowaniu sprawc\u00f3w na swojej stronie: <a href=\"https:\/\/www.facebook.com\/share\/v\/15ifJEv51nV\/\">https:\/\/www.facebook.com\/share\/v\/15ifJEv51nV\/<\/a><\/div>\n<\/div>\n<div class=\"x14z9mp xat24cr x1lziwak x1vvkbs xtlvy1s x126k92a\">\n<div dir=\"auto\">&nbsp;<\/div>\n<\/div>\n<p>&nbsp;<\/p>\n<p>&nbsp;<\/p>\n<p>&nbsp;<\/p>\n<p>&nbsp;<\/p>\n","protected":false},"excerpt":{"rendered":"<p>Dzi\u0119ki dzia\u0142aniom policji, nagraniom z kamer oraz przes\u0142uchaniom ustalono sprawc\u00f3w nocnego zniszczenia mienia w naszym mie\u015bcie, o kt\u00f3rym informowali\u015bmy niedawno.<\/p>\n","protected":false},"author":8,"featured_media":36702,"comment_status":"open","ping_status":"open","sticky":false,"template":"","format":"standard","meta":{"ngg_post_thumbnail":0},"categories":[12,3,2,4],"tags":[],"_links":{"self":[{"href":"https:\/\/scinawa.pl\/index.php\/wp-json\/wp\/v2\/posts\/36947"}],"collection":[{"href":"https:\/\/scinawa.pl\/index.php\/wp-json\/wp\/v2\/posts"}],"about":[{"href":"https:\/\/scinawa.pl\/index.php\/wp-json\/wp\/v2\/types\/post"}],"author":[{"embeddable":true,"href":"https:\/\/scinawa.pl\/index.php\/wp-json\/wp\/v2\/users\/8"}],"replies":[{"embeddable":true,"href":"https:\/\/scinawa.pl\/index.php\/wp-json\/wp\/v2\/comments?post=36947"}],"version-history":[{"count":6,"href":"https:\/\/scinawa.pl\/index.php\/wp-json\/wp\/v2\/posts\/36947\/revisions"}],"predecessor-version":[{"id":36956,"href":"https:\/\/scinawa.pl\/index.php\/wp-json\/wp\/v2\/posts\/36947\/revisions\/36956"}],"wp:featuredmedia":[{"embeddable":true,"href":"https:\/\/scinawa.pl\/index.php\/wp-json\/wp\/v2\/media\/36702"}],"wp:attachment":[{"href":"https:\/\/scinawa.pl\/index.php\/wp-json\/wp\/v2\/media?parent=36947"}],"wp:term":[{"taxonomy":"category","embeddable":true,"href":"https:\/\/scinawa.pl\/index.php\/wp-json\/wp\/v2\/categories?post=36947"},{"taxonomy":"post_tag","embeddable":true,"href":"https:\/\/scinawa.pl\/index.php\/wp-json\/wp\/v2\/tags?post=36947"}],"curies":[{"name":"wp","href":"https:\/\/api.w.org\/{rel}","templated":true}]}}