{"id":36923,"date":"2026-03-01T09:47:48","date_gmt":"2026-03-01T08:47:48","guid":{"rendered":"https:\/\/scinawa.pl\/?p=36923"},"modified":"2026-03-01T09:47:48","modified_gmt":"2026-03-01T08:47:48","slug":"narodowy-dzien-pamieci-zolnierzy-wykletych-3","status":"publish","type":"post","link":"https:\/\/scinawa.pl\/index.php\/2026\/03\/01\/narodowy-dzien-pamieci-zolnierzy-wykletych-3\/","title":{"rendered":"Narodowy Dzie\u0144 Pami\u0119ci \u201e\u017bo\u0142nierzy Wykl\u0119tych\u201d"},"content":{"rendered":"<p><strong><em>\u201ePoniewa\u017c \u017cyli prawem wilka, historia o nich g\u0142ucho milczy.\u201d<\/em><\/strong><br data-start=\"60\" data-end=\"63\"><strong><em>\u2014 Zbigniew Herbert<\/em><\/strong><\/p>\n<p data-start=\"106\" data-end=\"286\"><span class=\"x193iq5w xeuugli x13faqbe x1vvkbs x1xmvt09 x1lliihq x1s928wv xhkezso x1gmr53x x1cpjm7i x1fgarty x1943h6x xudqn12 x3x7a5m x6prxxf xvq8zen xo1l8bm xzsf02u x1yc453h\" dir=\"auto\"><span class=\"html-span xexx8yu xyri2b x18d9i69 x1c1uobl x1hl2dhg x16tdsg8 x1vvkbs x3nfvp2 x1j61x8r x1fcty0u xdj266r xat24cr xm2jcoa x1mpyi22 xxymvpz xlup9mm x1kky2od\">1 <\/span>marca, w Narodowy <span class=\"html-span xexx8yu xyri2b x18d9i69 x1c1uobl x1hl2dhg x16tdsg8 x1vvkbs x3nfvp2 x1j61x8r x1fcty0u xdj266r xat24cr xm2jcoa x1mpyi22 xxymvpz xlup9mm x1kky2od\"><img decoding=\"async\" loading=\"lazy\" class=\"xz74otr x15mokao x1ga7v0g x16uus16 xbiv7yw\" src=\"https:\/\/static.xx.fbcdn.net\/images\/emoji.php\/v9\/te0\/1\/16\/1f1f5_1f1f1.png\" alt=\"\ud83c\uddf5\ud83c\uddf1\" width=\"16\" height=\"16\"><\/span> Dzie\u0144 Pami\u0119ci \u201e\u017bo\u0142nierzy Wykl\u0119tych\u201d, zatrzymujemy si\u0119&nbsp;na chwil\u0119, by przywr\u00f3ci\u0107 nale\u017cne miejsce w historii tym, kt\u00f3rych przez lata pr\u00f3bowano wymaza\u0107 z pami\u0119ci. \u017bo\u0142nierze powojennego podziemia niepodleg\u0142o\u015bciowego, wierni wolnej Polsce, nie pogodzili si\u0119 z utrat\u0105 suwerenno\u015bci. Dzia\u0142ali w imi\u0119 honoru, wolno\u015bci i odpowiedzialno\u015bci za przysz\u0142e pokolenia. Dzisiejszy dzie\u0144 jest wyrazem szacunku i wdzi\u0119czno\u015bci za ich odwag\u0119 oraz \u015bwiadectwem, \u017ce pami\u0119\u0107 o Nich trwa \u2013 jako cz\u0119\u015b\u0107 naszej to\u017csamo\u015bci i wsp\u00f3lnoty.<\/span><\/p>\n","protected":false},"excerpt":{"rendered":"<p>\u201ePoniewa\u017c \u017cyli prawem wilka, historia o nich g\u0142ucho milczy.\u201d\u2014 Zbigniew Herbert 1 marca, w Narodowy Dzie\u0144 Pami\u0119ci \u201e\u017bo\u0142nierzy Wykl\u0119tych\u201d, zatrzymujemy<\/p>\n","protected":false},"author":8,"featured_media":36924,"comment_status":"open","ping_status":"open","sticky":false,"template":"","format":"standard","meta":{"ngg_post_thumbnail":0},"categories":[12,3,2,4],"tags":[],"_links":{"self":[{"href":"https:\/\/scinawa.pl\/index.php\/wp-json\/wp\/v2\/posts\/36923"}],"collection":[{"href":"https:\/\/scinawa.pl\/index.php\/wp-json\/wp\/v2\/posts"}],"about":[{"href":"https:\/\/scinawa.pl\/index.php\/wp-json\/wp\/v2\/types\/post"}],"author":[{"embeddable":true,"href":"https:\/\/scinawa.pl\/index.php\/wp-json\/wp\/v2\/users\/8"}],"replies":[{"embeddable":true,"href":"https:\/\/scinawa.pl\/index.php\/wp-json\/wp\/v2\/comments?post=36923"}],"version-history":[{"count":2,"href":"https:\/\/scinawa.pl\/index.php\/wp-json\/wp\/v2\/posts\/36923\/revisions"}],"predecessor-version":[{"id":36935,"href":"https:\/\/scinawa.pl\/index.php\/wp-json\/wp\/v2\/posts\/36923\/revisions\/36935"}],"wp:featuredmedia":[{"embeddable":true,"href":"https:\/\/scinawa.pl\/index.php\/wp-json\/wp\/v2\/media\/36924"}],"wp:attachment":[{"href":"https:\/\/scinawa.pl\/index.php\/wp-json\/wp\/v2\/media?parent=36923"}],"wp:term":[{"taxonomy":"category","embeddable":true,"href":"https:\/\/scinawa.pl\/index.php\/wp-json\/wp\/v2\/categories?post=36923"},{"taxonomy":"post_tag","embeddable":true,"href":"https:\/\/scinawa.pl\/index.php\/wp-json\/wp\/v2\/tags?post=36923"}],"curies":[{"name":"wp","href":"https:\/\/api.w.org\/{rel}","templated":true}]}}