{"id":36386,"date":"2026-01-05T14:07:15","date_gmt":"2026-01-05T13:07:15","guid":{"rendered":"https:\/\/scinawa.pl\/?p=36386"},"modified":"2026-01-14T08:35:20","modified_gmt":"2026-01-14T07:35:20","slug":"kwalifikacja-wojskowa-2026","status":"publish","type":"post","link":"https:\/\/scinawa.pl\/index.php\/2026\/01\/05\/kwalifikacja-wojskowa-2026\/","title":{"rendered":"Kwalifikacja wojskowa 2026"},"content":{"rendered":"<p><strong>Ju\u017c w lutym rozpocznie si\u0119 coroczna kwalifikacja wojskowa. W&nbsp;2026 roku na terenie ca\u0142ego kraju b\u0119dzie ona realizowana w okresie od&nbsp;2 lutego do&nbsp;30 kwietnia, a przed komisjami wojskowymi stanie przede wszystkim rocznik 2007.<\/strong><\/p>\n<div dir=\"auto\">Terminy kwalifikacji dla mieszka\u0144c\u00f3w gmin<span class=\"html-span xexx8yu xyri2b x18d9i69 x1c1uobl x1hl2dhg x16tdsg8 x1vvkbs x3nfvp2 x1j61x8r x1fcty0u xdj266r xat24cr xm2jcoa x1mpyi22 xxymvpz xlup9mm x1kky2od\">y \u015acinawa <\/span><strong><span class=\"html-span xexx8yu xyri2b x18d9i69 x1c1uobl x1hl2dhg x16tdsg8 x1vvkbs x3nfvp2 x1j61x8r x1fcty0u xdj266r xat24cr xm2jcoa x1mpyi22 xxymvpz xlup9mm x1kky2od\">&#8211;<\/span> 24\u201325 lutego.<\/strong><\/div>\n<h5>Kogo obejmie kwalifikacja wojskowa?<\/h5>\n<ul>\n<li>M\u0119\u017cczyzn urodzonych w&nbsp;2007 r.;<\/li>\n<li>M\u0119\u017cczyzn urodzonych w&nbsp;latach 2002 \u2013 2006, kt\u00f3rzy nie posiadaj\u0105 jeszcze okre\u015blonej kategorii zdolno\u015bci do&nbsp;czynnej s\u0142u\u017cby wojskowej;<\/li>\n<li>Osoby, kt\u00f3re w&nbsp;latach 2024 \u2013 2025 zosta\u0142y uznane przez powiatowe lub wojew\u00f3dzkie komisje lekarskie za czasowo niezdolne do&nbsp;s\u0142u\u017cby wojskowej;<\/li>\n<li>Kobiety urodzone w&nbsp;latach 1999 \u2013 2007, posiadaj\u0105ce kwalifikacje przydatne do&nbsp;s\u0142u\u017cby wojskowej oraz kontynuuj\u0105ce nauk\u0119 w&nbsp;celu ich uzyskania;<\/li>\n<li>Osoby, kt\u00f3re uko\u0144czy\u0142y 18 lat \u017cycia i&nbsp;zg\u0142osi\u0142y si\u0119 ochotniczo do&nbsp;kwalifikacji wojskowej;<\/li>\n<li>Osoby, kt\u00f3re nie maj\u0105 uregulowanego stosunku do&nbsp;s\u0142u\u017cby wojskowej do&nbsp;ko\u0144ca roku kalendarzowego, w&nbsp;kt\u00f3rym ko\u0144cz\u0105 60 lat \u017cycia, je\u015bli nie posiadaj\u0105 okre\u015blonej kategorii zdolno\u015bci do&nbsp;czynnej s\u0142u\u017cby wojskowej.<\/li>\n<\/ul>\n<p><strong>Jakie dokumenty nale\u017cy zabra\u0107?<\/strong><\/p>\n<ul>\n<li>Dow\u00f3d osobisty lub inny dokument potwierdzaj\u0105cy to\u017csamo\u015b\u0107;<\/li>\n<li>Dokumenty potwierdzaj\u0105ce wykszta\u0142cenie;<\/li>\n<li>Kwalifikacje zawodowe, uprawnienia (np. prawo jazdy);<\/li>\n<li>Dokumentacja medyczna (niezb\u0119dna do&nbsp;okre\u015blenia zdolno\u015bci do&nbsp;s\u0142u\u017cby wojskowej).<\/li>\n<\/ul>\n<p>Szczeg\u00f3\u0142y dost\u0119pne s\u0105 w Rozporz\u0105dzeniu Ministerstwo Obrony Narodowej z dn. 27 sierpnia 2025 r. w sprawie przeprowadzenia kwalifikacji wojskowej w 2026 r.: <a href=\"https:\/\/sip.lex.pl\/akty-prawne\/dzu-dziennik-ustaw\/przeprowadzenie-kwalifikacji-wojskowej-w-2026-r-22174479\">https:\/\/sip.lex.pl\/akty-prawne\/dzu-dziennik-ustaw\/przeprowadzenie-kwalifikacji-wojskowej-w-2026-r-22174479<\/a><\/p>\n<p>&nbsp;<\/p>\n<p><img decoding=\"async\" loading=\"lazy\" class=\" wp-image-36389 aligncenter\" src=\"http:\/\/scinawa.pl\/wp-content\/uploads\/2026\/01\/3kw-212x300.jpg\" alt=\"\" width=\"837\" height=\"1184\" srcset=\"https:\/\/scinawa.pl\/wp-content\/uploads\/2026\/01\/3kw-212x300.jpg 212w, https:\/\/scinawa.pl\/wp-content\/uploads\/2026\/01\/3kw-724x1024.jpg 724w, https:\/\/scinawa.pl\/wp-content\/uploads\/2026\/01\/3kw-768x1086.jpg 768w, https:\/\/scinawa.pl\/wp-content\/uploads\/2026\/01\/3kw-1086x1536.jpg 1086w, https:\/\/scinawa.pl\/wp-content\/uploads\/2026\/01\/3kw-17x24.jpg 17w, https:\/\/scinawa.pl\/wp-content\/uploads\/2026\/01\/3kw-25x36.jpg 25w, https:\/\/scinawa.pl\/wp-content\/uploads\/2026\/01\/3kw-34x48.jpg 34w, https:\/\/scinawa.pl\/wp-content\/uploads\/2026\/01\/3kw.jpg 1448w\" sizes=\"(max-width: 837px) 100vw, 837px\" \/><\/p>\n<p><img decoding=\"async\" loading=\"lazy\" class=\" wp-image-36392 aligncenter\" src=\"http:\/\/scinawa.pl\/wp-content\/uploads\/2026\/01\/2kw-1-210x300.jpg\" alt=\"\" width=\"840\" height=\"1200\" srcset=\"https:\/\/scinawa.pl\/wp-content\/uploads\/2026\/01\/2kw-1-210x300.jpg 210w, https:\/\/scinawa.pl\/wp-content\/uploads\/2026\/01\/2kw-1-716x1024.jpg 716w, https:\/\/scinawa.pl\/wp-content\/uploads\/2026\/01\/2kw-1-17x24.jpg 17w, https:\/\/scinawa.pl\/wp-content\/uploads\/2026\/01\/2kw-1-25x36.jpg 25w, https:\/\/scinawa.pl\/wp-content\/uploads\/2026\/01\/2kw-1-34x48.jpg 34w\" sizes=\"(max-width: 840px) 100vw, 840px\" \/><\/p>\n<h5>&nbsp;<\/h5>\n<p>&nbsp;<\/p>\n","protected":false},"excerpt":{"rendered":"<p>Ju\u017c w lutym rozpocznie si\u0119 coroczna kwalifikacja wojskowa. W&nbsp;2026 roku na terenie ca\u0142ego kraju b\u0119dzie ona realizowana w okresie od&nbsp;2<\/p>\n","protected":false},"author":8,"featured_media":36387,"comment_status":"open","ping_status":"open","sticky":false,"template":"","format":"standard","meta":{"ngg_post_thumbnail":0},"categories":[12,3,2,4],"tags":[],"_links":{"self":[{"href":"https:\/\/scinawa.pl\/index.php\/wp-json\/wp\/v2\/posts\/36386"}],"collection":[{"href":"https:\/\/scinawa.pl\/index.php\/wp-json\/wp\/v2\/posts"}],"about":[{"href":"https:\/\/scinawa.pl\/index.php\/wp-json\/wp\/v2\/types\/post"}],"author":[{"embeddable":true,"href":"https:\/\/scinawa.pl\/index.php\/wp-json\/wp\/v2\/users\/8"}],"replies":[{"embeddable":true,"href":"https:\/\/scinawa.pl\/index.php\/wp-json\/wp\/v2\/comments?post=36386"}],"version-history":[{"count":5,"href":"https:\/\/scinawa.pl\/index.php\/wp-json\/wp\/v2\/posts\/36386\/revisions"}],"predecessor-version":[{"id":36405,"href":"https:\/\/scinawa.pl\/index.php\/wp-json\/wp\/v2\/posts\/36386\/revisions\/36405"}],"wp:featuredmedia":[{"embeddable":true,"href":"https:\/\/scinawa.pl\/index.php\/wp-json\/wp\/v2\/media\/36387"}],"wp:attachment":[{"href":"https:\/\/scinawa.pl\/index.php\/wp-json\/wp\/v2\/media?parent=36386"}],"wp:term":[{"taxonomy":"category","embeddable":true,"href":"https:\/\/scinawa.pl\/index.php\/wp-json\/wp\/v2\/categories?post=36386"},{"taxonomy":"post_tag","embeddable":true,"href":"https:\/\/scinawa.pl\/index.php\/wp-json\/wp\/v2\/tags?post=36386"}],"curies":[{"name":"wp","href":"https:\/\/api.w.org\/{rel}","templated":true}]}}