{"id":36344,"date":"2025-12-29T13:25:13","date_gmt":"2025-12-29T12:25:13","guid":{"rendered":"https:\/\/scinawa.pl\/?p=36344"},"modified":"2025-12-29T13:33:56","modified_gmt":"2025-12-29T12:33:56","slug":"zmarla-sp-gabriela-wroblewska","status":"publish","type":"post","link":"https:\/\/scinawa.pl\/index.php\/2025\/12\/29\/zmarla-sp-gabriela-wroblewska\/","title":{"rendered":"Zmar\u0142a \u015bp. Gabriela Wr\u00f3blewska"},"content":{"rendered":"<div class=\"x14z9mp xat24cr x1lziwak x1vvkbs xtlvy1s x126k92a\">\n<div dir=\"auto\"><strong>Wczoraj dotar\u0142a do nas bardzo przykra informacja, ze smutkiem zawiadamiamy o \u015bmierci \u015bp. Gabrieli Wr\u00f3blewskiej (1938-2025), wieloletniej nauczycielki oraz dyrektorki Szko\u0142y Podstawowej w Tymowej.<\/p>\n<p><\/strong><\/div>\n<\/div>\n<div class=\"x14z9mp xat24cr x1lziwak x1vvkbs xtlvy1s x126k92a\">\n<div dir=\"auto\">Pani Gabriela ca\u0142e \u017cycie po\u015bwi\u0119ci\u0142a pracy pedagogicznej, kszta\u0142tuj\u0105c kolejne pokolenia uczni\u00f3w i anga\u017cuj\u0105c si\u0119 w rozw\u00f3j lokalnej spo\u0142eczno\u015bci. Jej serdeczno\u015b\u0107 i profesjonalizm pozostan\u0105 w naszej pami\u0119ci na zawsze.<\/div>\n<\/div>\n<div class=\"x14z9mp xat24cr x1lziwak x1vvkbs xtlvy1s x126k92a\">\n<div dir=\"auto\"><span class=\"html-span xexx8yu xyri2b x18d9i69 x1c1uobl x1hl2dhg x16tdsg8 x1vvkbs x3nfvp2 x1j61x8r x1fcty0u xdj266r xat24cr xm2jcoa x1mpyi22 xxymvpz xlup9mm x1kky2od\"><br \/>\n<\/span>\u0141\u0105czymy si\u0119 w \u017calu z rodzin\u0105 i bliskimi, sk\u0142adaj\u0105c wyrazy g\u0142\u0119bokiego wsp\u00f3\u0142czucia.<\/div>\n<\/div>\n<p>&nbsp;<\/p>\n<p><em>Burmistrz \u015acinawy<\/em><br \/>\n<em>Krystian Koszty\u0142a<\/em><br \/>\n<em>oraz<\/em><br \/>\n<em>Przewodnicz\u0105cy Rady Miejskiej w \u015acinawie<\/em><br \/>\n<em>Mateusz \u0141azarek wraz z radnymi<\/em><\/p>\n<p>&nbsp;<\/p>\n<p><strong>&nbsp;<\/strong><\/p>\n","protected":false},"excerpt":{"rendered":"<p>Wczoraj dotar\u0142a do nas bardzo przykra informacja, ze smutkiem zawiadamiamy o \u015bmierci \u015bp. Gabrieli Wr\u00f3blewskiej (1938-2025), wieloletniej nauczycielki oraz dyrektorki<\/p>\n","protected":false},"author":8,"featured_media":36345,"comment_status":"open","ping_status":"open","sticky":false,"template":"","format":"standard","meta":{"ngg_post_thumbnail":0},"categories":[12,678,3,2,4],"tags":[],"_links":{"self":[{"href":"https:\/\/scinawa.pl\/index.php\/wp-json\/wp\/v2\/posts\/36344"}],"collection":[{"href":"https:\/\/scinawa.pl\/index.php\/wp-json\/wp\/v2\/posts"}],"about":[{"href":"https:\/\/scinawa.pl\/index.php\/wp-json\/wp\/v2\/types\/post"}],"author":[{"embeddable":true,"href":"https:\/\/scinawa.pl\/index.php\/wp-json\/wp\/v2\/users\/8"}],"replies":[{"embeddable":true,"href":"https:\/\/scinawa.pl\/index.php\/wp-json\/wp\/v2\/comments?post=36344"}],"version-history":[{"count":4,"href":"https:\/\/scinawa.pl\/index.php\/wp-json\/wp\/v2\/posts\/36344\/revisions"}],"predecessor-version":[{"id":36349,"href":"https:\/\/scinawa.pl\/index.php\/wp-json\/wp\/v2\/posts\/36344\/revisions\/36349"}],"wp:featuredmedia":[{"embeddable":true,"href":"https:\/\/scinawa.pl\/index.php\/wp-json\/wp\/v2\/media\/36345"}],"wp:attachment":[{"href":"https:\/\/scinawa.pl\/index.php\/wp-json\/wp\/v2\/media?parent=36344"}],"wp:term":[{"taxonomy":"category","embeddable":true,"href":"https:\/\/scinawa.pl\/index.php\/wp-json\/wp\/v2\/categories?post=36344"},{"taxonomy":"post_tag","embeddable":true,"href":"https:\/\/scinawa.pl\/index.php\/wp-json\/wp\/v2\/tags?post=36344"}],"curies":[{"name":"wp","href":"https:\/\/api.w.org\/{rel}","templated":true}]}}