{"id":36215,"date":"2025-12-08T15:28:53","date_gmt":"2025-12-08T14:28:53","guid":{"rendered":"https:\/\/scinawa.pl\/?p=36215"},"modified":"2025-12-08T15:28:53","modified_gmt":"2025-12-08T14:28:53","slug":"zapraszamy-na-jarmark-bozonarodzeniowy-w-niedziele-14-grudnia","status":"publish","type":"post","link":"https:\/\/scinawa.pl\/index.php\/2025\/12\/08\/zapraszamy-na-jarmark-bozonarodzeniowy-w-niedziele-14-grudnia\/","title":{"rendered":"Zapraszamy na Jarmark Bo\u017conarodzeniowy w niedziel\u0119, 14 grudnia!"},"content":{"rendered":"<p><strong>Magia \u015bwi\u0105t zawita do naszego miasta! Ju\u017c w niedziel\u0119, <\/strong><strong>14 grudnia<\/strong><strong> na terenach przy Centrum Kultury i Bibliotece w \u015acinawie czeka\u0107 b\u0119d\u0105 na Was \u015bwi\u0105teczne stragany pe\u0142ne smak\u00f3w, zapach\u00f3w i atrakcji, jak zwykle zaplanowano okoliczno\u015bciowe wyst\u0119py na scenie w sali widowiskowej, a na najm\u0142odszych w ogrodzie zimowym b\u0119dzie czeka\u0142 \u015awi\u0119ty Miko\u0142aj z prezentami.<\/strong><\/p>\n<p>Stoika czynne b\u0119d<strong>\u0105 od godziny 12:00 do 18:00, a<\/strong> odwiedzaj\u0105cy b\u0119d\u0105 mogli odkry\u0107 wyj\u0105tkowe r\u0119kodzie\u0142o, regionalne smako\u0142yki oraz oryginalne upominki, tworz\u0105ce niepowtarzalny klimat Bo\u017cego Narodzenia i podkre\u015blaj\u0105ce tradycj\u0119 wsp\u00f3lnego \u015bwi\u0119towania.<\/p>\n<p>W\u015br\u00f3d atrakcji nie zabraknie najwa\u017cniejszego go\u015bcia, <strong>\u015awi\u0119tego Miko\u0142aja, kt\u00f3ry<\/strong> w godzinach od <strong>14:00 do 17:00<\/strong> dla dzieci ze \u015acinawy, kt\u00f3re urodzi\u0142y si\u0119 w latach 2013\u20132024 b\u0119dzie rozdawa\u0142 paczki.<\/p>\n<p>Ciep\u0142a, muzyczna atmosfera wype\u0142ni tak\u017ce sal\u0119 widowiskow\u0105 CKiB, gdzie zaprezentowany zostanie \u015bwi\u0105teczny program artystyczny. Kol\u0119dy, taniec i wyj\u0105tkowe wyst\u0119py przygotowane specjalnie na t\u0119 okazj\u0119 pozwol\u0105 wszystkim poczu\u0107 ducha nadchodz\u0105cych \u015bwi\u0105t.<\/p>\n<p>Zapraszamy mieszka\u0144c\u00f3w w ka\u017cdym wieku do wsp\u00f3lnego zanurzenia si\u0119 w bo\u017conarodzeniowej atmosferze i rozpocz\u0119cia \u015bwi\u0105tecznego odliczania. <strong>Do zobaczenia w \u015acinawie!<\/strong><\/p>\n<p>&nbsp;<\/p>\n<p>&nbsp;<\/p>\n","protected":false},"excerpt":{"rendered":"<p>Magia \u015bwi\u0105t zawita do naszego miasta! Ju\u017c w niedziel\u0119, 14 grudnia na terenach przy Centrum Kultury i Bibliotece w \u015acinawie<\/p>\n","protected":false},"author":8,"featured_media":36216,"comment_status":"open","ping_status":"open","sticky":false,"template":"","format":"standard","meta":{"ngg_post_thumbnail":0},"categories":[12,41,3,2,4],"tags":[],"_links":{"self":[{"href":"https:\/\/scinawa.pl\/index.php\/wp-json\/wp\/v2\/posts\/36215"}],"collection":[{"href":"https:\/\/scinawa.pl\/index.php\/wp-json\/wp\/v2\/posts"}],"about":[{"href":"https:\/\/scinawa.pl\/index.php\/wp-json\/wp\/v2\/types\/post"}],"author":[{"embeddable":true,"href":"https:\/\/scinawa.pl\/index.php\/wp-json\/wp\/v2\/users\/8"}],"replies":[{"embeddable":true,"href":"https:\/\/scinawa.pl\/index.php\/wp-json\/wp\/v2\/comments?post=36215"}],"version-history":[{"count":1,"href":"https:\/\/scinawa.pl\/index.php\/wp-json\/wp\/v2\/posts\/36215\/revisions"}],"predecessor-version":[{"id":36217,"href":"https:\/\/scinawa.pl\/index.php\/wp-json\/wp\/v2\/posts\/36215\/revisions\/36217"}],"wp:featuredmedia":[{"embeddable":true,"href":"https:\/\/scinawa.pl\/index.php\/wp-json\/wp\/v2\/media\/36216"}],"wp:attachment":[{"href":"https:\/\/scinawa.pl\/index.php\/wp-json\/wp\/v2\/media?parent=36215"}],"wp:term":[{"taxonomy":"category","embeddable":true,"href":"https:\/\/scinawa.pl\/index.php\/wp-json\/wp\/v2\/categories?post=36215"},{"taxonomy":"post_tag","embeddable":true,"href":"https:\/\/scinawa.pl\/index.php\/wp-json\/wp\/v2\/tags?post=36215"}],"curies":[{"name":"wp","href":"https:\/\/api.w.org\/{rel}","templated":true}]}}