{"id":36119,"date":"2025-12-03T12:25:02","date_gmt":"2025-12-03T11:25:02","guid":{"rendered":"https:\/\/scinawa.pl\/?p=36119"},"modified":"2025-12-03T13:02:33","modified_gmt":"2025-12-03T12:02:33","slug":"miedzynarodowy-dzien-osob-z-niepelnosprawnosciami-2","status":"publish","type":"post","link":"https:\/\/scinawa.pl\/index.php\/2025\/12\/03\/miedzynarodowy-dzien-osob-z-niepelnosprawnosciami-2\/","title":{"rendered":"Mi\u0119dzynarodowy Dzie\u0144 Os\u00f3b z Niepe\u0142nosprawno\u015bciami"},"content":{"rendered":"<p><strong>Dzi\u015b, 3 grudnia, obchodzimy Mi\u0119dzynarodowy Dzie\u0144 Os\u00f3b z Niepe\u0142nosprawno\u015bciami, \u015bwi\u0119to ustanowione w 1992 roku przez Zgromadzenie Og\u00f3lne ONZ. To dobry moment, by przypomnie\u0107 o wyzwaniach, z jakimi mierz\u0105 si\u0119 osoby z niepe\u0142nosprawno\u015bciami, ale tak\u017ce doceni\u0107 ich si\u0142\u0119, determinacj\u0119 i wk\u0142ad w \u017cycie spo\u0142eczne, kulturalne i sportowe.<\/strong><\/p>\n<p>Dzie\u0144 ten przypomina o potrzebie tworzenia przestrzeni pe\u0142nej integracji, \u017cyczliwo\u015bci i otwarto\u015bci, w kt\u00f3rej ka\u017cdy mo\u017ce uczestniczy\u0107 na r\u00f3wnych prawach, rozwija\u0107 swoje talenty oraz czu\u0107 si\u0119 cz\u0119\u015bci\u0105 wsp\u00f3lnoty. W naszej gminie osoby z niepe\u0142nosprawno\u015bciami s\u0105 aktywne i zaanga\u017cowane, bior\u0105 udzia\u0142 w zawodach, wydarzeniach miejskich, wspieraj\u0105 inicjatywy lokalne i wsp\u00f3\u0142pracuj\u0105 przy organizacji imprez. Dzi\u0119ki dzia\u0142aniom fundacji, stowarzysze\u0144 i dobrej wsp\u00f3\u0142pracy oraz dialogowi z samorz\u0105dem, na czele z burmistrzem, uda\u0142o si\u0119 stworzy\u0107 atmosfer\u0119 wzajemnego szacunku i partnerskich relacji.<\/p>\n<p>W zwi\u0105zku z dzisiejszym \u015bwi\u0119tem sk\u0142adamy serdeczne \u017cyczenia wszystkim osobom z niepe\u0142nosprawno\u015bciami: codziennej rado\u015bci, si\u0142y do realizacji plan\u00f3w i ca\u0142ej g\u00f3ry powod\u00f3w do u\u015bmiechu. Niech otaczaj\u0105 Was ludzie, kt\u00f3rzy wspieraj\u0105, rozumiej\u0105 i dodaj\u0105 skrzyde\u0142, a poczucie bycia wa\u017cn\u0105 cz\u0119\u015bci\u0105 naszej gminy towarzyszy Wam ka\u017cdego dnia.<\/p>\n<p><em>&nbsp;<\/em><\/p>\n<p><em>Z powa\u017caniem,<\/em><\/p>\n<p><strong><em>Burmistrz \u015acinawy<br \/>\nKrystian Koszty\u0142a z pracownikami UMiG<br \/>\n<\/em><\/strong><strong><em>oraz<br \/>\n<\/em><\/strong><strong><em>Przewodnicz\u0105cy Rady Miejskiej w \u015acinawie<br \/>\nMateusz \u0141azarek z Radnymi<\/em><\/strong><\/p>\n","protected":false},"excerpt":{"rendered":"<p>Dzi\u015b, 3 grudnia, obchodzimy Mi\u0119dzynarodowy Dzie\u0144 Os\u00f3b z Niepe\u0142nosprawno\u015bciami, \u015bwi\u0119to ustanowione w 1992 roku przez Zgromadzenie Og\u00f3lne ONZ. To dobry<\/p>\n","protected":false},"author":8,"featured_media":36120,"comment_status":"open","ping_status":"open","sticky":false,"template":"","format":"standard","meta":{"ngg_post_thumbnail":0},"categories":[12,3,2,4],"tags":[],"_links":{"self":[{"href":"https:\/\/scinawa.pl\/index.php\/wp-json\/wp\/v2\/posts\/36119"}],"collection":[{"href":"https:\/\/scinawa.pl\/index.php\/wp-json\/wp\/v2\/posts"}],"about":[{"href":"https:\/\/scinawa.pl\/index.php\/wp-json\/wp\/v2\/types\/post"}],"author":[{"embeddable":true,"href":"https:\/\/scinawa.pl\/index.php\/wp-json\/wp\/v2\/users\/8"}],"replies":[{"embeddable":true,"href":"https:\/\/scinawa.pl\/index.php\/wp-json\/wp\/v2\/comments?post=36119"}],"version-history":[{"count":4,"href":"https:\/\/scinawa.pl\/index.php\/wp-json\/wp\/v2\/posts\/36119\/revisions"}],"predecessor-version":[{"id":36124,"href":"https:\/\/scinawa.pl\/index.php\/wp-json\/wp\/v2\/posts\/36119\/revisions\/36124"}],"wp:featuredmedia":[{"embeddable":true,"href":"https:\/\/scinawa.pl\/index.php\/wp-json\/wp\/v2\/media\/36120"}],"wp:attachment":[{"href":"https:\/\/scinawa.pl\/index.php\/wp-json\/wp\/v2\/media?parent=36119"}],"wp:term":[{"taxonomy":"category","embeddable":true,"href":"https:\/\/scinawa.pl\/index.php\/wp-json\/wp\/v2\/categories?post=36119"},{"taxonomy":"post_tag","embeddable":true,"href":"https:\/\/scinawa.pl\/index.php\/wp-json\/wp\/v2\/tags?post=36119"}],"curies":[{"name":"wp","href":"https:\/\/api.w.org\/{rel}","templated":true}]}}