{"id":35729,"date":"2025-10-14T08:12:18","date_gmt":"2025-10-14T06:12:18","guid":{"rendered":"https:\/\/scinawa.pl\/?p=35729"},"modified":"2025-10-14T08:12:18","modified_gmt":"2025-10-14T06:12:18","slug":"14-10-dzien-edukacji-narodowej","status":"publish","type":"post","link":"https:\/\/scinawa.pl\/index.php\/2025\/10\/14\/14-10-dzien-edukacji-narodowej\/","title":{"rendered":"14.10. Dzie\u0144 Edukacji Narodowej"},"content":{"rendered":"<p>Szanowni Nauczyciele, Wychowawcy, Pracownicy O\u015bwiaty, z okazji Dnia Edukacji Narodowej sk\u0142adamy Pa\u0144stwu serdeczne podzi\u0119kowania za codzienn\u0105 obecno\u015b\u0107, cierpliwo\u015b\u0107 oraz zaanga\u017cowanie w pracy z m\u0142odymi lud\u017ami.<\/p>\n<p>Dzi\u0119ki Wam szko\u0142y s\u0105 miejscem, gdzie nie tylko zdobywa si\u0119 wiedz\u0119, ale te\u017c buduje relacje, kszta\u0142tuje warto\u015bci i przygotowuje do \u017cycia. To ogromna odpowiedzialno\u015b\u0107, ale te\u017c wyj\u0105tkowa rola, za kt\u00f3r\u0105 wyra\u017camy szacunek i wdzi\u0119czno\u015b\u0107.<\/p>\n<p>\u017byczymy Pa\u0144stwu przede wszystkim zdrowia, spokoju i codziennej satysfakcji, z tych wi\u0119kszych sukces\u00f3w, ale te\u017c z ma\u0142ych, cichych moment\u00f3w, kt\u00f3re nios\u0105 poczucie sensu. Niech nie zabraknie \u017cyczliwo\u015bci wok\u00f3\u0142, wzajemnego wsparcia oraz rado\u015bci, kt\u00f3ra czasem przychodzi nieoczekiwanie, ale zawsze zostaje na d\u0142ugo.<\/p>\n<p>Dzi\u0119kujemy, \u017ce jeste\u015bcie \u2013 dla uczni\u00f3w, dla rodzic\u00f3w, dla ca\u0142ej naszej spo\u0142eczno\u015bci.<\/p>\n<p>&nbsp;<\/p>\n<p><em>Z wyrazami uznania,<br \/>\n<\/em><em>Krystian Koszty\u0142a<br \/>\n<\/em><em>Burmistrz \u015acinawy wraz z pracownikami urz\u0119du<br \/>\n<\/em><em>oraz<br \/>\n<\/em><em>Mateusz \u0141azarek<br \/>\n<\/em><em>Przewodnicz\u0105cy Rady Miejskiej w \u015acinawie<br \/>\n<\/em><em>wraz z radnymi<\/em><\/p>\n<p><em>&nbsp;<\/em><\/p>\n","protected":false},"excerpt":{"rendered":"<p>Szanowni Nauczyciele, Wychowawcy, Pracownicy O\u015bwiaty, z okazji Dnia Edukacji Narodowej sk\u0142adamy Pa\u0144stwu serdeczne podzi\u0119kowania za codzienn\u0105 obecno\u015b\u0107, cierpliwo\u015b\u0107 oraz zaanga\u017cowanie<\/p>\n","protected":false},"author":8,"featured_media":35730,"comment_status":"open","ping_status":"open","sticky":false,"template":"","format":"standard","meta":{"ngg_post_thumbnail":0},"categories":[12,678,3,2,4],"tags":[],"_links":{"self":[{"href":"https:\/\/scinawa.pl\/index.php\/wp-json\/wp\/v2\/posts\/35729"}],"collection":[{"href":"https:\/\/scinawa.pl\/index.php\/wp-json\/wp\/v2\/posts"}],"about":[{"href":"https:\/\/scinawa.pl\/index.php\/wp-json\/wp\/v2\/types\/post"}],"author":[{"embeddable":true,"href":"https:\/\/scinawa.pl\/index.php\/wp-json\/wp\/v2\/users\/8"}],"replies":[{"embeddable":true,"href":"https:\/\/scinawa.pl\/index.php\/wp-json\/wp\/v2\/comments?post=35729"}],"version-history":[{"count":2,"href":"https:\/\/scinawa.pl\/index.php\/wp-json\/wp\/v2\/posts\/35729\/revisions"}],"predecessor-version":[{"id":35733,"href":"https:\/\/scinawa.pl\/index.php\/wp-json\/wp\/v2\/posts\/35729\/revisions\/35733"}],"wp:featuredmedia":[{"embeddable":true,"href":"https:\/\/scinawa.pl\/index.php\/wp-json\/wp\/v2\/media\/35730"}],"wp:attachment":[{"href":"https:\/\/scinawa.pl\/index.php\/wp-json\/wp\/v2\/media?parent=35729"}],"wp:term":[{"taxonomy":"category","embeddable":true,"href":"https:\/\/scinawa.pl\/index.php\/wp-json\/wp\/v2\/categories?post=35729"},{"taxonomy":"post_tag","embeddable":true,"href":"https:\/\/scinawa.pl\/index.php\/wp-json\/wp\/v2\/tags?post=35729"}],"curies":[{"name":"wp","href":"https:\/\/api.w.org\/{rel}","templated":true}]}}