{"id":35581,"date":"2025-10-01T15:19:56","date_gmt":"2025-10-01T13:19:56","guid":{"rendered":"https:\/\/scinawa.pl\/?p=35581"},"modified":"2025-10-01T15:20:39","modified_gmt":"2025-10-01T13:20:39","slug":"dzis-koncert-zespolu-haja-w-ckib-w-scinawie-wstep-wolny","status":"publish","type":"post","link":"https:\/\/scinawa.pl\/index.php\/2025\/10\/01\/dzis-koncert-zespolu-haja-w-ckib-w-scinawie-wstep-wolny\/","title":{"rendered":"Dzi\u015b koncert zespo\u0142u Haja w CKIB w \u015acinawie \u2013 wst\u0119p wolny!"},"content":{"rendered":"<p><strong>Bezp\u0142atny koncert zespo\u0142u Haja z now\u0105 wokalistk\u0105 Len\u0105 Poberejko, kt\u00f3ry odb\u0119dzie si\u0119 dzi\u015b, 1 pa\u017adziernika o godz. 17:00 w sali widowiskowej Centrum Kultury i Biblioteki w \u015acinawie.<\/strong><\/p>\n<p>Inauguracja roku akademickiego Uniwersytetu Trzeciego Wieku w \u015acinawie to wyj\u0105tkowa chwila, kt\u00f3ra otwiera nowy rozdzia\u0142 pe\u0142en edukacyjnych wyzwa\u0144 oraz spo\u0142ecznej aktywno\u015bci naszych senior\u00f3w. To doskona\u0142a okazja, by wsp\u00f3lnie celebrowa\u0107 ten wa\u017cny moment, dlatego zapraszamy Was na wyj\u0105tkowy, bezp\u0142atny koncert muzyczny, kt\u00f3ry odb\u0119dzie si\u0119 ju\u017c dzi\u015b, 1 pa\u017adziernika (\u015broda) o godzinie 17:00, w sali widowiskowej Centrum Kultury i Biblioteki w \u015acinawie.<\/p>\n<p>Na scenie zaprezentuje si\u0119 zesp\u00f3\u0142 <strong>Haja<\/strong>, grupa pe\u0142na pasji i talentu. Perkusyjne rytmy stworzy Marcin Mukoid, a wokalne i klawiszowe partie wykona utalentowana Hanna Jordanek, kt\u00f3rej niezwyk\u0142y g\u0142os wzbogaca ka\u017cde wykonanie. Bas bezprogowy wprowadzi do muzyki g\u0142\u0119bi\u0119 i melodyjno\u015b\u0107 dzi\u0119ki Kasi Dubaniowskiej, natomiast gitar\u0119 i ch\u00f3rki zapewni energiczny Jan Samo\u0142yk. Dodatkowo, koncert wzbogaci niezwyk\u0142y g\u0142os nowej wokalistki Leny Poberejko, kt\u00f3ra wnosi \u015bwie\u017c\u0105 energi\u0119 i pe\u0142ne emocji brzmienie, nadaj\u0105c wydarzeniu wyj\u0105tkowy charakter.<\/p>\n<p>Zapraszamy do sp\u0119dzenia z nami tego jesiennego popo\u0142udnia w atmosferze wspania\u0142ej muzyki i pozytywnej energii!<br \/>\n<strong><br \/>\nWst\u0119p wolny!<br \/>\n<\/strong>Do zobaczenia w sali widowiskowej CKiB w \u015acinawie!<\/p>\n","protected":false},"excerpt":{"rendered":"<p>Bezp\u0142atny koncert zespo\u0142u Haja z now\u0105 wokalistk\u0105 Len\u0105 Poberejko, kt\u00f3ry odb\u0119dzie si\u0119 dzi\u015b, 1 pa\u017adziernika o godz. 17:00 w sali<\/p>\n","protected":false},"author":8,"featured_media":35582,"comment_status":"open","ping_status":"open","sticky":false,"template":"","format":"standard","meta":{"ngg_post_thumbnail":0},"categories":[12,41,678,3,2,4,40],"tags":[1897,320,1081],"_links":{"self":[{"href":"https:\/\/scinawa.pl\/index.php\/wp-json\/wp\/v2\/posts\/35581"}],"collection":[{"href":"https:\/\/scinawa.pl\/index.php\/wp-json\/wp\/v2\/posts"}],"about":[{"href":"https:\/\/scinawa.pl\/index.php\/wp-json\/wp\/v2\/types\/post"}],"author":[{"embeddable":true,"href":"https:\/\/scinawa.pl\/index.php\/wp-json\/wp\/v2\/users\/8"}],"replies":[{"embeddable":true,"href":"https:\/\/scinawa.pl\/index.php\/wp-json\/wp\/v2\/comments?post=35581"}],"version-history":[{"count":5,"href":"https:\/\/scinawa.pl\/index.php\/wp-json\/wp\/v2\/posts\/35581\/revisions"}],"predecessor-version":[{"id":35587,"href":"https:\/\/scinawa.pl\/index.php\/wp-json\/wp\/v2\/posts\/35581\/revisions\/35587"}],"wp:featuredmedia":[{"embeddable":true,"href":"https:\/\/scinawa.pl\/index.php\/wp-json\/wp\/v2\/media\/35582"}],"wp:attachment":[{"href":"https:\/\/scinawa.pl\/index.php\/wp-json\/wp\/v2\/media?parent=35581"}],"wp:term":[{"taxonomy":"category","embeddable":true,"href":"https:\/\/scinawa.pl\/index.php\/wp-json\/wp\/v2\/categories?post=35581"},{"taxonomy":"post_tag","embeddable":true,"href":"https:\/\/scinawa.pl\/index.php\/wp-json\/wp\/v2\/tags?post=35581"}],"curies":[{"name":"wp","href":"https:\/\/api.w.org\/{rel}","templated":true}]}}