{"id":35472,"date":"2025-09-22T12:02:29","date_gmt":"2025-09-22T10:02:29","guid":{"rendered":"https:\/\/scinawa.pl\/?p=35472"},"modified":"2025-09-22T12:02:29","modified_gmt":"2025-09-22T10:02:29","slug":"dzien-bez-samochodu-scinawa-na-drodze-do-czystszego-powietrza","status":"publish","type":"post","link":"https:\/\/scinawa.pl\/index.php\/2025\/09\/22\/dzien-bez-samochodu-scinawa-na-drodze-do-czystszego-powietrza\/","title":{"rendered":"Dzie\u0144 Bez Samochodu, \u015acinawa na drodze do czystszego powietrza!"},"content":{"rendered":"<p><strong>\u015awiatowy Dzie\u0144 Bez Samochodu, obchodzony co roku 22 wrze\u015bnia, to nie tylko symboliczna zach\u0119ta do porzucenia auta na jeden dzie\u0144. To tak\u017ce doskona\u0142a okazja, by przypomnie\u0107, jak wa\u017cne s\u0105 dzia\u0142ania systemowe, kt\u00f3re realnie wp\u0142ywaj\u0105 na jako\u015b\u0107 powietrza, zdrowie mieszka\u0144c\u00f3w i ochron\u0119 \u015brodowiska. Gmina \u015acinawa od lat wdra\u017ca sp\u00f3jn\u0105, przemy\u015blan\u0105 strategi\u0119 proekologiczn\u0105, \u0142\u0105cz\u0105c rozw\u00f3j zr\u00f3wnowa\u017conego transportu, inwestycje w infrastruktur\u0119, edukacj\u0119 oraz wsparcie mieszka\u0144c\u00f3w w przechodzeniu na czystsze \u017ar\u00f3d\u0142a energii. <\/strong><\/p>\n<p><strong>Darmowa komunikacja autobusowa \u2013 wygodnie, bezpiecznie i ekologicznie:<\/strong><\/p>\n<p>Jednym z fundament\u00f3w polityki transportowej gminy jest darmowa linia autobusowa nr 512, kt\u00f3ra \u0142\u0105czy \u015acinaw\u0119 z Lubinem i okolicznymi miejscowo\u015bciami. Nowoczesne, klimatyzowane oraz niskopod\u0142ogowe autobusy oferuj\u0105 komfortowy transport bez konieczno\u015bci u\u017cycia samochodu. Dzi\u0119ki tej inicjatywie mieszka\u0144cy zyskuj\u0105 realn\u0105 alternatyw\u0119, co przek\u0142ada si\u0119 na zmniejszenie emisji spalin, redukcj\u0119 ha\u0142asu oraz ograniczenie kork\u00f3w. Warto doda\u0107, \u017ce z wszystkich 21 wsi gminnych do \u015acinawy mo\u017cna bezp\u0142atnie dosta\u0107 si\u0119 autobusami dowo\u017c\u0105cymi uczni\u00f3w do szk\u00f3\u0142. W \u015awiatowy Dzie\u0144 Bez Samochodu szczeg\u00f3lnie zach\u0119camy do wyboru tej formy transportu, ekologicznej i przyjaznej dla wszystkich.<\/p>\n<p><strong>\u015acinawski Rower Miejski \u2013 IV generacja mobilno\u015bci:<\/strong><\/p>\n<p>Gmina \u015acinawa jako jedna z pierwszych w regionie wprowadzi\u0142a nowoczesny system \u015acinawskiego Roweru Miejskiego (\u015aRM), bazuj\u0105cy na technologii IV generacji. Rowery wyposa\u017cone s\u0105 w GPS, automatyczne o\u015bwietlenie oraz intuicyjn\u0105 aplikacj\u0119 mobiln\u0105, dzi\u0119ki kt\u00f3rej mo\u017cna \u0142atwo i szybko wypo\u017cyczy\u0107 dwu\u015blad. \u015aRM to ekologiczny \u015brodek transportu, kt\u00f3ry promuje zdrowy styl \u017cycia, ogranicza emisje spalin i wspiera mobilno\u015b\u0107 miejsk\u0105. System jest doskona\u0142ym uzupe\u0142nieniem darmowej komunikacji publicznej i \u015bwietnym wyborem na Dzie\u0144 Bez Samochodu.<\/p>\n<p><strong>Nowoczesny przystanek kolejowy i poci\u0105gi \u2013 komfortowa podr\u00f3\u017c na d\u0142u\u017cszych trasach:<\/strong><\/p>\n<p>Zmodernizowany przystanek kolejowy w \u015acinawie staje si\u0119 coraz istotniejszym punktem w sieci transportowej regionu. Windy, udogodnienia dla rowerzyst\u00f3w, podniesione i wyd\u0142u\u017cone perony oraz wygodna infrastruktura sprawiaj\u0105, \u017ce podr\u00f3\u017c poci\u0105giem, to komfortowa oraz ekologiczna alternatywa dla samochodu, zar\u00f3wno dla os\u00f3b doje\u017cd\u017caj\u0105cych do pracy, jak i turyst\u00f3w. Nowy rozk\u0142ad jazdy i po\u0142\u0105czenia regionalne oraz dalekobie\u017cne (m.in. do Wroc\u0142awia, Krakowa, Szczecina) obs\u0142ugiwane przez Koleje Dolno\u015bl\u0105skie oraz PKP Intercity pozwalaj\u0105 na szybkie i wygodne podr\u00f3\u017ce bez emisji spalin.<\/p>\n<p><strong>Inwestycje w infrastruktur\u0119 rowerow\u0105 \u2013 lokalnie i regionalnie (Cyklostrada Dolno\u015bl\u0105ska: Trasa Blue Velo i Trasa Miedziana):<\/strong><\/p>\n<p>Popularna droga rowerowa \u0142\u0105cz\u0105ca \u015acinaw\u0119 z Prochowicami, to odcinek Trasy Blue Velo i cz\u0119\u015b\u0107 Cyklostrady Dolno\u015bl\u0105skiej. Wybudowana przez s\u0105siaduj\u0105ce samorz\u0105dy \u015bcie\u017cka umo\u017cliwia bezpieczny i komfortowy przejazd rowerem pomi\u0119dzy gminami, zar\u00f3wno dla mieszka\u0144c\u00f3w, jak i turyst\u00f3w. To realna alternatywa dla samochodu na kr\u00f3tkich i \u015brednich dystansach. Dodatkowo wzd\u0142u\u017c drogi krajowej nr 36 powstanie nied\u0142ugo nowoczesna trasa dla jedno\u015blad\u00f3w, \u0142\u0105cz\u0105ca \u015acinaw\u0119 z Lubinem. B\u0119dzie ona cz\u0119\u015bci\u0105 Trasy Miedzianej i r\u00f3wnie\u017c elementem Cyklostrady Dolno\u015bl\u0105skiej \u2013 sieci tras rowerowych \u0142\u0105cz\u0105cych miasta Dolnego \u015al\u0105ska z regionami Polski, Czech i Niemiec. To inwestycja o znaczeniu ponadlokalnym, kt\u00f3ra wpisuje \u015acinaw\u0119 w sie\u0107 nowoczesnych, europejskich szlak\u00f3w rowerowych i zach\u0119ca do codziennego poruszania si\u0119 rowerem zamiast samochodem. Odcinek pomi\u0119dzy \u015acinaw\u0105, a Lubinem ma zapewnione finansowanie i ma zosta\u0107 wybudowany najp\u00f3\u017aniej do 2028 roku.<\/p>\n<p><strong>Programy: \u201eCzyste Powietrze\u201d, \u201eCiep\u0142e Mieszkanie\u201d i gminne przedsi\u0119wzi\u0119cia:<\/strong><\/p>\n<p>Gmina \u015acinawa aktywnie wspiera mieszka\u0144c\u00f3w w walce z tzw. \u201ekopciuchami\u201d i poprawie efektywno\u015bci energetycznej budynk\u00f3w. W magistracie dzia\u0142a punkt konsultacyjny program\u00f3w: \u201eCzyste Powietrze\u201d oraz \u201eCiep\u0142e Mieszkania\u201d, gdzie mo\u017cna uzyska\u0107 pomoc przy sk\u0142adaniu wniosk\u00f3w o dofinansowanie. \u015acinawski samorz\u0105d jest liderem projekt\u00f3w realizowanych w ramach Legnicko-G\u0142ogowskiego Obszaru Interwencji. Ponadto w ostatnim czasie, dzi\u0119ki pozyskanym dotacjom unijnym oraz organizowanym lokalnym konkursom i grantom na dofinansowanie do wymiany \u017ar\u00f3de\u0142 ciep\u0142a, gmina wspar\u0142a blisko 400 beneficjent\u00f3w, w tym kilkana\u015bcie wsp\u00f3lnot mieszkaniowych, \u0142\u0105czn\u0105 kwot\u0105 ponad 8 mln z\u0142! Najwi\u0119kszy warto\u015bciowo grant, na poziomie prawie 1,5 mln z\u0142, otrzyma\u0142a Sp\u00f3\u0142dzielnia Mieszkaniowa Lokatorsko-W\u0142asno\u015bciowa \u201eROLNIK\u201d w \u015acinawie, kt\u00f3ra zlikwidowa\u0142a wys\u0142u\u017con\u0105 kot\u0142owni\u0119 w\u0119glow\u0105 i zainstalowa\u0142a ekologiczne kot\u0142y gazowe. Zmodernizowano te\u017c liczne obiekty u\u017cyteczno\u015bci publicznej, np. \u015bwietlice wiejskie, gdzie zastosowano nowoczesne pompy ciep\u0142a. Warto przypomnie\u0107, \u017ce emisje z domowych piec\u00f3w i kot\u0142\u00f3w s\u0105 r\u00f3wnie powa\u017cnym \u017ar\u00f3d\u0142em zanieczyszcze\u0144 co transport drogowy, dlatego dzia\u0142ania te s\u0105 tak istotne i uzupe\u0142niaj\u0105 polityk\u0119 ograniczania spalin z pojazd\u00f3w.<\/p>\n<p><strong>Monitoring jako\u015bci powietrza i edukacja ekologiczna:<\/strong><\/p>\n<p>W kilku punktach w naszym mie\u015bcie dzia\u0142aj\u0105 czujniki monitoruj\u0105ce jako\u015bci powietrza, kt\u00f3re mierz\u0105 st\u0119\u017cenia py\u0142\u00f3w PM10 i PM2.5, temperatur\u0119, wilgotno\u015b\u0107 i ci\u015bnienie. Dane dost\u0119pne s\u0105 online i na bie\u017c\u0105co aktualizowane, mieszka\u0144cy mog\u0105 \u015bledzi\u0107 jako\u015b\u0107 atmosfery i \u015bwiadomie podejmowa\u0107 decyzje, np. o ograniczeniu jazdy samochodem w dniach z du\u017cym st\u0119\u017ceniem zanieczyszcze\u0144. To narz\u0119dzie nie tylko informuje, ale edukuje i buduje \u015bwiadomo\u015b\u0107, jak codzienne wybory wp\u0142ywaj\u0105 na \u015brodowisko oraz zdrowie.<\/p>\n<p><strong>Edukacja ekologiczna \u2013 od wiedzy do codziennych wybor\u00f3w:<\/strong><\/p>\n<p>W \u015acinawie i okolicy dzia\u0142a kilka o\u015brodk\u00f3w, kt\u00f3re od lat kszta\u0142tuj\u0105 postawy proekologiczne, nie tylko w\u015br\u00f3d dzieci i m\u0142odzie\u017cy, ale tak\u017ce ca\u0142ych rodzin. Regionalny O\u015brodek Edukacji Ekologicznej w Dziewinie to miejsce, gdzie teoria spotyka si\u0119 z praktyk\u0105: uczestnicy warsztat\u00f3w poznaj\u0105 dzia\u0142anie odnawialnych \u017ar\u00f3de\u0142 energii, bior\u0105 udzia\u0142 w spacerach przyrodniczych i ucz\u0105 si\u0119, jak dba\u0107 o \u015brodowisko w codziennym \u017cyciu. Dojazd do o\u015brodka mo\u017cliwy jest pieszo lub rowerem, to doskona\u0142y przyk\u0142ad, jak \u0142\u0105czy\u0107 edukacj\u0119 z ruchem bezemisyjnym.<\/p>\n<p>R\u00f3wnie\u017c O\u015brodek Dzia\u0142a\u0144 Edukacyjnych i Tw\u00f3rczych Schronisko M\u0142odzie\u017cowe \u201ePa\u0142acyk\u201d w \u015acinawie organizuje zaj\u0119cia i wydarzenia promuj\u0105ce postawy odpowiedzialne klimatycznie. Wsp\u00f3lne akcje, takie jak \u201eSprz\u0105tanie \u015awiata\u201d, czy rejsy edukacyjne po Odrze, pokazuj\u0105, \u017ce ekologiczne wybory mog\u0105 by\u0107 ciekawe, wsp\u00f3lnotowe i dost\u0119pne dla ka\u017cdego. Z okazji Dnia Bez Samochodu warto odwiedzi\u0107 te miejsca \u2013 pieszo, rowerem lub komunikacj\u0105 zbiorow\u0105, aby przekona\u0107 si\u0119, \u017ce zmiana zaczyna si\u0119 od nas.<\/p>\n<p><strong>Strategia zr\u00f3wnowa\u017conego rozwoju \u2013 transport, energia, \u015bwiadomo\u015b\u0107:<\/strong><\/p>\n<p>Gmina \u015acinawa konsekwentnie wdra\u017ca Plan Gospodarki Niskoemisyjnej, kt\u00f3rego za\u0142o\u017cenia obejmuj\u0105 szereg komplementarnych dzia\u0142a\u0144. To m.in. rozw\u00f3j ekologicznej komunikacji publicznej i infrastruktury rowerowej, wsparcie dla termomodernizacji budynk\u00f3w oraz odnawialnych \u017ar\u00f3de\u0142 energii (OZE), a tak\u017ce edukacja klimatyczna i spo\u0142eczna, buduj\u0105ca \u015bwiadomo\u015b\u0107 w\u015br\u00f3d mieszka\u0144c\u00f3w. R\u00f3wnolegle realizowane s\u0105 inwestycje zwi\u0119kszaj\u0105ce dost\u0119pno\u015b\u0107 i komfort codziennego podr\u00f3\u017cowania bez u\u017cycia samochodu. Te zintegrowane dzia\u0142ania tworz\u0105 sp\u00f3jn\u0105 strategi\u0119 poprawy jako\u015bci powietrza, \u017cycia mieszka\u0144c\u00f3w i ochrony \u015brodowiska.<\/p>\n<p>\u015awiatowy Dzie\u0144 Bez Samochodu to moment, by zatrzyma\u0107 si\u0119 i zastanowi\u0107 nad codziennymi wyborami. Gmina \u015acinawa pokazuje, \u017ce zmiana jest mo\u017cliwa, dzi\u0119ki nowoczesnym rozwi\u0105zaniom, konsekwentnemu dzia\u0142aniu, inwestycjom i zaanga\u017cowaniu mieszka\u0144c\u00f3w.<\/p>\n<p>\u015awi\u0119tujmy Dzie\u0144 Bez Samochodu!<\/p>\n<p>&nbsp;<\/p>\n<p>&nbsp;<\/p>\n","protected":false},"excerpt":{"rendered":"<p>\u015awiatowy Dzie\u0144 Bez Samochodu, obchodzony co roku 22 wrze\u015bnia, to nie tylko symboliczna zach\u0119ta do porzucenia auta na jeden dzie\u0144.<\/p>\n","protected":false},"author":8,"featured_media":35475,"comment_status":"open","ping_status":"open","sticky":false,"template":"","format":"standard","meta":{"ngg_post_thumbnail":0},"categories":[12,678,3,2,15,4],"tags":[130,1907,64],"_links":{"self":[{"href":"https:\/\/scinawa.pl\/index.php\/wp-json\/wp\/v2\/posts\/35472"}],"collection":[{"href":"https:\/\/scinawa.pl\/index.php\/wp-json\/wp\/v2\/posts"}],"about":[{"href":"https:\/\/scinawa.pl\/index.php\/wp-json\/wp\/v2\/types\/post"}],"author":[{"embeddable":true,"href":"https:\/\/scinawa.pl\/index.php\/wp-json\/wp\/v2\/users\/8"}],"replies":[{"embeddable":true,"href":"https:\/\/scinawa.pl\/index.php\/wp-json\/wp\/v2\/comments?post=35472"}],"version-history":[{"count":2,"href":"https:\/\/scinawa.pl\/index.php\/wp-json\/wp\/v2\/posts\/35472\/revisions"}],"predecessor-version":[{"id":35474,"href":"https:\/\/scinawa.pl\/index.php\/wp-json\/wp\/v2\/posts\/35472\/revisions\/35474"}],"wp:featuredmedia":[{"embeddable":true,"href":"https:\/\/scinawa.pl\/index.php\/wp-json\/wp\/v2\/media\/35475"}],"wp:attachment":[{"href":"https:\/\/scinawa.pl\/index.php\/wp-json\/wp\/v2\/media?parent=35472"}],"wp:term":[{"taxonomy":"category","embeddable":true,"href":"https:\/\/scinawa.pl\/index.php\/wp-json\/wp\/v2\/categories?post=35472"},{"taxonomy":"post_tag","embeddable":true,"href":"https:\/\/scinawa.pl\/index.php\/wp-json\/wp\/v2\/tags?post=35472"}],"curies":[{"name":"wp","href":"https:\/\/api.w.org\/{rel}","templated":true}]}}