{"id":35424,"date":"2025-09-16T15:12:40","date_gmt":"2025-09-16T13:12:40","guid":{"rendered":"https:\/\/scinawa.pl\/?p=35424"},"modified":"2025-09-16T15:12:40","modified_gmt":"2025-09-16T13:12:40","slug":"zbiorka-elektrosmieci-od-22-do-24-wrzesnia","status":"publish","type":"post","link":"https:\/\/scinawa.pl\/index.php\/2025\/09\/16\/zbiorka-elektrosmieci-od-22-do-24-wrzesnia\/","title":{"rendered":"Zbi\u00f3rka elektro\u015bmieci od 22 do 24 wrze\u015bnia!"},"content":{"rendered":"<p><strong>Informujemy, \u017ce w dniach 22-24 wrze\u015bnia br. (od poniedzia\u0142ku do \u015brody) na terenie gminy \u015acinawa prowadzona b\u0119dzie zbi\u00f3rka elektroodpad\u00f3w. We wsiach zu\u017cyty sprz\u0119t przyjmowany b\u0119dzie na posesjach so\u0142tys\u00f3w \u2013 akcj\u0119 zaplanowano na poniedzia\u0142ek oraz wtorek, 22 i 23 wrze\u015bnia, z kolei w \u015acinawie zbi\u00f3rka prowadzona b\u0119dzie w \u015brod\u0119, 24 wrze\u015bnia \u2013 elektro\u015bmieci b\u0119dzie mo\u017cna zostawi\u0107 na bazie ZGK w \u015acinawie przy ul. Jana Paw\u0142a II w godzinach od 9:00 do 13:00. <\/strong><\/p>\n<p><strong>&nbsp;<\/strong><strong>Akcj\u0119 w porozumieniu ze \u015bcinawskim samorz\u0105dem prowadzi firma AG-EKO. W trosce o \u015brodowisko zach\u0119camy do aktywnego udzia\u0142u!<\/strong> Przyjmowane b\u0119d\u0105:<\/p>\n<p>\u2013 zu\u017cyty sprz\u0119t RTV i AGD;<\/p>\n<p>\u2013 komputery, telewizory;<\/p>\n<p>\u2013 pralki, lod\u00f3wki, kuchenki;<\/p>\n<p>\u2013 radia, miksery, suszarki itp.;<\/p>\n<p>\u2013 wszelkie urz\u0105dzenia zasilane pr\u0105dem lub na baterie.<\/p>\n<p><img decoding=\"async\" loading=\"lazy\" class=\" wp-image-35426 aligncenter\" src=\"http:\/\/scinawa.pl\/wp-content\/uploads\/2025\/09\/Scinawa-22-23.09.2025-240x300.jpg\" alt=\"\" width=\"806\" height=\"1008\" srcset=\"https:\/\/scinawa.pl\/wp-content\/uploads\/2025\/09\/Scinawa-22-23.09.2025-240x300.jpg 240w, https:\/\/scinawa.pl\/wp-content\/uploads\/2025\/09\/Scinawa-22-23.09.2025-819x1024.jpg 819w, https:\/\/scinawa.pl\/wp-content\/uploads\/2025\/09\/Scinawa-22-23.09.2025-768x960.jpg 768w, https:\/\/scinawa.pl\/wp-content\/uploads\/2025\/09\/Scinawa-22-23.09.2025-19x24.jpg 19w, https:\/\/scinawa.pl\/wp-content\/uploads\/2025\/09\/Scinawa-22-23.09.2025-29x36.jpg 29w, https:\/\/scinawa.pl\/wp-content\/uploads\/2025\/09\/Scinawa-22-23.09.2025-38x48.jpg 38w, https:\/\/scinawa.pl\/wp-content\/uploads\/2025\/09\/Scinawa-22-23.09.2025.jpg 1080w\" sizes=\"(max-width: 806px) 100vw, 806px\" \/><\/p>\n<p><img decoding=\"async\" loading=\"lazy\" class=\" wp-image-35425 aligncenter\" src=\"http:\/\/scinawa.pl\/wp-content\/uploads\/2025\/09\/Scinawa-24.09.2025-stacjonarna-240x300.jpg\" alt=\"\" width=\"804\" height=\"1005\" srcset=\"https:\/\/scinawa.pl\/wp-content\/uploads\/2025\/09\/Scinawa-24.09.2025-stacjonarna-240x300.jpg 240w, https:\/\/scinawa.pl\/wp-content\/uploads\/2025\/09\/Scinawa-24.09.2025-stacjonarna-819x1024.jpg 819w, https:\/\/scinawa.pl\/wp-content\/uploads\/2025\/09\/Scinawa-24.09.2025-stacjonarna-768x960.jpg 768w, https:\/\/scinawa.pl\/wp-content\/uploads\/2025\/09\/Scinawa-24.09.2025-stacjonarna-19x24.jpg 19w, https:\/\/scinawa.pl\/wp-content\/uploads\/2025\/09\/Scinawa-24.09.2025-stacjonarna-29x36.jpg 29w, https:\/\/scinawa.pl\/wp-content\/uploads\/2025\/09\/Scinawa-24.09.2025-stacjonarna-38x48.jpg 38w, https:\/\/scinawa.pl\/wp-content\/uploads\/2025\/09\/Scinawa-24.09.2025-stacjonarna.jpg 1080w\" sizes=\"(max-width: 804px) 100vw, 804px\" \/><\/p>\n<p><strong>&nbsp;<\/strong><\/p>\n","protected":false},"excerpt":{"rendered":"<p>Informujemy, \u017ce w dniach 22-24 wrze\u015bnia br. (od poniedzia\u0142ku do \u015brody) na terenie gminy \u015acinawa prowadzona b\u0119dzie zbi\u00f3rka elektroodpad\u00f3w. We<\/p>\n","protected":false},"author":8,"featured_media":35428,"comment_status":"open","ping_status":"open","sticky":false,"template":"","format":"standard","meta":{"ngg_post_thumbnail":0},"categories":[12,3,2,4],"tags":[],"_links":{"self":[{"href":"https:\/\/scinawa.pl\/index.php\/wp-json\/wp\/v2\/posts\/35424"}],"collection":[{"href":"https:\/\/scinawa.pl\/index.php\/wp-json\/wp\/v2\/posts"}],"about":[{"href":"https:\/\/scinawa.pl\/index.php\/wp-json\/wp\/v2\/types\/post"}],"author":[{"embeddable":true,"href":"https:\/\/scinawa.pl\/index.php\/wp-json\/wp\/v2\/users\/8"}],"replies":[{"embeddable":true,"href":"https:\/\/scinawa.pl\/index.php\/wp-json\/wp\/v2\/comments?post=35424"}],"version-history":[{"count":2,"href":"https:\/\/scinawa.pl\/index.php\/wp-json\/wp\/v2\/posts\/35424\/revisions"}],"predecessor-version":[{"id":35429,"href":"https:\/\/scinawa.pl\/index.php\/wp-json\/wp\/v2\/posts\/35424\/revisions\/35429"}],"wp:featuredmedia":[{"embeddable":true,"href":"https:\/\/scinawa.pl\/index.php\/wp-json\/wp\/v2\/media\/35428"}],"wp:attachment":[{"href":"https:\/\/scinawa.pl\/index.php\/wp-json\/wp\/v2\/media?parent=35424"}],"wp:term":[{"taxonomy":"category","embeddable":true,"href":"https:\/\/scinawa.pl\/index.php\/wp-json\/wp\/v2\/categories?post=35424"},{"taxonomy":"post_tag","embeddable":true,"href":"https:\/\/scinawa.pl\/index.php\/wp-json\/wp\/v2\/tags?post=35424"}],"curies":[{"name":"wp","href":"https:\/\/api.w.org\/{rel}","templated":true}]}}