{"id":35300,"date":"2025-09-03T14:17:08","date_gmt":"2025-09-03T12:17:08","guid":{"rendered":"https:\/\/scinawa.pl\/?p=35300"},"modified":"2025-09-05T14:11:45","modified_gmt":"2025-09-05T12:11:45","slug":"wedrowka-szlakiem-sw-jakuba-zapisy-trwaja","status":"publish","type":"post","link":"https:\/\/scinawa.pl\/index.php\/2025\/09\/03\/wedrowka-szlakiem-sw-jakuba-zapisy-trwaja\/","title":{"rendered":"W\u0119dr\u00f3wka Drog\u0105 \u015bw. Jakuba \u2013 zaproszenie na sobot\u0119!"},"content":{"rendered":"<p><strong>Ju\u017c jutro, 6 wrze\u015bnia o godz. 8:30 spod O\u015brodka Alzheimerowskiego w \u015acinawie wyruszy wsp\u00f3lna w\u0119dr\u00f3wka fragmentem Drogi \u015bw. Jakuba pod has\u0142em \u201ePo drodze o DEMENCJI\u201d. Wydarzenie, kt\u00f3re organizuje Fundacja Sztukowanie Pami\u0119ci jest skierowane do wszystkich zainteresowanych tematyk\u0105 demencji, opiek\u0105 nad seniorami oraz aktywnym sp\u0119dzaniem czasu na \u015bwie\u017cym powietrzu.<\/strong><\/p>\n<p>Przez \u015acinaw\u0119, R\u0119sz\u00f3w, Siedlce, Czerniec, K\u0142opot\u00f3w i Lubin przebiega fragment Drogi \u015bw. Jakuba (Camino de Santiago) \u2013 s\u0142ynnego szlaku pielgrzymkowego do Santiago de Compostela w Hiszpanii. Oznakowany muszlami i \u017c\u00f3\u0142tymi strza\u0142kami, wpisany na list\u0119 UNESCO ze wzgl\u0119du na warto\u015b\u0107 kulturow\u0105, historyczn\u0105 oraz duchow\u0105. Szlak jest dost\u0119pny dla wszystkich, bez wzgl\u0119du na wiek czy przekonania.<\/p>\n<p>Sobotnia w\u0119dr\u00f3wka prowadzi przez miejscowo\u015bci: R\u0119sz\u00f3w, Siedlce, Czerniec, K\u0142opot\u00f3w a\u017c do Lubina. Ca\u0142a trasa ma oko\u0142o 22 km, ale mo\u017cna do\u0142\u0105czy\u0107 na dowolnym jej odcinku oznakowanym muszlami lub pokona\u0107 j\u0105 rowerem. W wyprawie mog\u0105 wzi\u0105\u0107 udzia\u0142 rodziny, opiekunowie, przyjaciele i znajomi os\u00f3b z zaburzeniami pami\u0119ci, a tak\u017ce wszyscy, kt\u00f3rym bliska jest troska o senior\u00f3w. Mile widziane s\u0105 osoby pracuj\u0105ce z seniorami, planuj\u0105ce przej\u015bcie Camino lub po prostu zainteresowane aktywnym sp\u0119dzaniem czasu, rozmow\u0105 i kontaktem z natur\u0105.<\/p>\n<p><strong data-start=\"61\" data-end=\"112\">Wi\u0119cej informacji:<\/strong><br \/>\nFacebook: <a href=\"https:\/\/www.facebook.com\/profile.php?id=100043691717741\">FUNDACJA SZTUKOWANIE PAMI\u0118CI<\/a><br \/>\nAgnieszka \u017belwetro \u2013 tel. 606 447 069<br data-start=\"197\" data-end=\"200\" data-is-only-node=\"\">Beata \u017belwetro \u2013 tel. 608 451 092<br \/>\n<a href=\"mailto:beata.zelwetro@op.pl\">beata.zelwetro@op.pl<\/a><\/p>\n","protected":false},"excerpt":{"rendered":"<p>Ju\u017c jutro, 6 wrze\u015bnia o godz. 8:30 spod O\u015brodka Alzheimerowskiego w \u015acinawie wyruszy wsp\u00f3lna w\u0119dr\u00f3wka fragmentem Drogi \u015bw. Jakuba pod<\/p>\n","protected":false},"author":8,"featured_media":35301,"comment_status":"open","ping_status":"open","sticky":false,"template":"","format":"standard","meta":{"ngg_post_thumbnail":0},"categories":[12,3,2,4],"tags":[],"_links":{"self":[{"href":"https:\/\/scinawa.pl\/index.php\/wp-json\/wp\/v2\/posts\/35300"}],"collection":[{"href":"https:\/\/scinawa.pl\/index.php\/wp-json\/wp\/v2\/posts"}],"about":[{"href":"https:\/\/scinawa.pl\/index.php\/wp-json\/wp\/v2\/types\/post"}],"author":[{"embeddable":true,"href":"https:\/\/scinawa.pl\/index.php\/wp-json\/wp\/v2\/users\/8"}],"replies":[{"embeddable":true,"href":"https:\/\/scinawa.pl\/index.php\/wp-json\/wp\/v2\/comments?post=35300"}],"version-history":[{"count":8,"href":"https:\/\/scinawa.pl\/index.php\/wp-json\/wp\/v2\/posts\/35300\/revisions"}],"predecessor-version":[{"id":35307,"href":"https:\/\/scinawa.pl\/index.php\/wp-json\/wp\/v2\/posts\/35300\/revisions\/35307"}],"wp:featuredmedia":[{"embeddable":true,"href":"https:\/\/scinawa.pl\/index.php\/wp-json\/wp\/v2\/media\/35301"}],"wp:attachment":[{"href":"https:\/\/scinawa.pl\/index.php\/wp-json\/wp\/v2\/media?parent=35300"}],"wp:term":[{"taxonomy":"category","embeddable":true,"href":"https:\/\/scinawa.pl\/index.php\/wp-json\/wp\/v2\/categories?post=35300"},{"taxonomy":"post_tag","embeddable":true,"href":"https:\/\/scinawa.pl\/index.php\/wp-json\/wp\/v2\/tags?post=35300"}],"curies":[{"name":"wp","href":"https:\/\/api.w.org\/{rel}","templated":true}]}}