{"id":35225,"date":"2025-08-29T13:59:58","date_gmt":"2025-08-29T11:59:58","guid":{"rendered":"https:\/\/scinawa.pl\/?p=35225"},"modified":"2025-08-29T13:59:58","modified_gmt":"2025-08-29T11:59:58","slug":"zaproszenie-na-obchody-86-rocznicy-wybuchu-ii-wojny-swiatowej","status":"publish","type":"post","link":"https:\/\/scinawa.pl\/index.php\/2025\/08\/29\/zaproszenie-na-obchody-86-rocznicy-wybuchu-ii-wojny-swiatowej\/","title":{"rendered":"Zaproszenie na obchody 86. rocznicy wybuchu II wojny \u015bwiatowej"},"content":{"rendered":"<p><strong>Zbli\u017ca si\u0119 86. rocznica wybuchu II wojny \u015bwiatowej, jednej z najtragiczniejszych kart w historii Polski i \u015bwiata. Z tej okazji burmistrz Krystian Koszty\u0142a oraz Centrum Kultury i Biblioteka w \u015acinawie zapraszaj\u0105 mieszka\u0144c\u00f3w do udzia\u0142u w uroczysto\u015bciach upami\u0119tniaj\u0105cych ofiary tego konfliktu. Obchody odb\u0119d\u0105 si\u0119 w najbli\u017cszy poniedzia\u0142ek, 1 wrze\u015bnia. Rozpoczn\u0105 si\u0119 msz\u0105 \u015bwi\u0119t\u0105 w intencji Ojczyzny oraz poleg\u0142ych w II wojnie \u015bwiatowej o godz. 8:00 w ko\u015bciele pw. Podwy\u017cszenia Krzy\u017ca \u015awi\u0119tego w&nbsp; \u015acinawie, podczas kt\u00f3rej b\u0119dziemy si\u0119 r\u00f3wnie\u017c modli\u0107 za uczni\u00f3w i nauczycieli u progu nowego roku szkolnego 2025\/2026. Nast\u0119pnie, o godz. 10:30, pod pomnikiem pami\u0119ci w parku miejskim odb\u0119dzie si\u0119 ceremonia z\u0142o\u017cenia kwiat\u00f3w i zapalenia zniczy, po\u0142\u0105czona z okoliczno\u015bciowym programem artystycznym.<\/strong><\/p>\n","protected":false},"excerpt":{"rendered":"<p>Zbli\u017ca si\u0119 86. rocznica wybuchu II wojny \u015bwiatowej, jednej z najtragiczniejszych kart w historii Polski i \u015bwiata. Z tej okazji<\/p>\n","protected":false},"author":8,"featured_media":35226,"comment_status":"open","ping_status":"open","sticky":false,"template":"","format":"standard","meta":{"ngg_post_thumbnail":0},"categories":[12,41,3,2,4,40],"tags":[509,633,578],"_links":{"self":[{"href":"https:\/\/scinawa.pl\/index.php\/wp-json\/wp\/v2\/posts\/35225"}],"collection":[{"href":"https:\/\/scinawa.pl\/index.php\/wp-json\/wp\/v2\/posts"}],"about":[{"href":"https:\/\/scinawa.pl\/index.php\/wp-json\/wp\/v2\/types\/post"}],"author":[{"embeddable":true,"href":"https:\/\/scinawa.pl\/index.php\/wp-json\/wp\/v2\/users\/8"}],"replies":[{"embeddable":true,"href":"https:\/\/scinawa.pl\/index.php\/wp-json\/wp\/v2\/comments?post=35225"}],"version-history":[{"count":1,"href":"https:\/\/scinawa.pl\/index.php\/wp-json\/wp\/v2\/posts\/35225\/revisions"}],"predecessor-version":[{"id":35227,"href":"https:\/\/scinawa.pl\/index.php\/wp-json\/wp\/v2\/posts\/35225\/revisions\/35227"}],"wp:featuredmedia":[{"embeddable":true,"href":"https:\/\/scinawa.pl\/index.php\/wp-json\/wp\/v2\/media\/35226"}],"wp:attachment":[{"href":"https:\/\/scinawa.pl\/index.php\/wp-json\/wp\/v2\/media?parent=35225"}],"wp:term":[{"taxonomy":"category","embeddable":true,"href":"https:\/\/scinawa.pl\/index.php\/wp-json\/wp\/v2\/categories?post=35225"},{"taxonomy":"post_tag","embeddable":true,"href":"https:\/\/scinawa.pl\/index.php\/wp-json\/wp\/v2\/tags?post=35225"}],"curies":[{"name":"wp","href":"https:\/\/api.w.org\/{rel}","templated":true}]}}