{"id":35154,"date":"2025-08-22T15:20:48","date_gmt":"2025-08-22T13:20:48","guid":{"rendered":"https:\/\/scinawa.pl\/?p=35154"},"modified":"2025-08-22T15:20:48","modified_gmt":"2025-08-22T13:20:48","slug":"nabor-wnioskow-do-programu-asystent-osobisty-osoby-z-niepelnosprawnoscia-2026","status":"publish","type":"post","link":"https:\/\/scinawa.pl\/index.php\/2025\/08\/22\/nabor-wnioskow-do-programu-asystent-osobisty-osoby-z-niepelnosprawnoscia-2026\/","title":{"rendered":"Nab\u00f3r wniosk\u00f3w do Programu \u201eAsystent osobisty osoby z niepe\u0142nosprawno\u015bci\u0105\u201d 2026"},"content":{"rendered":"<p><strong>Miejsko-Gminny O\u015brodek Pomocy Spo\u0142ecznej w \u015acinawie informuje, \u017ce rozpocz\u0105\u0142 si\u0119 nab\u00f3r wniosk\u00f3w do Programu \u201eAsystent osobisty osoby z niepe\u0142nosprawno\u015bci\u0105\u201d \u2013 edycja 2026, realizowanego ze \u015brodk\u00f3w Funduszu Solidarno\u015bciowego. Program, og\u0142oszony przez Ministerstwo Rodziny, Pracy i Polityki Spo\u0142ecznej, skierowany jest do Jednostek Samorz\u0105du Terytorialnego. \u015acinawa planuje z\u0142o\u017cy\u0107 wniosek o dofinansowanie w celu realizacji us\u0142ug asystenckich dla os\u00f3b z niepe\u0142nosprawno\u015bciami zamieszkuj\u0105cych na terenie gminy.<\/strong><\/p>\n<p>G\u0142\u00f3wnym celem ca\u0142ego przedsi\u0119wzi\u0119cia jest wprowadzenie us\u0142ug asystencji osobistej jako formy og\u00f3lnodost\u0119pnego wsparcia w codziennym funkcjonowaniu oraz uczestnictwie w \u017cyciu spo\u0142ecznym.<\/p>\n<p>Przewidziano wsparcie&nbsp; asystenta w r\u00f3\u017cnych obszarach \u017cycia, w tym:<\/p>\n<ul>\n<li>w czynno\u015bciach samoobs\u0142ugowych, w tym utrzymaniu higieny osobistej,<\/li>\n<li>w prowadzeniu gospodarstwa domowego i pe\u0142nieniu r\u00f3l rodzinnych,<\/li>\n<li>w przemieszczaniu si\u0119 poza miejscem zamieszkania,<\/li>\n<li>w podejmowaniu aktywno\u015bci \u017cyciowej oraz komunikowaniu si\u0119 z otoczeniem.<\/li>\n<\/ul>\n<p>Us\u0142ugi asystenckie b\u0119d\u0105 realizowane bezp\u0142atnie.<\/p>\n<p><strong>Adresatami wsparcia s\u0105:<\/strong><\/p>\n<ul>\n<li>dzieci w wieku od 2 do 16 lat, posiadaj\u0105ce orzeczenie o niepe\u0142nosprawno\u015bci ze wskazaniami dotycz\u0105cymi konieczno\u015bci sta\u0142ej opieki oraz codziennego wsp\u00f3\u0142udzia\u0142u opiekuna w procesie leczenia, rehabilitacji i edukacji,<\/li>\n<li>osoby doros\u0142e z niepe\u0142nosprawno\u015bciami, posiadaj\u0105ce orzeczenie o znacznym lub umiarkowanym stopniu niepe\u0142nosprawno\u015bci, a tak\u017ce osoby traktowane na r\u00f3wni, zgodnie z przepisami ustawy o rehabilitacji zawodowej i spo\u0142ecznej oraz zatrudnianiu os\u00f3b niepe\u0142nosprawnych.<\/li>\n<\/ul>\n<p>W zwi\u0105zku z planowanym przyst\u0105pieniem do ministerialnego programu zapraszamy osoby zainteresowane udzia\u0142em do kontaktu z Miejsko-Gminnym O\u015brodkiem Pomocy Spo\u0142ecznej w \u015acinawie, ul. Ko\u015bciuszki 1, 59-330 \u015acinawa, tel. 76 84 12 620 \u2013 w terminie do 3 wrze\u015bnia 2025 r. Zapraszamy w ka\u017cdy dzie\u0144 roboczy do godz. 15:30!<\/p>\n<p>Zgromadzone informacje pos\u0142u\u017c\u0105 do rozpoznania potrzeb mieszka\u0144c\u00f3w w zakresie us\u0142ug asystenckich i przygotowania wniosku o dofinansowanie na rok 2026. W tym celu prosimy o wype\u0142nienie anonimowej ankiety (<a href=\"http:\/\/scinawa.pl\/wp-content\/uploads\/2025\/08\/Ankieta-AOON-2026.pdf\">ANKIETA 2026 <\/a>), kt\u00f3ra pozwoli oceni\u0107 skal\u0119 zapotrzebowania na wsparcie.<\/p>\n<p><strong>Uwaga!<\/strong><br \/>\nZg\u0142oszenie ch\u0119ci udzia\u0142u w programie na etapie diagnozy nie jest r\u00f3wnoznaczne z zakwalifikowaniem do uczestnictwa. W przypadku otrzymania dofinansowania przez gmin\u0119 zostanie og\u0142oszony oficjalny nab\u00f3r, podczas kt\u00f3rego b\u0119d\u0105 przyjmowane karty zg\u0142oszeniowe oraz prowadzona indywidualna ocena sytuacji os\u00f3b z niepe\u0142nosprawno\u015bciami (m.in. ocena potrzeb, poziomu samodzielno\u015bci, mo\u017cliwo\u015bci uzyskania pomocy od innych os\u00f3b).<\/p>\n<p>Szczeg\u00f3\u0142owe informacje o Programie dost\u0119pne s\u0105 na stronie internetowej Biura Pe\u0142nomocnika Rz\u0105du do Spraw Os\u00f3b Niepe\u0142nosprawnych: <a href=\"https:\/\/niepelnosprawni.gov.pl\/program-fs\/nabor-wnioskow-w-ramach-resortowego-programu-ministra-rodziny-pracy-i-polityki-spolecznej-asystent-osobisty-osoby-z-niepelnosprawnoscia-dla-jednostek-samorzadu-terytorialnego\/\">Nab\u00f3r wniosk\u00f3w w ramach resortowego programu ministra rodziny pracy i polityki spo\u0142ecznej &#8211; asystent osobisty osoby z niepe\u0142nosprawno\u015bci\u0105<\/a><\/p>\n<p>&nbsp;<\/p>\n<p>&nbsp;<\/p>\n<p>&nbsp;<\/p>\n","protected":false},"excerpt":{"rendered":"<p>Miejsko-Gminny O\u015brodek Pomocy Spo\u0142ecznej w \u015acinawie informuje, \u017ce rozpocz\u0105\u0142 si\u0119 nab\u00f3r wniosk\u00f3w do Programu \u201eAsystent osobisty osoby z niepe\u0142nosprawno\u015bci\u0105\u201d \u2013<\/p>\n","protected":false},"author":8,"featured_media":35155,"comment_status":"open","ping_status":"open","sticky":false,"template":"","format":"standard","meta":{"ngg_post_thumbnail":0},"categories":[12,3,2,4],"tags":[],"_links":{"self":[{"href":"https:\/\/scinawa.pl\/index.php\/wp-json\/wp\/v2\/posts\/35154"}],"collection":[{"href":"https:\/\/scinawa.pl\/index.php\/wp-json\/wp\/v2\/posts"}],"about":[{"href":"https:\/\/scinawa.pl\/index.php\/wp-json\/wp\/v2\/types\/post"}],"author":[{"embeddable":true,"href":"https:\/\/scinawa.pl\/index.php\/wp-json\/wp\/v2\/users\/8"}],"replies":[{"embeddable":true,"href":"https:\/\/scinawa.pl\/index.php\/wp-json\/wp\/v2\/comments?post=35154"}],"version-history":[{"count":7,"href":"https:\/\/scinawa.pl\/index.php\/wp-json\/wp\/v2\/posts\/35154\/revisions"}],"predecessor-version":[{"id":35172,"href":"https:\/\/scinawa.pl\/index.php\/wp-json\/wp\/v2\/posts\/35154\/revisions\/35172"}],"wp:featuredmedia":[{"embeddable":true,"href":"https:\/\/scinawa.pl\/index.php\/wp-json\/wp\/v2\/media\/35155"}],"wp:attachment":[{"href":"https:\/\/scinawa.pl\/index.php\/wp-json\/wp\/v2\/media?parent=35154"}],"wp:term":[{"taxonomy":"category","embeddable":true,"href":"https:\/\/scinawa.pl\/index.php\/wp-json\/wp\/v2\/categories?post=35154"},{"taxonomy":"post_tag","embeddable":true,"href":"https:\/\/scinawa.pl\/index.php\/wp-json\/wp\/v2\/tags?post=35154"}],"curies":[{"name":"wp","href":"https:\/\/api.w.org\/{rel}","templated":true}]}}