{"id":35008,"date":"2025-07-31T08:44:51","date_gmt":"2025-07-31T06:44:51","guid":{"rendered":"https:\/\/scinawa.pl\/?p=35008"},"modified":"2025-08-01T10:01:26","modified_gmt":"2025-08-01T08:01:26","slug":"warsztaty-malarskie-maluj-z-fala-w-porcie-scinawa","status":"publish","type":"post","link":"https:\/\/scinawa.pl\/index.php\/2025\/07\/31\/warsztaty-malarskie-maluj-z-fala-w-porcie-scinawa\/","title":{"rendered":"Warsztaty malarskie \u201eMaluj z fal\u0105\u201d w Porcie \u015acinawa"},"content":{"rendered":"<p><strong>Plenerowe malowanie, letnia atmosfera i rzeka w tle! Ju\u017c w niedziel\u0119, 3 sierpnia, w godzinach od 15:00 do 18:00 zapraszamy do \u015bcinawskiego portu na wyj\u0105tkowe warsztaty malarskie w malowniczym otoczeniu i wakacyjnym klimacie. Daj si\u0119 porwa\u0107 artystycznej fali!<\/strong><\/p>\n<p>Podczas otwartych warsztat\u00f3w \u201eMaluj z fal\u0105\u201d ka\u017cdy, niezale\u017cnie od wieku czy do\u015bwiadczenia, b\u0119dzie m\u00f3g\u0142 chwyci\u0107 za p\u0119dzel i stworzy\u0107 sw\u00f3j obraz inspirowany pi\u0119knem rzeki Odry, okoliczn\u0105 przyrod\u0105 oraz spokojem wakacyjnego popo\u0142udnia. To w\u0142a\u015bnie natura tego regionu, jej malownicze krajobrazy, szum wody i letnia ziele\u0144 b\u0119d\u0105 tematem przewodnim tworzonych dzie\u0142.<\/p>\n<p>Na miejscu czeka\u0107 b\u0119dzie niemal sto podobrazi, sztalugi oraz bogaty wyb\u00f3r farb i p\u0119dzli. Nad wszystkim czuwa\u0107 b\u0119d\u0105 instruktorzy ze Stowarzyszenia &#8222;Aktywny Dziewin&#8221;, kt\u00f3rzy ch\u0119tnie podpowiedz\u0105, jak przenie\u015b\u0107 swoj\u0105 wizj\u0119 na p\u0142\u00f3tno.<\/p>\n<p>Wst\u0119p jest wolny, nie wymagamy wcze\u015bniejszych zapis\u00f3w, wystarczy przyj\u015b\u0107 i da\u0107 si\u0119 ponie\u015b\u0107 kreatywno\u015bci!<\/p>\n<p>Na miejscu nie zabraknie r\u00f3wnie\u017c letnich smak\u00f3w. Strefa gastronomiczna przygotowana przez KGW &#8222;Nasz R\u0119sz\u00f3w&#8221; zaoferuje grillowane przysmaki, orze\u017awiaj\u0105c\u0105 lemoniad\u0119, aromatyczn\u0105 kaw\u0119 oraz s\u0142odkie wypieki.<\/p>\n<p>Wydarzenie odbywa si\u0119 w ramach projektu \u201eKulturalne lato\u201d, realizowanego przez Fundacj\u0119 Kulturolubni oraz Centrum Dzia\u0142a\u0144 Tw\u00f3rczych w Lubinie. Projekt jest wsp\u00f3\u0142finansowany ze \u015brodk\u00f3w Bud\u017cetu Samorz\u0105du Wojew\u00f3dztwa Dolno\u015bl\u0105skiego, Powiatu Lubi\u0144skiego oraz Gminy \u015acinawa.<\/p>\n<p>Zapraszamy serdecznie ca\u0142e rodziny!<\/p>\n<p>&nbsp;<\/p>\n","protected":false},"excerpt":{"rendered":"<p>Plenerowe malowanie, letnia atmosfera i rzeka w tle! Ju\u017c w niedziel\u0119, 3 sierpnia, w godzinach od 15:00 do 18:00 zapraszamy<\/p>\n","protected":false},"author":8,"featured_media":35009,"comment_status":"open","ping_status":"open","sticky":false,"template":"","format":"standard","meta":{"ngg_post_thumbnail":0},"categories":[12,3,2,4,40],"tags":[1877,1876,461],"_links":{"self":[{"href":"https:\/\/scinawa.pl\/index.php\/wp-json\/wp\/v2\/posts\/35008"}],"collection":[{"href":"https:\/\/scinawa.pl\/index.php\/wp-json\/wp\/v2\/posts"}],"about":[{"href":"https:\/\/scinawa.pl\/index.php\/wp-json\/wp\/v2\/types\/post"}],"author":[{"embeddable":true,"href":"https:\/\/scinawa.pl\/index.php\/wp-json\/wp\/v2\/users\/8"}],"replies":[{"embeddable":true,"href":"https:\/\/scinawa.pl\/index.php\/wp-json\/wp\/v2\/comments?post=35008"}],"version-history":[{"count":4,"href":"https:\/\/scinawa.pl\/index.php\/wp-json\/wp\/v2\/posts\/35008\/revisions"}],"predecessor-version":[{"id":35035,"href":"https:\/\/scinawa.pl\/index.php\/wp-json\/wp\/v2\/posts\/35008\/revisions\/35035"}],"wp:featuredmedia":[{"embeddable":true,"href":"https:\/\/scinawa.pl\/index.php\/wp-json\/wp\/v2\/media\/35009"}],"wp:attachment":[{"href":"https:\/\/scinawa.pl\/index.php\/wp-json\/wp\/v2\/media?parent=35008"}],"wp:term":[{"taxonomy":"category","embeddable":true,"href":"https:\/\/scinawa.pl\/index.php\/wp-json\/wp\/v2\/categories?post=35008"},{"taxonomy":"post_tag","embeddable":true,"href":"https:\/\/scinawa.pl\/index.php\/wp-json\/wp\/v2\/tags?post=35008"}],"curies":[{"name":"wp","href":"https:\/\/api.w.org\/{rel}","templated":true}]}}