{"id":34904,"date":"2025-07-23T15:22:19","date_gmt":"2025-07-23T13:22:19","guid":{"rendered":"https:\/\/scinawa.pl\/?p=34904"},"modified":"2025-07-24T07:45:41","modified_gmt":"2025-07-24T05:45:41","slug":"taneczny-weekend-w-porcie-scinawa-26-i-27-lipca","status":"publish","type":"post","link":"https:\/\/scinawa.pl\/index.php\/2025\/07\/23\/taneczny-weekend-w-porcie-scinawa-26-i-27-lipca\/","title":{"rendered":"Taneczny weekend w Porcie \u015acinawa \u2013 26 i 27 lipca!"},"content":{"rendered":"<p><strong>Port \u015acinawa wci\u0105\u017c t\u0119tni \u017cyciem!<\/strong><strong> Gdy w powietrzu wci\u0105\u017c unosi si\u0119 echo \u015acinawskiego Bluesa, d\u017awi\u0119ki gitar i ryk silnik\u00f3w, my ju\u017c szykujemy dla mieszka\u0144c\u00f3w i go\u015bci kolejn\u0105 porcj\u0119 letnich atrakcji. Przed nami wyj\u0105tkowy taneczny weekend: sobota i niedziela, 26 i 27 lipca b\u0119d\u0105 pe\u0142en muzyki, relaksu, ruchu i lekkiego nadodrza\u0144skiego wiatru. Zapraszamy na \u201eWielopokoleniow\u0105 pota\u0144c\u00f3wka nad Odr\u0105\u201d oraz \u201eKulturalny Chill\u201d. <\/strong><\/p>\n<p>W najbli\u017cszy weekend zapraszamy do \u015bcinawskiego portu na dwa wyj\u0105tkowe wydarzenia plenerowe. W sobot\u0119, 26 lipca, od godziny 16:00 rozpocznie si\u0119 \u201eWielopokoleniowa pota\u0144c\u00f3wka nad Odr\u0105\u201d, kt\u00f3r\u0105 organizuje Fundacja TYMONIX oraz Fundacja \u201ePrzysta\u0144\u201d w \u015acinawie. Na najm\u0142odszych czeka\u0107 b\u0119d\u0105 kolorowe dmucha\u0144ce, malowanki, animacje i r\u00f3\u017cnorodne zabawy prowadzone przez do\u015bwiadczone instruktorki. Doro\u015bli b\u0119d\u0105 mogli wzi\u0105\u0107 udzia\u0142 w kreatywnych warsztatach florystycznych, bi\u017cuteryjnych i fotograficznych, a tak\u017ce zrelaksowa\u0107 si\u0119 podczas sesji aromaterapii. Swoje prace zaprezentuj\u0105 lokalni arty\u015bci, a uczestnicy Warsztatu Terapii Zaj\u0119ciowej \u201eU\u015bmiech\u201d przygotuj\u0105 wyj\u0105tkowy kiermasz r\u0119kodzie\u0142a. Nie zabraknie r\u00f3wnie\u017c pyszno\u015bci, na miejscu b\u0119dzie mo\u017cna skosztowa\u0107 domowych wypiek\u00f3w oraz pachn\u0105cego, tradycyjnego \u017curku. Cz\u0119\u015b\u0107 artystyczn\u0105 u\u015bwietni recital Dawida Kr\u0119\u017cela oraz wyst\u0119py wokalne uczestnik\u00f3w \u015bcinawskiego WTZ. Kulminacj\u0105 wieczoru b\u0119dzie taneczna zabawa z zespo\u0142em AKCENT z Legnicy, muzyka na \u017cywo rozbrzmi od godziny 18:00 i potrwa do p\u00f3\u017anych godzin wieczornych. Wst\u0119p na wydarzenie jest bezp\u0142atny, a prognozy zapowiadaj\u0105 pi\u0119kn\u0105, s\u0142oneczn\u0105 pogod\u0119, idealn\u0105 na wsp\u00f3ln\u0105 zabaw\u0119 pod chmurk\u0105.<\/p>\n<p>Z kolei w niedziel\u0119, 27 lipca do portu zaprasza Stowarzyszenie Aktywnie dla Gminy \u015acinawa, odb\u0119dzie si\u0119 w\u00f3wczas wydarzenie pod has\u0142em \u201eKulturalny Chill\u201d. Od godziny 15:00 na dzieci czeka\u0107 b\u0119d\u0105 animacje, warsztaty i kreatywne zabawy. Szczeg\u00f3ln\u0105 atrakcj\u0105 b\u0119dzie wyst\u0119p Klauna \u017baka, kt\u00f3ry przez trzy godziny b\u0119dzie bawi\u0142 najm\u0142odszych \u015bmiechem, magi\u0105 i interaktywnymi pokazami. O godzinie 17:00 scen\u0105 zaw\u0142adnie Kamil Wrzos, m\u0142ody, niezwykle wra\u017cliwy wokalista, kt\u00f3ry zachwyca publiczno\u015b\u0107 emocjonalnymi interpretacjami znanych utwor\u00f3w.<\/p>\n<p>Dla mi\u0142o\u015bnik\u00f3w aktywnego wypoczynku przygotowano tak\u017ce co\u015b specjalnego, w niedziele od godziny 10:00 Stowarzyszenie LGD Kraina \u0141\u0119g\u00f3w Odrza\u0144skich zaprasza na sp\u0142yw kajakowy malownicz\u0105 tras\u0105 Szlaku Odry, od \u015acinawy do Chobienii. Trasa liczy oko\u0142o 18 kilometr\u00f3w, a czas sp\u0142ywu to oko\u0142o 3 godziny, &nbsp;powr\u00f3t zaplanowano autobusem. Sp\u0142yw jest \u0142atwy, przyjazny rodzinom z dzie\u0107mi i prowadzi przez tereny z pe\u0142n\u0105 infrastruktur\u0105 turystyczn\u0105, zar\u00f3wno na starcie, jak i na mecie. Wydarzenie odbywa si\u0119 w ramach kontynuacji projektu \u201eSlow\u0142\u0119g \u2013 \u015bwiadome poznawanie regionu\u201d, a udzia\u0142 w nim jest bezp\u0142atny.<\/p>\n<p>Zapisy na sp\u0142yw na dzie\u0144 27 lipca 2025 r<strong>.<\/strong> odbywaj\u0105 si\u0119 poprzez formularz zg\u0142oszeniowy (z dopiskiem \u201eniedziela\u201d): formularz zg\u0142oszeniowy:&nbsp;<a href=\"https:\/\/docs.google.com\/forms\/d\/e\/1FAIpQLSf3L7ZL_XNCBFxmtIhdYAZLVhLl1u_cPD91eT3-3Ss7Jg-_qw\/viewform?fbclid=IwY2xjawLtwLNleHRuA2FlbQIxMABicmlkETBuY2ZXa1QxYmF1em1nUkRTAR6ZpmxxZektRhMyUTp0cSRpTey0BfiLWa58qFNUpAOsrBkEDP9DJRt74nNHMQ_aem_DTg1fGnsVFS93NEXgcDRMg\">ZAPISY<\/a><\/p>\n<p>Liczba miejsc jest ograniczona!<\/p>\n<p>Serdecznie zapraszamy do udzia\u0142u w tym wyj\u0105tkowym weekendzie! Port \u015acinawa to miejsce, gdzie muzyka, taniec, kultura, przyroda i aktywno\u015b\u0107 spotykaj\u0105 si\u0119 w jednym czasie i przestrzeni. Nie przegap, zaplanuj czas z rodzin\u0105 i przyjaci\u00f3\u0142mi. Wst\u0119p na wszystkie wydarzenia jest bezp\u0142atny!<\/p>\n<p>Wydarzenia realizowane przez Fundacj\u0119 TYMONIX, Fundacj\u0119 \u201ePrzysta\u0144\u201d w \u015acinawie oraz Stowarzyszenie Aktywni dla Gminy \u015acinawa wsp\u00f3\u0142finansowane s\u0105 przez \u015bcinawski samorz\u0105d w ramach \u015brodk\u00f3w przeznaczonych na wsparcie dla organizacji pozarz\u0105dowych.<\/p>\n<p><img decoding=\"async\" loading=\"lazy\" class=\" wp-image-34907 aligncenter\" src=\"http:\/\/scinawa.pl\/wp-content\/uploads\/2025\/07\/516770827_1568475401136567_7512207737281994334_n-212x300.jpg\" alt=\"\" width=\"696\" height=\"985\" srcset=\"https:\/\/scinawa.pl\/wp-content\/uploads\/2025\/07\/516770827_1568475401136567_7512207737281994334_n-212x300.jpg 212w, https:\/\/scinawa.pl\/wp-content\/uploads\/2025\/07\/516770827_1568475401136567_7512207737281994334_n-723x1024.jpg 723w, https:\/\/scinawa.pl\/wp-content\/uploads\/2025\/07\/516770827_1568475401136567_7512207737281994334_n-768x1087.jpg 768w, https:\/\/scinawa.pl\/wp-content\/uploads\/2025\/07\/516770827_1568475401136567_7512207737281994334_n-1085x1536.jpg 1085w, https:\/\/scinawa.pl\/wp-content\/uploads\/2025\/07\/516770827_1568475401136567_7512207737281994334_n-17x24.jpg 17w, https:\/\/scinawa.pl\/wp-content\/uploads\/2025\/07\/516770827_1568475401136567_7512207737281994334_n-25x36.jpg 25w, https:\/\/scinawa.pl\/wp-content\/uploads\/2025\/07\/516770827_1568475401136567_7512207737281994334_n-34x48.jpg 34w, https:\/\/scinawa.pl\/wp-content\/uploads\/2025\/07\/516770827_1568475401136567_7512207737281994334_n.jpg 1130w\" sizes=\"(max-width: 696px) 100vw, 696px\" \/><\/p>\n<p><img decoding=\"async\" loading=\"lazy\" class=\"alignnone wp-image-34908 aligncenter\" src=\"http:\/\/scinawa.pl\/wp-content\/uploads\/2025\/07\/kajakowe-abc1ok-212x300.jpg\" alt=\"\" width=\"693\" height=\"981\" srcset=\"https:\/\/scinawa.pl\/wp-content\/uploads\/2025\/07\/kajakowe-abc1ok-212x300.jpg 212w, https:\/\/scinawa.pl\/wp-content\/uploads\/2025\/07\/kajakowe-abc1ok-724x1024.jpg 724w, https:\/\/scinawa.pl\/wp-content\/uploads\/2025\/07\/kajakowe-abc1ok-768x1086.jpg 768w, https:\/\/scinawa.pl\/wp-content\/uploads\/2025\/07\/kajakowe-abc1ok-1086x1536.jpg 1086w, https:\/\/scinawa.pl\/wp-content\/uploads\/2025\/07\/kajakowe-abc1ok-17x24.jpg 17w, https:\/\/scinawa.pl\/wp-content\/uploads\/2025\/07\/kajakowe-abc1ok-25x36.jpg 25w, https:\/\/scinawa.pl\/wp-content\/uploads\/2025\/07\/kajakowe-abc1ok-34x48.jpg 34w, https:\/\/scinawa.pl\/wp-content\/uploads\/2025\/07\/kajakowe-abc1ok.jpg 1414w\" sizes=\"(max-width: 693px) 100vw, 693px\" \/><\/p>\n","protected":false},"excerpt":{"rendered":"<p>Port \u015acinawa wci\u0105\u017c t\u0119tni \u017cyciem! Gdy w powietrzu wci\u0105\u017c unosi si\u0119 echo \u015acinawskiego Bluesa, d\u017awi\u0119ki gitar i ryk silnik\u00f3w, my<\/p>\n","protected":false},"author":8,"featured_media":34906,"comment_status":"open","ping_status":"open","sticky":false,"template":"","format":"standard","meta":{"ngg_post_thumbnail":0},"categories":[3,2,4,40],"tags":[241,1119,475],"_links":{"self":[{"href":"https:\/\/scinawa.pl\/index.php\/wp-json\/wp\/v2\/posts\/34904"}],"collection":[{"href":"https:\/\/scinawa.pl\/index.php\/wp-json\/wp\/v2\/posts"}],"about":[{"href":"https:\/\/scinawa.pl\/index.php\/wp-json\/wp\/v2\/types\/post"}],"author":[{"embeddable":true,"href":"https:\/\/scinawa.pl\/index.php\/wp-json\/wp\/v2\/users\/8"}],"replies":[{"embeddable":true,"href":"https:\/\/scinawa.pl\/index.php\/wp-json\/wp\/v2\/comments?post=34904"}],"version-history":[{"count":6,"href":"https:\/\/scinawa.pl\/index.php\/wp-json\/wp\/v2\/posts\/34904\/revisions"}],"predecessor-version":[{"id":34913,"href":"https:\/\/scinawa.pl\/index.php\/wp-json\/wp\/v2\/posts\/34904\/revisions\/34913"}],"wp:featuredmedia":[{"embeddable":true,"href":"https:\/\/scinawa.pl\/index.php\/wp-json\/wp\/v2\/media\/34906"}],"wp:attachment":[{"href":"https:\/\/scinawa.pl\/index.php\/wp-json\/wp\/v2\/media?parent=34904"}],"wp:term":[{"taxonomy":"category","embeddable":true,"href":"https:\/\/scinawa.pl\/index.php\/wp-json\/wp\/v2\/categories?post=34904"},{"taxonomy":"post_tag","embeddable":true,"href":"https:\/\/scinawa.pl\/index.php\/wp-json\/wp\/v2\/tags?post=34904"}],"curies":[{"name":"wp","href":"https:\/\/api.w.org\/{rel}","templated":true}]}}