{"id":34332,"date":"2025-06-14T23:36:11","date_gmt":"2025-06-14T21:36:11","guid":{"rendered":"https:\/\/scinawa.pl\/?p=34332"},"modified":"2025-06-16T22:20:37","modified_gmt":"2025-06-16T20:20:37","slug":"mdp-tymowa-jedzie-na-zawody-wojewodzkie","status":"publish","type":"post","link":"https:\/\/scinawa.pl\/index.php\/2025\/06\/14\/mdp-tymowa-jedzie-na-zawody-wojewodzkie\/","title":{"rendered":"MDP Tymowa jedzie na zawody wojew\u00f3dzkie"},"content":{"rendered":"<div class=\"x14z9mp xat24cr x1lziwak x1vvkbs xtlvy1s x126k92a\">\n<div dir=\"auto\">Podczas Powiatowych Zawod\u00f3w Sportowo-Po\u017carniczych, kt\u00f3re odby\u0142y si\u0119 w miniony weekend, 7 czerwca w Rudnej, rywalizowa\u0142o 13 dru\u017cyn Ochotniczych Stra\u017cy Po\u017carnych z terenu powiatu powiatu lubi\u0144skiego. Organizacj\u0105 i przebiegiem zmaga\u0144 druh\u00f3w kierowa\u0142a komisja s\u0119dziowska powo\u0142ana przez Komendanta Powiatowego PSP w Lubinie. Nasz\u0105 gmin\u0119 godnie reprezentowa\u0142y jednostki OSP ze \u015acinawy, Zaborowa oraz Tymowej, a tak\u017ce M\u0142odzie\u017cowa Dru\u017cyna Po\u017carnicza z Tymowej. Druhowie wykazali si\u0119 du\u017cym zaanga\u017cowaniem oraz wysokim poziomem wyszkolenia. Z dum\u0105 informujemy, \u017ce m\u0142odzie\u017c\u00f3wka z Tymowej zaj\u0119\u0142a pierwsze miejsce w swojej kategorii, zdobywaj\u0105c tym samym awans na Wojew\u00f3dzkie Zawody Sportowo-Po\u017carnicze MDP, kt\u00f3re odb\u0119d\u0105 si\u0119 ju\u017c jutro, tj. w niedziel\u0119 15 czerwca w O\u0142awie. Nasi m\u0142odzi druhowie reprezentowa\u0107 b\u0119d\u0105 ca\u0142y powiat.<\/div>\n<\/div>\n<div class=\"x14z9mp xat24cr x1lziwak x1vvkbs xtlvy1s x126k92a\">\n<div dir=\"auto\">&nbsp;<\/div>\n<div dir=\"auto\">Uroczyste zako\u0144czenie zawod\u00f3w w Rudnej oraz wr\u0119czenie puchar\u00f3w i dyplom\u00f3w odby\u0142o si\u0119 z udzia\u0142em Komendanta Powiatowego PSP w Lubinie, st. bryg. Arkadiusza Szupera, a tak\u017ce Wiceprezesa Zarz\u0105du Oddzia\u0142u Wojew\u00f3dzkiego ZOSP RP we Wroc\u0142awiu, druhna Grzegorza Obary. Gratulacje nale\u017c\u0105 si\u0119 wszystkim dru\u017cynom za wzorow\u0105 postaw\u0119, a zwyci\u0119zcom \u017cyczymy powodzenia w kolejnych etapach rywalizacji.<\/div>\n<\/div>\n","protected":false},"excerpt":{"rendered":"<p>Podczas Powiatowych Zawod\u00f3w Sportowo-Po\u017carniczych, kt\u00f3re odby\u0142y si\u0119 w miniony weekend, 7 czerwca w Rudnej, rywalizowa\u0142o 13 dru\u017cyn Ochotniczych Stra\u017cy Po\u017carnych<\/p>\n","protected":false},"author":8,"featured_media":34334,"comment_status":"open","ping_status":"open","sticky":false,"template":"","format":"standard","meta":{"ngg_post_thumbnail":0},"categories":[12,3,2],"tags":[636,99],"_links":{"self":[{"href":"https:\/\/scinawa.pl\/index.php\/wp-json\/wp\/v2\/posts\/34332"}],"collection":[{"href":"https:\/\/scinawa.pl\/index.php\/wp-json\/wp\/v2\/posts"}],"about":[{"href":"https:\/\/scinawa.pl\/index.php\/wp-json\/wp\/v2\/types\/post"}],"author":[{"embeddable":true,"href":"https:\/\/scinawa.pl\/index.php\/wp-json\/wp\/v2\/users\/8"}],"replies":[{"embeddable":true,"href":"https:\/\/scinawa.pl\/index.php\/wp-json\/wp\/v2\/comments?post=34332"}],"version-history":[{"count":3,"href":"https:\/\/scinawa.pl\/index.php\/wp-json\/wp\/v2\/posts\/34332\/revisions"}],"predecessor-version":[{"id":34365,"href":"https:\/\/scinawa.pl\/index.php\/wp-json\/wp\/v2\/posts\/34332\/revisions\/34365"}],"wp:featuredmedia":[{"embeddable":true,"href":"https:\/\/scinawa.pl\/index.php\/wp-json\/wp\/v2\/media\/34334"}],"wp:attachment":[{"href":"https:\/\/scinawa.pl\/index.php\/wp-json\/wp\/v2\/media?parent=34332"}],"wp:term":[{"taxonomy":"category","embeddable":true,"href":"https:\/\/scinawa.pl\/index.php\/wp-json\/wp\/v2\/categories?post=34332"},{"taxonomy":"post_tag","embeddable":true,"href":"https:\/\/scinawa.pl\/index.php\/wp-json\/wp\/v2\/tags?post=34332"}],"curies":[{"name":"wp","href":"https:\/\/api.w.org\/{rel}","templated":true}]}}