{"id":34143,"date":"2025-06-03T18:53:54","date_gmt":"2025-06-03T16:53:54","guid":{"rendered":"https:\/\/scinawa.pl\/?p=34143"},"modified":"2025-06-03T19:00:07","modified_gmt":"2025-06-03T17:00:07","slug":"wyniki-ii-tury-wyborow-prezydenckich-w-gminie","status":"publish","type":"post","link":"https:\/\/scinawa.pl\/index.php\/2025\/06\/03\/wyniki-ii-tury-wyborow-prezydenckich-w-gminie\/","title":{"rendered":"Wyniki  II tury wybor\u00f3w prezydenckich w gminie"},"content":{"rendered":"<p><strong>Karol <\/strong><strong>Nawrocki zwyci\u0119\u017cy\u0142 w II turze wybor\u00f3w na Prezydenta Rzeczypospolitej Polskiej, kt\u00f3ra odby\u0142a si\u0119 w minion\u0105 niedziel\u0119, 1 czerwca. W skali ca\u0142ego kraju uzyska\u0142 on \u0142\u0105cznie 10.606.877 g\u0142os\u00f3w, co stanowi 50,89% wszystkich oddanych. Kontrkandydat, Rafa\u0142 Trzaskowski, otrzyma\u0142 razem 10.237.286 g\u0142os\u00f3w, co prze\u0142o\u017cy\u0142o si\u0119 na 49,11% poparcia. W naszej gminie r\u00f3\u017cnica pomi\u0119dzy kandydatami by\u0142a jednak znacznie wi\u0119ksza: g\u0142osy oddane przez mieszka\u0144c\u00f3w uprawnionych do wzi\u0119cia udzia\u0142u w wyborach rozk\u0142ada\u0142y si\u0119 nast\u0119puj\u0105co: Nawrocki uzyska\u0142 3.282 g\u0142osy (68,03%), a Rafa\u0142 Trzaskowski 1.542 (31,97%.). Frekwencja wynios\u0142a w Polsce 71,63%, co potwierdza wysokie zaanga\u017cowanie obywateli w \u017cycie publiczne. <\/strong><\/p>\n<p>Na naszym lokalnym podw\u00f3rku frekwencja by\u0142a nieco mniejsza ni\u017c w skali kraju. Spo\u015br\u00f3d 7.185 os\u00f3b uprawnionych do urn posz\u0142o 4.857 mieszka\u0144c\u00f3w, co da\u0142o aktywno\u015b\u0107 obywatelsk\u0105 na poziomie 67,60%. Z kolei w rozbiciu na miasto i wsie naszej gminy frekwencja wynios\u0142a odpowiednio: 68,90% i 65,12%.<\/p>\n<p>Przebieg g\u0142osowania w gminie \u015acinawa podczas II tury wybor\u00f3w na Prezydenta Rzeczypospolitej Polskiej by\u0142 spokojny i bez narusze\u0144 prawa.&nbsp;<\/p>\n<p>&nbsp;<\/p>\n<p>\u0179r\u00f3d\u0142o: wybory.gov.pl, pkw.gov.pl<\/p>\n","protected":false},"excerpt":{"rendered":"<p>Karol Nawrocki zwyci\u0119\u017cy\u0142 w II turze wybor\u00f3w na Prezydenta Rzeczypospolitej Polskiej, kt\u00f3ra odby\u0142a si\u0119 w minion\u0105 niedziel\u0119, 1 czerwca. W<\/p>\n","protected":false},"author":8,"featured_media":34144,"comment_status":"open","ping_status":"open","sticky":false,"template":"","format":"standard","meta":{"ngg_post_thumbnail":0},"categories":[12,3,2,4],"tags":[1841,566,312],"_links":{"self":[{"href":"https:\/\/scinawa.pl\/index.php\/wp-json\/wp\/v2\/posts\/34143"}],"collection":[{"href":"https:\/\/scinawa.pl\/index.php\/wp-json\/wp\/v2\/posts"}],"about":[{"href":"https:\/\/scinawa.pl\/index.php\/wp-json\/wp\/v2\/types\/post"}],"author":[{"embeddable":true,"href":"https:\/\/scinawa.pl\/index.php\/wp-json\/wp\/v2\/users\/8"}],"replies":[{"embeddable":true,"href":"https:\/\/scinawa.pl\/index.php\/wp-json\/wp\/v2\/comments?post=34143"}],"version-history":[{"count":2,"href":"https:\/\/scinawa.pl\/index.php\/wp-json\/wp\/v2\/posts\/34143\/revisions"}],"predecessor-version":[{"id":34151,"href":"https:\/\/scinawa.pl\/index.php\/wp-json\/wp\/v2\/posts\/34143\/revisions\/34151"}],"wp:featuredmedia":[{"embeddable":true,"href":"https:\/\/scinawa.pl\/index.php\/wp-json\/wp\/v2\/media\/34144"}],"wp:attachment":[{"href":"https:\/\/scinawa.pl\/index.php\/wp-json\/wp\/v2\/media?parent=34143"}],"wp:term":[{"taxonomy":"category","embeddable":true,"href":"https:\/\/scinawa.pl\/index.php\/wp-json\/wp\/v2\/categories?post=34143"},{"taxonomy":"post_tag","embeddable":true,"href":"https:\/\/scinawa.pl\/index.php\/wp-json\/wp\/v2\/tags?post=34143"}],"curies":[{"name":"wp","href":"https:\/\/api.w.org\/{rel}","templated":true}]}}