{"id":33570,"date":"2025-05-11T12:16:09","date_gmt":"2025-05-11T10:16:09","guid":{"rendered":"https:\/\/scinawa.pl\/?p=33570"},"modified":"2025-05-11T12:16:09","modified_gmt":"2025-05-11T10:16:09","slug":"zglos-kandydature-do-nagrody-miasta-i-gminy-scinawa","status":"publish","type":"post","link":"https:\/\/scinawa.pl\/index.php\/2025\/05\/11\/zglos-kandydature-do-nagrody-miasta-i-gminy-scinawa\/","title":{"rendered":"Zg\u0142o\u015b kandydatur\u0119 do Nagrody Miasta i Gminy \u015acinawa!"},"content":{"rendered":"<p><strong>Na ostatniej sesji \u015bcinawskiej rady przyj\u0119to uchwa\u0142\u0119 w sprawie wyboru Komisji Nominacyjnej, powo\u0142ywanej w celu opiniowania wniosk\u00f3w o przyznanie Nagrody Miasta i Gminy \u015acinawa 2025. Na pierwszym posiedzeniu przedmiotowej komisji wybrano przewodnicz\u0105cego \u2013 radn\u0105 Ew\u0119 Moroch-Haschke. Ustalono r\u00f3wnie\u017c termin sk\u0142adania wniosk\u00f3w o przyznanie tego presti\u017cowego wyr\u00f3\u017cnienia, kt\u00f3re nale\u017cy sk\u0142ada\u0107 wraz z uzasadnieniem. Komisja wsp\u00f3lnie zdecydowa\u0142a, \u017ce dokumenty aplikacyjne nale\u017cy dostarczy\u0107 do sekretariatu magistratu (biuro nr 11 na I pi\u0119trze) najp\u00f3\u017aniej do dnia 19 maja 2025 r. (poniedzia\u0142ek).<\/strong><\/p>\n<p>Nagroda zostanie wr\u0119czona podczas Dni \u015acinawy, kt\u00f3re odb\u0119d\u0105 si\u0119 w weekend 31 maja &#8211; 1 czerwca br.<br \/>\nZgodnie ze statutem miasta nagrod\u0119 przyznaje uchwa\u0142\u0105 Rada Miejska w \u015acinawie na wniosek Komisji Nominacyjnej.<\/p>\n<p>Uprawnionymi do sk\u0142adania wniosk\u00f3w z uzasadnieniem s\u0105:<br \/>\n\u2013 przewodnicz\u0105cy \u015bcinawskiej rady miejskiej,<br \/>\n\u2013 komisje rady,<br \/>\n\u2013 burmistrz \u015acinawy,<br \/>\n\u2013 organizacje i zak\u0142ady pracy dzia\u0142aj\u0105ce na terenie miasta i gminy,<br \/>\n\u2013 mieszka\u0144cy miasta i gminy \u015acinawa w liczbie co najmniej 25 os\u00f3b posiadaj\u0105cych pe\u0142n\u0105 zdolno\u015b\u0107 do czynno\u015bci prawnych.<\/p>\n<p>Dotychczasowymi laureatami tego wyr\u00f3\u017cnienia s\u0105:<br \/>\n2004 r. siostra Ancilla-Teresa Brze\u0144ska, ksi\u0105dz Pra\u0142at Bogdan Kaczorowski oraz Zesp\u00f3\u0142 Folklorystyczny Ziemi \u015acinawskiej;<br \/>\n2005 r. Zwi\u0105zek Sybirak\u00f3w w \u015acinawie oraz Lidia Stembalska;<br \/>\n2006 r. Jan Sidorowicz;<br \/>\n2007 r. Walenty Palica;<br \/>\n2008 r. Klub Karate Goju Ryu;<br \/>\n2009 r. Stowarzyszenie \u201eAktywny Dziewin\u201d;<br \/>\n2010 r. Mieczys\u0142aw Kra\u015bnia\u0144ski;<br \/>\n2011 r. Dariusz \u0141ach;<br \/>\n2012 r. Stowarzyszenie \u201eR\u00f3wne Szanse\u201d w \u015acinawie;<br \/>\n2013 r. Klub Sportowy \u201eStart\u201d \u015acinawa;<br \/>\n2014 r. Artur Trubicki;<br \/>\n2015 r. Kazimierz Makuchowski;<br \/>\n2016 r. Miejski Klub Sportowy \u201eODRA\u201d \u015acinawa;<br \/>\n2017 r. Ochotnicza Stra\u017c Po\u017carna w \u015acinawie;<br \/>\n2018 r. Henryk Smelkowski;<br \/>\n2019 r. Ewa Soli\u0144ska;<br \/>\n2022 r. Dorota Gi\u017cewska;<br \/>\n2023 r. Janina Kras, Beata Wolniczak, ksi\u0105dz Zbigniew Bu\u0142a;<br \/>\n2024 r. ex aequo: Iwona Rej \u2013 dyrektor rodzinnego domu dziecka w Przychowej oraz Grupa Ratownicza Dzies\u0142aw.<\/p>\n<p>&nbsp;<\/p>\n<p>&nbsp;<\/p>\n<p><a href=\"http:\/\/scinawa.pl\/wp-content\/uploads\/2025\/05\/Komunikat-dot.-nagrody-Miasta-i-Gminy-Scinawa.pdf\">KOMUNIKAT dot. nagrody Miasta i Gminy \u015acinawa<\/a><\/p>\n<p>&nbsp;<\/p>\n","protected":false},"excerpt":{"rendered":"<p>Na ostatniej sesji \u015bcinawskiej rady przyj\u0119to uchwa\u0142\u0119 w sprawie wyboru Komisji Nominacyjnej, powo\u0142ywanej w celu opiniowania wniosk\u00f3w o przyznanie Nagrody<\/p>\n","protected":false},"author":2,"featured_media":33599,"comment_status":"open","ping_status":"open","sticky":false,"template":"","format":"standard","meta":{"ngg_post_thumbnail":0},"categories":[12,4],"tags":[1140,713],"_links":{"self":[{"href":"https:\/\/scinawa.pl\/index.php\/wp-json\/wp\/v2\/posts\/33570"}],"collection":[{"href":"https:\/\/scinawa.pl\/index.php\/wp-json\/wp\/v2\/posts"}],"about":[{"href":"https:\/\/scinawa.pl\/index.php\/wp-json\/wp\/v2\/types\/post"}],"author":[{"embeddable":true,"href":"https:\/\/scinawa.pl\/index.php\/wp-json\/wp\/v2\/users\/2"}],"replies":[{"embeddable":true,"href":"https:\/\/scinawa.pl\/index.php\/wp-json\/wp\/v2\/comments?post=33570"}],"version-history":[{"count":9,"href":"https:\/\/scinawa.pl\/index.php\/wp-json\/wp\/v2\/posts\/33570\/revisions"}],"predecessor-version":[{"id":33598,"href":"https:\/\/scinawa.pl\/index.php\/wp-json\/wp\/v2\/posts\/33570\/revisions\/33598"}],"wp:featuredmedia":[{"embeddable":true,"href":"https:\/\/scinawa.pl\/index.php\/wp-json\/wp\/v2\/media\/33599"}],"wp:attachment":[{"href":"https:\/\/scinawa.pl\/index.php\/wp-json\/wp\/v2\/media?parent=33570"}],"wp:term":[{"taxonomy":"category","embeddable":true,"href":"https:\/\/scinawa.pl\/index.php\/wp-json\/wp\/v2\/categories?post=33570"},{"taxonomy":"post_tag","embeddable":true,"href":"https:\/\/scinawa.pl\/index.php\/wp-json\/wp\/v2\/tags?post=33570"}],"curies":[{"name":"wp","href":"https:\/\/api.w.org\/{rel}","templated":true}]}}