{"id":33480,"date":"2025-04-24T15:13:49","date_gmt":"2025-04-24T13:13:49","guid":{"rendered":"https:\/\/scinawa.pl\/?p=33480"},"modified":"2025-04-24T15:23:48","modified_gmt":"2025-04-24T13:23:48","slug":"startuje-dolnoslaski-festiwal-nordic-walking-2","status":"publish","type":"post","link":"https:\/\/scinawa.pl\/index.php\/2025\/04\/24\/startuje-dolnoslaski-festiwal-nordic-walking-2\/","title":{"rendered":"Startuje Dolno\u015bl\u0105ski Festiwal Nordic Walking!"},"content":{"rendered":"<p>W weekend w \u015awieradowie-Zdroju odb\u0119dzie si\u0119 inauguracja Dolno\u015bl\u0105skiego Festiwalu Nordic Walking, regionalnej imprezy sportowej, kt\u00f3ra w minionych latach go\u015bci\u0142a r\u00f3wnie z w naszej gminie. W bie\u017c\u0105cym roku zaplanowano \u0142\u0105cznie 9 etap\u00f3w, dwa pierwsze przewidziano ju\u017c na najbli\u017csz\u0105 sobot\u0119 oraz niedziel\u0119, czyli na 26 i 27 kwietnia. Tym razem wydarzenie wyjdzie poza granice naszego wojew\u00f3dztwa, albowiem zawody w ramach ca\u0142ego cyklu dob\u0119d\u0105 si\u0119 r\u00f3wnie\u017c nad polskim morzem, np. w Niechorzu, gdzie odb\u0119dzie si\u0119 fina\u0142 tegorocznej edycji.<br \/>\nW imieniu g\u0142\u00f3wnych organizator\u00f3w, czyli Stowarzyszenie &#8222;Aktywni Zag\u0142\u0119bia Miedziowego&#8221;, zapraszamy do uczestnictwa w nordic\u2019kowych rajdach. Uwaga: mieszka\u0144cy naszej gminy nie p\u0142ac\u0105 wpisowego. Zg\u0142oszenia w biurze zawod\u00f3w na miejscu, ka\u017cdego z etap\u00f3w oraz pod linkiem: <a href=\"https:\/\/b4sportonline.pl\/festiwal_nw\/\">https:\/\/b4sportonline.pl\/festiwal_nw\/<\/a>.<\/p>\n<p><a href=\"http:\/\/scinawa.pl\/wp-content\/uploads\/2025\/04\/IMG-20250422-WA0013.jpg\"><img decoding=\"async\" loading=\"lazy\" class=\"aligncenter size-large wp-image-33485\" src=\"http:\/\/scinawa.pl\/wp-content\/uploads\/2025\/04\/IMG-20250422-WA0013-726x1024.jpg\" alt=\"\" width=\"726\" height=\"1024\" srcset=\"https:\/\/scinawa.pl\/wp-content\/uploads\/2025\/04\/IMG-20250422-WA0013-726x1024.jpg 726w, https:\/\/scinawa.pl\/wp-content\/uploads\/2025\/04\/IMG-20250422-WA0013-213x300.jpg 213w, https:\/\/scinawa.pl\/wp-content\/uploads\/2025\/04\/IMG-20250422-WA0013-768x1084.jpg 768w, https:\/\/scinawa.pl\/wp-content\/uploads\/2025\/04\/IMG-20250422-WA0013-1088x1536.jpg 1088w, https:\/\/scinawa.pl\/wp-content\/uploads\/2025\/04\/IMG-20250422-WA0013-17x24.jpg 17w, https:\/\/scinawa.pl\/wp-content\/uploads\/2025\/04\/IMG-20250422-WA0013-26x36.jpg 26w, https:\/\/scinawa.pl\/wp-content\/uploads\/2025\/04\/IMG-20250422-WA0013-34x48.jpg 34w, https:\/\/scinawa.pl\/wp-content\/uploads\/2025\/04\/IMG-20250422-WA0013.jpg 1451w\" sizes=\"(max-width: 726px) 100vw, 726px\" \/><\/a><\/p>\n","protected":false},"excerpt":{"rendered":"<p>W weekend w \u015awieradowie-Zdroju odb\u0119dzie si\u0119 inauguracja Dolno\u015bl\u0105skiego Festiwalu Nordic Walking, regionalnej imprezy sportowej, kt\u00f3ra w minionych latach go\u015bci\u0142a r\u00f3wnie<\/p>\n","protected":false},"author":2,"featured_media":33487,"comment_status":"open","ping_status":"open","sticky":false,"template":"","format":"standard","meta":{"ngg_post_thumbnail":0},"categories":[12,15],"tags":[1792,96],"_links":{"self":[{"href":"https:\/\/scinawa.pl\/index.php\/wp-json\/wp\/v2\/posts\/33480"}],"collection":[{"href":"https:\/\/scinawa.pl\/index.php\/wp-json\/wp\/v2\/posts"}],"about":[{"href":"https:\/\/scinawa.pl\/index.php\/wp-json\/wp\/v2\/types\/post"}],"author":[{"embeddable":true,"href":"https:\/\/scinawa.pl\/index.php\/wp-json\/wp\/v2\/users\/2"}],"replies":[{"embeddable":true,"href":"https:\/\/scinawa.pl\/index.php\/wp-json\/wp\/v2\/comments?post=33480"}],"version-history":[{"count":7,"href":"https:\/\/scinawa.pl\/index.php\/wp-json\/wp\/v2\/posts\/33480\/revisions"}],"predecessor-version":[{"id":33489,"href":"https:\/\/scinawa.pl\/index.php\/wp-json\/wp\/v2\/posts\/33480\/revisions\/33489"}],"wp:featuredmedia":[{"embeddable":true,"href":"https:\/\/scinawa.pl\/index.php\/wp-json\/wp\/v2\/media\/33487"}],"wp:attachment":[{"href":"https:\/\/scinawa.pl\/index.php\/wp-json\/wp\/v2\/media?parent=33480"}],"wp:term":[{"taxonomy":"category","embeddable":true,"href":"https:\/\/scinawa.pl\/index.php\/wp-json\/wp\/v2\/categories?post=33480"},{"taxonomy":"post_tag","embeddable":true,"href":"https:\/\/scinawa.pl\/index.php\/wp-json\/wp\/v2\/tags?post=33480"}],"curies":[{"name":"wp","href":"https:\/\/api.w.org\/{rel}","templated":true}]}}