{"id":33282,"date":"2025-04-02T15:15:13","date_gmt":"2025-04-02T13:15:13","guid":{"rendered":"https:\/\/scinawa.pl\/?p=33282"},"modified":"2025-04-02T15:15:30","modified_gmt":"2025-04-02T13:15:30","slug":"swiatowy-dzien-swiadomosci-autyzm","status":"publish","type":"post","link":"https:\/\/scinawa.pl\/index.php\/2025\/04\/02\/swiatowy-dzien-swiadomosci-autyzm\/","title":{"rendered":"\u015awiatowy Dzie\u0144 \u015awiadomo\u015bci Autyzmu"},"content":{"rendered":"<p>2 kwietnia na ca\u0142ym \u015bwiecie obchodzimy \u015awiatowy Dzie\u0144 \u015awiadomo\u015bci Autyzmu, przez co zwraca si\u0119 uwag\u0119 na potrzeby oraz wyzwania os\u00f3b z tym zaburzeniem. W\u0142a\u015bnie dzisiaj, poprzez symboliczne gesty, takie jak noszenie niebieskich ubra\u0144 czy pod\u015bwietlanie budynk\u00f3w na kolor kojarzony z autyzmem, mo\u017cemy wyrazi\u0107 wsparcie, solidarno\u015b\u0107 i zaanga\u017cowanie w budowanie spo\u0142ecze\u0144stwa opartego na wiedzy, empatii oraz akceptacji. Celem takich akcji i gest\u00f3w jest zwi\u0119kszenie \u015bwiadomo\u015bci spo\u0142ecznej na temat zaburzenia oraz zwr\u00f3cenie uwagi na potrzeb\u0119 wi\u0119kszej tolerancji dla odmiennych mo\u017cliwo\u015bci i potrzeb os\u00f3b ze spektrum autyzmu, a tak\u017ce kszta\u0142towanie w\u0142a\u015bciwych postaw prospo\u0142ecznych oraz przeciwdzia\u0142anie wykluczeniu. R\u00f3wnie\u017c \u015bcinawski ratusz b\u0119dzie dzisiaj pod\u015bwietlony na niebiesko.<\/p>\n","protected":false},"excerpt":{"rendered":"<p>2 kwietnia na ca\u0142ym \u015bwiecie obchodzimy \u015awiatowy Dzie\u0144 \u015awiadomo\u015bci Autyzmu, przez co zwraca si\u0119 uwag\u0119 na potrzeby oraz wyzwania os\u00f3b<\/p>\n","protected":false},"author":2,"featured_media":33285,"comment_status":"open","ping_status":"open","sticky":false,"template":"","format":"standard","meta":{"ngg_post_thumbnail":0},"categories":[12,3,2,4],"tags":[1254,1030,603,1768,905],"_links":{"self":[{"href":"https:\/\/scinawa.pl\/index.php\/wp-json\/wp\/v2\/posts\/33282"}],"collection":[{"href":"https:\/\/scinawa.pl\/index.php\/wp-json\/wp\/v2\/posts"}],"about":[{"href":"https:\/\/scinawa.pl\/index.php\/wp-json\/wp\/v2\/types\/post"}],"author":[{"embeddable":true,"href":"https:\/\/scinawa.pl\/index.php\/wp-json\/wp\/v2\/users\/2"}],"replies":[{"embeddable":true,"href":"https:\/\/scinawa.pl\/index.php\/wp-json\/wp\/v2\/comments?post=33282"}],"version-history":[{"count":3,"href":"https:\/\/scinawa.pl\/index.php\/wp-json\/wp\/v2\/posts\/33282\/revisions"}],"predecessor-version":[{"id":33286,"href":"https:\/\/scinawa.pl\/index.php\/wp-json\/wp\/v2\/posts\/33282\/revisions\/33286"}],"wp:featuredmedia":[{"embeddable":true,"href":"https:\/\/scinawa.pl\/index.php\/wp-json\/wp\/v2\/media\/33285"}],"wp:attachment":[{"href":"https:\/\/scinawa.pl\/index.php\/wp-json\/wp\/v2\/media?parent=33282"}],"wp:term":[{"taxonomy":"category","embeddable":true,"href":"https:\/\/scinawa.pl\/index.php\/wp-json\/wp\/v2\/categories?post=33282"},{"taxonomy":"post_tag","embeddable":true,"href":"https:\/\/scinawa.pl\/index.php\/wp-json\/wp\/v2\/tags?post=33282"}],"curies":[{"name":"wp","href":"https:\/\/api.w.org\/{rel}","templated":true}]}}