{"id":32880,"date":"2025-02-21T13:06:20","date_gmt":"2025-02-21T12:06:20","guid":{"rendered":"https:\/\/scinawa.pl\/?p=32880"},"modified":"2025-02-21T13:06:20","modified_gmt":"2025-02-21T12:06:20","slug":"przychodnia-w-scinawie-zostanie-doposazona","status":"publish","type":"post","link":"https:\/\/scinawa.pl\/index.php\/2025\/02\/21\/przychodnia-w-scinawie-zostanie-doposazona\/","title":{"rendered":"Przychodnia w \u015acinawie zostanie doposa\u017cona!"},"content":{"rendered":"<p align=\"justify\"><strong>Narodowy Fundusz Zdrowia og\u0142osi\u0142 list\u0119 plac\u00f3wek podstawowej opieki zdrowotnej, do kt\u00f3rych trafi\u0105 \u015brodki unijne na rozw\u00f3j, szczeg\u00f3lnie rozw\u00f3j opieki koordynowanej. Znalaz\u0142y si\u0119 na niej 1862 jednostki POZ z ca\u0142ej Polski, wsparcie w wysoko\u015bci 450 tysi\u0119cy z\u0142otych otrzyma r\u00f3wnie\u017c Miejsko-Gminny Zesp\u00f3\u0142 Zak\u0142ad\u00f3w Opieki Podstawowej w \u015acinawie, pieni\u0105dze zostan\u0105 przeznaczone na doposa\u017cenie w sprz\u0119t diagnostyczny oraz sprz\u0119t serwerowo-sieciowy.<\/strong><\/p>\n<p align=\"justify\">Plac\u00f3wki podstawowej opieki medycznej mog\u0105 pozyskane fundusze unijne wyda\u0107 na trzy sposoby: kupuj\u0105c sprz\u0119t medyczny (np. aparaty USG, holtery, sprz\u0119t niezb\u0119dny do diagnostyki w domu pacjenta), sprz\u0119t IT (m.in. oprogramowanie do realizacji opieki koordynowanej, komputery, serwery, centralki telefoniczne do obs\u0142ugi po\u0142\u0105cze\u0144 od pacjent\u00f3w) lub na prace budowlane zwi\u0105zane np. z popraw\u0105 infrastruktury przychodni.<\/p>\n<p align=\"justify\">\u015acinawska plac\u00f3wka dzi\u0119ki pozyskanym \u015brodkom zewn\u0119trznym zostanie doposa\u017cona w:<br \/>\n&#8211; aparat EKG;<br \/>\n&#8211; aparat EKG mobilny;<br \/>\n&#8211; bilirubinometr;<br \/>\n&#8211; detektor przep\u0142ywu Doppler;<br \/>\n&#8211; e-stetoskopy \u2013 4 sztuki;<br \/>\n&#8211; holter ci\u015bnieniowy;<br \/>\n&#8211; holter EKG;<br \/>\n&#8211; koncentrator tlenowy;<br \/>\n&#8211; lamp\u0119 diagnostyczn\u0105 bezcieniow\u0105;<br \/>\n&#8211; spirometr;<br \/>\n&#8211; wag\u0119 dla os\u00f3b niepe\u0142nosprawnych;<br \/>\n&#8211; wag\u0119 z analizatorem masy cia\u0142a;<br \/>\n&#8211; oprogramowanie systemowe \u2013 w tym oprogramowanie do realizacji opieki koordynowanej;<br \/>\n&#8211; serwer backupowy wraz z oprogramowaniem serwerowym i backupowym i macierz\u0105 dyskow\u0105;<br \/>\n&#8211; UPS \u2013 serwer;<br \/>\n&#8211; urz\u0105dzenie sieciowe typu switch;<br \/>\n&#8211; zestaw komputer\u00f3w \u2013 6 sztuk.<\/p>\n<p align=\"justify\">Za\u0142o\u017ceniem konkursu by\u0142o wzmocnienie opieki koordynowanej w POZ oraz miejsc, gdzie nie by\u0142o plac\u00f3wek podstawowej opieki zdrowotnej (tzw. bia\u0142ych plam). Dzi\u0119ki grantom nowe podmioty do\u0142\u0105cz\u0105 do opieki koordynowanej w POZ, zwi\u0119kszy si\u0119 te\u017c liczba miejsc udzielania \u015bwiadcze\u0144 w obszarach, w kt\u00f3rych dotychczas dost\u0119p do lekarza by\u0142 utrudniony. Natomiast plac\u00f3wki, kt\u00f3re ju\u017c realizuj\u0105 opiek\u0119 koordynowan\u0105, rozszerz\u0105 ofert\u0119 dla pacjent\u00f3w o nowe \u015bcie\u017cki. Aktualnie w opiece koordynowanej POZ takich \u015bcie\u017cek jest pi\u0119\u0107: kardiologiczna, pulmonologiczna, endokrynologiczna, diabetologiczna i nefrologiczna. Na Dolnym \u015al\u0105sku opiek\u0119 koordynowan\u0105 pacjenci mog\u0105 obecnie otrzyma\u0107 w ponad 300 przychodniach.<br \/>\nW Powiecie Lubi\u0144skim, obok MGZZOP w \u015acinawie, \u015brodki otrzyma\u0142y jeszcze tylko cztery plac\u00f3wki: Lubmed uzyska\u0142 450 tysi\u0119cy z\u0142otych, Regionalne Centrum Zdrowia 300 tysi\u0119cy z\u0142otych, Miedziowe Centrum Zdrowia i Centrum Diagnostyczno-Terapeutyczne Medicus po 600 tysi\u0119cy z\u0142otych.<\/p>\n<p>\u0179r\u00f3d\u0142o: Dolno\u015bl\u0105ski Oddzia\u0142 NFZ<\/p>\n","protected":false},"excerpt":{"rendered":"<p>Narodowy Fundusz Zdrowia og\u0142osi\u0142 list\u0119 plac\u00f3wek podstawowej opieki zdrowotnej, do kt\u00f3rych trafi\u0105 \u015brodki unijne na rozw\u00f3j, szczeg\u00f3lnie rozw\u00f3j opieki koordynowanej.<\/p>\n","protected":false},"author":3,"featured_media":32881,"comment_status":"open","ping_status":"open","sticky":false,"template":"","format":"standard","meta":{"ngg_post_thumbnail":0},"categories":[12,3],"tags":[],"_links":{"self":[{"href":"https:\/\/scinawa.pl\/index.php\/wp-json\/wp\/v2\/posts\/32880"}],"collection":[{"href":"https:\/\/scinawa.pl\/index.php\/wp-json\/wp\/v2\/posts"}],"about":[{"href":"https:\/\/scinawa.pl\/index.php\/wp-json\/wp\/v2\/types\/post"}],"author":[{"embeddable":true,"href":"https:\/\/scinawa.pl\/index.php\/wp-json\/wp\/v2\/users\/3"}],"replies":[{"embeddable":true,"href":"https:\/\/scinawa.pl\/index.php\/wp-json\/wp\/v2\/comments?post=32880"}],"version-history":[{"count":1,"href":"https:\/\/scinawa.pl\/index.php\/wp-json\/wp\/v2\/posts\/32880\/revisions"}],"predecessor-version":[{"id":32882,"href":"https:\/\/scinawa.pl\/index.php\/wp-json\/wp\/v2\/posts\/32880\/revisions\/32882"}],"wp:featuredmedia":[{"embeddable":true,"href":"https:\/\/scinawa.pl\/index.php\/wp-json\/wp\/v2\/media\/32881"}],"wp:attachment":[{"href":"https:\/\/scinawa.pl\/index.php\/wp-json\/wp\/v2\/media?parent=32880"}],"wp:term":[{"taxonomy":"category","embeddable":true,"href":"https:\/\/scinawa.pl\/index.php\/wp-json\/wp\/v2\/categories?post=32880"},{"taxonomy":"post_tag","embeddable":true,"href":"https:\/\/scinawa.pl\/index.php\/wp-json\/wp\/v2\/tags?post=32880"}],"curies":[{"name":"wp","href":"https:\/\/api.w.org\/{rel}","templated":true}]}}