{"id":32776,"date":"2025-01-22T14:00:16","date_gmt":"2025-01-22T13:00:16","guid":{"rendered":"https:\/\/scinawa.pl\/?p=32776"},"modified":"2025-01-22T14:00:16","modified_gmt":"2025-01-22T13:00:16","slug":"doceniony-rozwoj-scinawy-3-miejsce-w-skali-kraju","status":"publish","type":"post","link":"https:\/\/scinawa.pl\/index.php\/2025\/01\/22\/doceniony-rozwoj-scinawy-3-miejsce-w-skali-kraju\/","title":{"rendered":"Doceniony rozw\u00f3j \u015acinawy, 3. miejsce w skali kraju!"},"content":{"rendered":"<p align=\"justify\"><strong>14 stycznia br. w Sejmie RP odby\u0142a si\u0119 konferencja pt. \u201eZr\u00f3wnowa\u017cony Rozw\u00f3j Spo\u0142eczno-Gospodarczy Jednostek Samorz\u0105du Terytorialnego\u201d, podczas kt\u00f3rej zaprezentowano wyniki rankingu najdynamiczniej rozwijaj\u0105cych si\u0119 gmin w Polsce. Zestawienie jest opracowane przez naukowc\u00f3w z Wydzia\u0142u Zarz\u0105dzania Politechniki Warszawskiej pod kierunkiem prof. Eugeniusza Sobczaka i przy udziale Fundacji Polskiego God\u0142a Promocyjnego \u201eTeraz Polska\u201d. Z dum\u0105 pragniemy og\u0142osi\u0107, \u017ce \u015acinawa uplasowa\u0142a si\u0119 na bardzo wysokim, 3. miejscu w skali ca\u0142ego kraju \u2013 w kategorii gmin miejsko-wiejskich!<\/strong><\/p>\n<p align=\"justify\">\u2013 To olbrzymie wyr\u00f3\u017cnienie oraz pow\u00f3d do dumy, na kt\u00f3re zapracowali wszyscy pracownicy Urz\u0119du Miasta i Gminy \u015acinawa. Przed rokiem sklasyfikowano nas na 10. miejscu, co odebrali\u015bmy r\u00f3wnie\u017c jako bardzo dobry wynik, najlepszy w skali wojew\u00f3dztwa dolno\u015bl\u0105skiego. W rankingu za rok 2024, gdzie dane brane pod uwag\u0119 pochodz\u0105 z 2023 roku, jeste\u015bmy ju\u017c na podium, co tylko podkre\u015bla rozw\u00f3j naszego samorz\u0105du na wielu p\u0142aszczyznach, bo specjali\u015bci pod uwag\u0119 brali a\u017c 16 wska\u017anik\u00f3w na podstawie danych z G\u0142\u00f3wnego Urz\u0119du Statystycznego. Gratuluj\u0119 wi\u0119c wszystkim pracownikom dobrze wykonywanej pracy, dzi\u0119kuj\u0119 radnym, tak\u017ce minionej kadencji, a s\u0142owa uznania przekaza\u0142em na r\u0119ce kierownik\u00f3w poszczeg\u00f3lnych referat\u00f3w \u015bcinawskiego magistratu \u2013 podkre\u015bla burmistrz Krystian Koszty\u0142a.<\/p>\n<p align=\"justify\">Ranking Zr\u00f3wnowa\u017conego Rozwoju JST jest opracowywany pod kierunkiem prof. Eugeniusza Sobczaka. Powstaje w oparciu o analiz\u0119 16 wska\u017anik\u00f3w GUS, obejmuj\u0105cych trzy obszary rozwoju: gospodarczy, spo\u0142eczny i ochrony \u015brodowiska. Ranking uwzgl\u0119dnia wszystkie polskie miasta i gminy. Materia\u0142em \u017ar\u00f3d\u0142owym s\u0105 niezale\u017cne dane G\u0142\u00f3wnego Urz\u0119du Statystycznego. Wyniki rankingu odzwierciedlaj\u0105, w spos\u00f3b wiarygodny i przekrojowy, rozw\u00f3j polskich jednostek samorz\u0105du lokalnego oraz wskazuj\u0105 lider\u00f3w w podziale na gminy wiejskie, miejsko-wiejskie, miejskie oraz miasta na prawach powiatu.<br \/>\nOrganizatorami Konferencji, podczas kt\u00f3rej og\u0142oszono wyniki rankingu by\u0142y: Sejmowa Komisja Samorz\u0105du Terytorialnego i Polityki Regionalnej, Wydzia\u0142 Zarz\u0105dzania Politechniki Warszawskiej i Fundacja Polskiego God\u0142a Promocyjnego \u201eTeraz Polska\u201d.<\/p>\n<p>W kategorii gmin miejsko-wiejskich zwyci\u0119\u017cy\u0142 Dziwn\u00f3w, na drugim miejscu sklasyfikowano Je\u017c\u00f3w.<\/p>\n<p><a href=\"http:\/\/scinawa.pl\/wp-content\/uploads\/2025\/01\/2.jpg\"><img decoding=\"async\" loading=\"lazy\" class=\"aligncenter size-full wp-image-32777\" src=\"http:\/\/scinawa.pl\/wp-content\/uploads\/2025\/01\/2.jpg\" alt=\"\" width=\"1024\" height=\"683\" srcset=\"https:\/\/scinawa.pl\/wp-content\/uploads\/2025\/01\/2.jpg 1024w, https:\/\/scinawa.pl\/wp-content\/uploads\/2025\/01\/2-300x200.jpg 300w, https:\/\/scinawa.pl\/wp-content\/uploads\/2025\/01\/2-768x512.jpg 768w, https:\/\/scinawa.pl\/wp-content\/uploads\/2025\/01\/2-24x16.jpg 24w, https:\/\/scinawa.pl\/wp-content\/uploads\/2025\/01\/2-36x24.jpg 36w, https:\/\/scinawa.pl\/wp-content\/uploads\/2025\/01\/2-48x32.jpg 48w\" sizes=\"(max-width: 1024px) 100vw, 1024px\" \/><\/a><br \/>\n<a href=\"http:\/\/scinawa.pl\/wp-content\/uploads\/2025\/01\/3.jpg\"><img decoding=\"async\" loading=\"lazy\" class=\"aligncenter size-full wp-image-32779\" src=\"http:\/\/scinawa.pl\/wp-content\/uploads\/2025\/01\/3.jpg\" alt=\"\" width=\"1024\" height=\"683\" srcset=\"https:\/\/scinawa.pl\/wp-content\/uploads\/2025\/01\/3.jpg 1024w, https:\/\/scinawa.pl\/wp-content\/uploads\/2025\/01\/3-300x200.jpg 300w, https:\/\/scinawa.pl\/wp-content\/uploads\/2025\/01\/3-768x512.jpg 768w, https:\/\/scinawa.pl\/wp-content\/uploads\/2025\/01\/3-24x16.jpg 24w, https:\/\/scinawa.pl\/wp-content\/uploads\/2025\/01\/3-36x24.jpg 36w, https:\/\/scinawa.pl\/wp-content\/uploads\/2025\/01\/3-48x32.jpg 48w\" sizes=\"(max-width: 1024px) 100vw, 1024px\" \/><\/a><br \/>\n<a href=\"http:\/\/scinawa.pl\/wp-content\/uploads\/2025\/01\/4.jpg\"><img decoding=\"async\" loading=\"lazy\" class=\"aligncenter size-full wp-image-32780\" src=\"http:\/\/scinawa.pl\/wp-content\/uploads\/2025\/01\/4.jpg\" alt=\"\" width=\"1130\" height=\"840\" srcset=\"https:\/\/scinawa.pl\/wp-content\/uploads\/2025\/01\/4.jpg 1130w, https:\/\/scinawa.pl\/wp-content\/uploads\/2025\/01\/4-300x223.jpg 300w, https:\/\/scinawa.pl\/wp-content\/uploads\/2025\/01\/4-1024x761.jpg 1024w, https:\/\/scinawa.pl\/wp-content\/uploads\/2025\/01\/4-768x571.jpg 768w, https:\/\/scinawa.pl\/wp-content\/uploads\/2025\/01\/4-24x18.jpg 24w, https:\/\/scinawa.pl\/wp-content\/uploads\/2025\/01\/4-36x27.jpg 36w, https:\/\/scinawa.pl\/wp-content\/uploads\/2025\/01\/4-48x36.jpg 48w\" sizes=\"(max-width: 1130px) 100vw, 1130px\" \/><\/a><\/p>\n<p>&nbsp;<\/p>\n","protected":false},"excerpt":{"rendered":"<p>14 stycznia br. w Sejmie RP odby\u0142a si\u0119 konferencja pt. \u201eZr\u00f3wnowa\u017cony Rozw\u00f3j Spo\u0142eczno-Gospodarczy Jednostek Samorz\u0105du Terytorialnego\u201d, podczas kt\u00f3rej zaprezentowano wyniki<\/p>\n","protected":false},"author":3,"featured_media":32778,"comment_status":"open","ping_status":"open","sticky":false,"template":"","format":"standard","meta":{"ngg_post_thumbnail":0},"categories":[12,3],"tags":[],"_links":{"self":[{"href":"https:\/\/scinawa.pl\/index.php\/wp-json\/wp\/v2\/posts\/32776"}],"collection":[{"href":"https:\/\/scinawa.pl\/index.php\/wp-json\/wp\/v2\/posts"}],"about":[{"href":"https:\/\/scinawa.pl\/index.php\/wp-json\/wp\/v2\/types\/post"}],"author":[{"embeddable":true,"href":"https:\/\/scinawa.pl\/index.php\/wp-json\/wp\/v2\/users\/3"}],"replies":[{"embeddable":true,"href":"https:\/\/scinawa.pl\/index.php\/wp-json\/wp\/v2\/comments?post=32776"}],"version-history":[{"count":1,"href":"https:\/\/scinawa.pl\/index.php\/wp-json\/wp\/v2\/posts\/32776\/revisions"}],"predecessor-version":[{"id":32781,"href":"https:\/\/scinawa.pl\/index.php\/wp-json\/wp\/v2\/posts\/32776\/revisions\/32781"}],"wp:featuredmedia":[{"embeddable":true,"href":"https:\/\/scinawa.pl\/index.php\/wp-json\/wp\/v2\/media\/32778"}],"wp:attachment":[{"href":"https:\/\/scinawa.pl\/index.php\/wp-json\/wp\/v2\/media?parent=32776"}],"wp:term":[{"taxonomy":"category","embeddable":true,"href":"https:\/\/scinawa.pl\/index.php\/wp-json\/wp\/v2\/categories?post=32776"},{"taxonomy":"post_tag","embeddable":true,"href":"https:\/\/scinawa.pl\/index.php\/wp-json\/wp\/v2\/tags?post=32776"}],"curies":[{"name":"wp","href":"https:\/\/api.w.org\/{rel}","templated":true}]}}