{"id":32653,"date":"2024-12-13T09:16:04","date_gmt":"2024-12-13T08:16:04","guid":{"rendered":"https:\/\/scinawa.pl\/?p=32653"},"modified":"2024-12-13T09:16:04","modified_gmt":"2024-12-13T08:16:04","slug":"rocznica-wprowadzenia-stanu-wojennego-4","status":"publish","type":"post","link":"https:\/\/scinawa.pl\/index.php\/2024\/12\/13\/rocznica-wprowadzenia-stanu-wojennego-4\/","title":{"rendered":"Rocznica wprowadzenia stanu wojennego"},"content":{"rendered":"<p align=\"justify\"><strong>Dzi\u015b przypada 43. rocznica wprowadzenia stanu wojennego. O wszystkich tragicznych wydarzeniach z tego okresu nale\u017cy pami\u0119ta\u0107, wspomina\u0107, a przede wszystkim zadba\u0107, by nigdy wi\u0119cej si\u0119 nie powt\u00f3rzy\u0142y. W powiatowych uroczysto\u015bciach z okazji rocznicy udzia\u0142 we\u017amie m.in. burmistrz \u015acinawy Krystian Koszty\u0142a.<\/strong><\/p>\n","protected":false},"excerpt":{"rendered":"<p>Dzi\u015b przypada 43. rocznica wprowadzenia stanu wojennego. O wszystkich tragicznych wydarzeniach z tego okresu nale\u017cy pami\u0119ta\u0107, wspomina\u0107, a przede wszystkim<\/p>\n","protected":false},"author":3,"featured_media":32654,"comment_status":"open","ping_status":"open","sticky":false,"template":"","format":"standard","meta":{"ngg_post_thumbnail":0},"categories":[12,3],"tags":[],"_links":{"self":[{"href":"https:\/\/scinawa.pl\/index.php\/wp-json\/wp\/v2\/posts\/32653"}],"collection":[{"href":"https:\/\/scinawa.pl\/index.php\/wp-json\/wp\/v2\/posts"}],"about":[{"href":"https:\/\/scinawa.pl\/index.php\/wp-json\/wp\/v2\/types\/post"}],"author":[{"embeddable":true,"href":"https:\/\/scinawa.pl\/index.php\/wp-json\/wp\/v2\/users\/3"}],"replies":[{"embeddable":true,"href":"https:\/\/scinawa.pl\/index.php\/wp-json\/wp\/v2\/comments?post=32653"}],"version-history":[{"count":1,"href":"https:\/\/scinawa.pl\/index.php\/wp-json\/wp\/v2\/posts\/32653\/revisions"}],"predecessor-version":[{"id":32655,"href":"https:\/\/scinawa.pl\/index.php\/wp-json\/wp\/v2\/posts\/32653\/revisions\/32655"}],"wp:featuredmedia":[{"embeddable":true,"href":"https:\/\/scinawa.pl\/index.php\/wp-json\/wp\/v2\/media\/32654"}],"wp:attachment":[{"href":"https:\/\/scinawa.pl\/index.php\/wp-json\/wp\/v2\/media?parent=32653"}],"wp:term":[{"taxonomy":"category","embeddable":true,"href":"https:\/\/scinawa.pl\/index.php\/wp-json\/wp\/v2\/categories?post=32653"},{"taxonomy":"post_tag","embeddable":true,"href":"https:\/\/scinawa.pl\/index.php\/wp-json\/wp\/v2\/tags?post=32653"}],"curies":[{"name":"wp","href":"https:\/\/api.w.org\/{rel}","templated":true}]}}