{"id":32603,"date":"2024-12-06T12:27:46","date_gmt":"2024-12-06T11:27:46","guid":{"rendered":"https:\/\/scinawa.pl\/?p=32603"},"modified":"2024-12-06T16:14:47","modified_gmt":"2024-12-06T15:14:47","slug":"byliscie-grzeczni-to-zapraszamy-na-spotkania-z-mikolajem","status":"publish","type":"post","link":"https:\/\/scinawa.pl\/index.php\/2024\/12\/06\/byliscie-grzeczni-to-zapraszamy-na-spotkania-z-mikolajem\/","title":{"rendered":"Byli\u015bcie grzeczni? To zapraszamy na spotkania z Miko\u0142ajem"},"content":{"rendered":"<p align=\"justify\"><strong>Wsp\u00f3\u0142pracuj\u0105cy z Gmin\u0105 \u015acinawa \u015awi\u0119ty Miko\u0142aj skontaktowa\u0142 si\u0119 ju\u017c z lokalnymi w\u0142adzami i ustali\u0142 terminy przekazania paczek. Tradycyjnie, w tej mi\u0142ej dla wszystkich inicjatywie, dobrego staruszka wspomog\u0105 pracownicy Centrum Kultury i Biblioteki w \u015acinawie. Od 11 grudnia samorz\u0105dowe paczki trafia\u0142y b\u0119d\u0105 do dzieci z gminnych wsi, podczas spotka\u0144 w \u015bwietlicach. Z mieszka\u0144cami \u015acinawy Miko\u0142aj spotka si\u0119 podczas Bo\u017conarodzeniowego Jarmarku (15 grudnia).<\/strong><\/p>\n<p align=\"justify\">&nbsp;<\/p>\n<p align=\"justify\"><a href=\"http:\/\/scinawa.pl\/wp-content\/uploads\/2024\/12\/mikolaj-2024-scaled.jpg\"><img decoding=\"async\" loading=\"lazy\" class=\"aligncenter size-full wp-image-32616\" src=\"http:\/\/scinawa.pl\/wp-content\/uploads\/2024\/12\/mikolaj-2024-scaled.jpg\" alt=\"\" width=\"1810\" height=\"2560\" srcset=\"https:\/\/scinawa.pl\/wp-content\/uploads\/2024\/12\/mikolaj-2024-scaled.jpg 1810w, https:\/\/scinawa.pl\/wp-content\/uploads\/2024\/12\/mikolaj-2024-212x300.jpg 212w, https:\/\/scinawa.pl\/wp-content\/uploads\/2024\/12\/mikolaj-2024-724x1024.jpg 724w, https:\/\/scinawa.pl\/wp-content\/uploads\/2024\/12\/mikolaj-2024-768x1086.jpg 768w, https:\/\/scinawa.pl\/wp-content\/uploads\/2024\/12\/mikolaj-2024-1086x1536.jpg 1086w, https:\/\/scinawa.pl\/wp-content\/uploads\/2024\/12\/mikolaj-2024-1448x2048.jpg 1448w, https:\/\/scinawa.pl\/wp-content\/uploads\/2024\/12\/mikolaj-2024-17x24.jpg 17w, https:\/\/scinawa.pl\/wp-content\/uploads\/2024\/12\/mikolaj-2024-25x36.jpg 25w, https:\/\/scinawa.pl\/wp-content\/uploads\/2024\/12\/mikolaj-2024-34x48.jpg 34w\" sizes=\"(max-width: 1810px) 100vw, 1810px\" \/><\/a><\/p>\n","protected":false},"excerpt":{"rendered":"<p>Wsp\u00f3\u0142pracuj\u0105cy z Gmin\u0105 \u015acinawa \u015awi\u0119ty Miko\u0142aj skontaktowa\u0142 si\u0119 ju\u017c z lokalnymi w\u0142adzami i ustali\u0142 terminy przekazania paczek. Tradycyjnie, w tej<\/p>\n","protected":false},"author":3,"featured_media":32604,"comment_status":"open","ping_status":"open","sticky":false,"template":"","format":"standard","meta":{"ngg_post_thumbnail":0},"categories":[12,3],"tags":[],"_links":{"self":[{"href":"https:\/\/scinawa.pl\/index.php\/wp-json\/wp\/v2\/posts\/32603"}],"collection":[{"href":"https:\/\/scinawa.pl\/index.php\/wp-json\/wp\/v2\/posts"}],"about":[{"href":"https:\/\/scinawa.pl\/index.php\/wp-json\/wp\/v2\/types\/post"}],"author":[{"embeddable":true,"href":"https:\/\/scinawa.pl\/index.php\/wp-json\/wp\/v2\/users\/3"}],"replies":[{"embeddable":true,"href":"https:\/\/scinawa.pl\/index.php\/wp-json\/wp\/v2\/comments?post=32603"}],"version-history":[{"count":3,"href":"https:\/\/scinawa.pl\/index.php\/wp-json\/wp\/v2\/posts\/32603\/revisions"}],"predecessor-version":[{"id":32617,"href":"https:\/\/scinawa.pl\/index.php\/wp-json\/wp\/v2\/posts\/32603\/revisions\/32617"}],"wp:featuredmedia":[{"embeddable":true,"href":"https:\/\/scinawa.pl\/index.php\/wp-json\/wp\/v2\/media\/32604"}],"wp:attachment":[{"href":"https:\/\/scinawa.pl\/index.php\/wp-json\/wp\/v2\/media?parent=32603"}],"wp:term":[{"taxonomy":"category","embeddable":true,"href":"https:\/\/scinawa.pl\/index.php\/wp-json\/wp\/v2\/categories?post=32603"},{"taxonomy":"post_tag","embeddable":true,"href":"https:\/\/scinawa.pl\/index.php\/wp-json\/wp\/v2\/tags?post=32603"}],"curies":[{"name":"wp","href":"https:\/\/api.w.org\/{rel}","templated":true}]}}