{"id":32573,"date":"2024-12-02T15:10:34","date_gmt":"2024-12-02T14:10:34","guid":{"rendered":"https:\/\/scinawa.pl\/?p=32573"},"modified":"2024-12-02T15:10:34","modified_gmt":"2024-12-02T14:10:34","slug":"gmina-scinawa-na-3-miejscu-w-wojewodztwie","status":"publish","type":"post","link":"https:\/\/scinawa.pl\/index.php\/2024\/12\/02\/gmina-scinawa-na-3-miejscu-w-wojewodztwie\/","title":{"rendered":"Gmina \u015acinawa na 3. miejscu w wojew\u00f3dztwie!"},"content":{"rendered":"<p align=\"justify\"><strong>29 listopada br. og\u0142oszono wyniki IV Rankingu Gmin Wojew\u00f3dztwa Dolno\u015bl\u0105skiego. Specjalna gala odbywa\u0142a si\u0119 w Starostwie Powiatowym we Wroc\u0142awiu, podczas wydarzenia wr\u0119czono statuetki i dyplomy dla najlepszych samorz\u0105d\u00f3w, doceniaj\u0105c rozw\u00f3j spo\u0142eczno-gospodarczy poszczeg\u00f3lnych jednostek. Niezmiernie mi\u0142o nam zakomunikowa\u0107, \u017ce \u015acinawa zaj\u0119\u0142a 3. miejsce w kategorii gmin do 20 tys. mieszka\u0144c\u00f3w.<\/strong><\/p>\n<p align=\"justify\">Gal\u0119 otworzy\u0142a Anna Jakubowska, dyrektor O\u015brodka Regionalnego Fundacji Rozwoju Demokracji Lokalnej we Wroc\u0142awiu wraz z dyrektor Urz\u0119du Statystycznego we Wroc\u0142awiu \u2013 Halin\u0105 Wo\u017aniak. Metodologi\u0119 rankingu om\u00f3wi\u0142a El\u017cbieta Sta\u0144czyk, przedstawicielka partnera merytorycznego tej samorz\u0105dowej klasyfikacji (GUS).<\/p>\n<p align=\"justify\">W tym roku na pierwszych miejscach spo\u015br\u00f3d gmin do 20 tysi\u0119cy mieszka\u0144c\u00f3w znalaz\u0142y si\u0119:<br \/>\n1. Gmina Rudna;<br \/>\n2. Gmina Jerzmanowa;<br \/>\n<em>3. Gmina \u015acinawa;<\/em><br \/>\n4. Gmina i Miasto Karpacz;<br \/>\n5. Gmina Gr\u0119bocice.<\/p>\n<p align=\"justify\">\u2013 Jestem bardzo dumny, bo nasza gmina kolejny raz zosta\u0142a doceniona przez ekspert\u00f3w i zestawiona w gronie samorz\u0105d\u00f3w o najwi\u0119kszym potencjale. Organizatorzy zapowiedzieli \u015acinaw\u0119, jako jednostk\u0119 samorz\u0105du terytorialnego, kt\u00f3ra rozwija si\u0119 przede wszystkim dzi\u0119ki pozyskiwaniu zewn\u0119trznych \u015brodk\u00f3w na inwestycje. To prawda, bo przy okazji ka\u017cdego konkursu wype\u0142niamy niezb\u0119dny kupon oraz zg\u0142aszamy potrzeby kolejnych inwestycji dla mieszka\u0144c\u00f3w, nasz samorz\u0105d jest najlepszy z uwagi na tzw. bud\u017cet inwestycyjny i wydatki maj\u0105tkowe oraz ilo\u015b\u0107 pozyskiwanego bezzwrotnego wsparcia zewn\u0119trznego, w tym dotacji z Unii Europejskie. Dzi\u0119kuj\u0119 i gratuluj\u0119 wszystkim pracownikom Urz\u0119du Miasta i Gminy \u015acinawa, kt\u00f3rzy maj\u0105 sw\u00f3j udzia\u0142 w tym presti\u017cowym wyr\u00f3\u017cnieniu, a tak\u017ce radnym, kt\u00f3rzy wspierali dzia\u0142ania na rzecz naszej samorz\u0105dowej wsp\u00f3lnoty \u2013 skomentowa\u0142 gospodarz gminy Krystian Koszty\u0142a.<\/p>\n<p align=\"justify\"><em>Metodologia Rankingu Gmin Dolnego \u015al\u0105ska prezentuje g\u0142\u00f3wne za\u0142o\u017cenia oraz spos\u00f3b tworzenia zestawienia.<\/em><\/p>\n<p align=\"justify\">ZA\u0141O\u017bENIA METODOLOGICZNE:<br \/>\nPodstaw\u0119 tworzonych analiz poziomu rozwoju poszczeg\u00f3lnych samorz\u0105d\u00f3w stanowi za\u0142o\u017cenie, o uporz\u0105dkowaniu jednostek liniowo, w odniesieniu do poziomu badanego zjawiska jako\u015bciowego. Bazuj\u0105c na zbiorze zmiennych diagnostycznych, charakteryzuj\u0105cych opisywan\u0105 stref\u0119 dzia\u0142a\u0144 jednostek samorz\u0105du terytorialnego, mo\u017cemy w po\u015bredni spos\u00f3b zbada\u0107 rozw\u00f3j poszczeg\u00f3lnych samorz\u0105d\u00f3w.<\/p>\n<p align=\"justify\">DOB\u00d3R ZMIENNYCH DIAGNOSTYCZNYCH:<br \/>\nPodczas doboru zmiennych diagnostycznych wa\u017cne jest, by precyzyjnie okre\u015bli\u0107 kryterium syntetyczne. Zmienne s\u0142u\u017c\u0105ce do opisu badanego zagadnienia mog\u0105 wi\u0105za\u0107 si\u0119 z nim bezpo\u015brednio lub po\u015brednio. Zwi\u0105zek bezpo\u015bredni polega na pomiarze konkretnego aspektu zjawiska (np. wykorzystanie nak\u0142ad\u00f3w inwestycyjnych do oszacowania poziomu rozwoju), za\u015b po\u015bredni pozwala wyrazi\u0107 szersze niemierzalne aspekty.<br \/>\nZastosowana metoda doboru zmiennych diagnostycznych uwzgl\u0119dnia podej\u015bcie merytoryczne. Dzi\u0119ki analizie merytorycznej uzyskano list\u0119 zmiennych diagnostycznych opisuj\u0105cych poziom rozwoju gmin w oparciu o zasad\u0119 zr\u00f3wnowa\u017conego rozwoju. Drugim kryterium doboru zmiennych by\u0142a dost\u0119pno\u015b\u0107 danych w bazach danych GUS lub mo\u017cliwo\u015b\u0107 ich pozyskania ze \u017ar\u00f3de\u0142 zewn\u0119trznych.<br \/>\nUwzgl\u0119dniaj\u0105c powy\u017cszy kontekst ranking premiuje gminy o najwi\u0119kszym potencjale w sferze gospodarczej, spo\u0142ecznej, \u015brodowiskowej i przestrzennej (rozw\u00f3j zr\u00f3wnowa\u017cony).<\/p>\n<p align=\"justify\">LISTA WSKA\u0179NIK\u00d3W, WP\u0141YWAJ\u0104CYCH NA POZYCJ\u0118 W RANKINGU:<br \/>\n1. \u015arednioroczne dochody w\u0142asne bud\u017cet\u00f3w gmin na 1 mieszka\u0144ca w latach 2021-2023;<br \/>\n<em>2. \u015arednioroczne wydatki maj\u0105tkowe inwestycyjne bud\u017cet\u00f3w gmin na 1 mieszka\u0144ca w latach 2018-2020;<\/em><br \/>\n3. \u015arednioroczny wska\u017anik zad\u0142u\u017cenia bud\u017cet\u00f3w gmin w latach 2021-2023;<br \/>\n4. Wydatki bie\u017c\u0105ce bud\u017cet\u00f3w gmin na administracj\u0119 publiczn\u0105 na 1 mieszka\u0144ca w 2023 r.\/ udzia\u0142 tych wydatk\u00f3w w wydatkach bie\u017c\u0105cych og\u00f3\u0142em;<br \/>\n<em>5. \u015arednioroczne \u015brodki z Unii Europejskiej i innych \u017ar\u00f3de\u0142 niepodlegaj\u0105ce zwrotowi na finansowanie program\u00f3w i projekt\u00f3w unijnych stanowi\u0105ce doch\u00f3d bud\u017cet\u00f3w gmin na 1 mieszka\u0144ca w latach 2021-2023;<\/em><br \/>\n6. Liczba podmiot\u00f3w gospodarki narodowej zarejestrowanych w REGON na 1000 ludno\u015bci w wieku produkcyjnym w 2023 r.;<br \/>\n7. Wyniki egzaminu \u00f3smoklasisty w roku szkolnym 2023\/2024 \u2013 \u015bredni wynik w %;<br \/>\n8. Saldo migracji na 1000 ludno\u015bci w 2020 r.;<br \/>\n9. Wydatki bud\u017cet\u00f3w gmin na kultur\u0119 i ochron\u0119 dziedzictwa narodowego (z wy\u0142\u0105czeniem wydatk\u00f3w maj\u0105tkowych inwestycyjnych) na 1 mieszka\u0144ca w 2020 r.;<br \/>\n10. Udzia\u0142 \u015brodk\u00f3w przekazanych organizacjom pozarz\u0105dowym i innym podmiotom prowadz\u0105cym dzia\u0142alno\u015b\u0107 po\u017cytku publicznego w wydatkach bie\u017c\u0105cych bud\u017cet\u00f3w gmin w 2020 r.;<br \/>\n11. Wydatki bud\u017cet\u00f3w gmin na ochron\u0119 powietrza atmosferycznego oraz klimatu na 1 mieszka\u0144ca w 2020 r.;<br \/>\n12. Odsetek korzystaj\u0105cych z sieci kanalizacyjnej w 2020 r.;<br \/>\n13. Przyrost naturalny na 1000 ludno\u015bci w 2023 r.;<br \/>\n14. Udzia\u0142 powierzchni obj\u0119tej obowi\u0105zuj\u0105cymi miejscowymi planami zagospodarowania przestrzennego w powierzchni og\u00f3\u0142em gminy w 2023 r.;<br \/>\n15. Wydatki bie\u017c\u0105ce na o\u015bwiat\u0119, wychowanie i opiek\u0119 nad dzieckiem w wieku do lat 3 na 1 mieszka\u0144ca w wieku przedprodukcyjnym w 2023 r.;<br \/>\n16. Udzia\u0142 nak\u0142ad\u00f3w na szkolenia pracownik\u00f3w rad i urz\u0119d\u00f3w gmin w wydatkach bie\u017c\u0105cych bud\u017cet\u00f3w gmin na administracj\u0119 publiczn\u0105 w 2023 r.<\/p>\n<p><a href=\"http:\/\/scinawa.pl\/wp-content\/uploads\/2024\/12\/2.jpg\"><img decoding=\"async\" loading=\"lazy\" class=\"aligncenter size-full wp-image-32574\" src=\"http:\/\/scinawa.pl\/wp-content\/uploads\/2024\/12\/2.jpg\" alt=\"\" width=\"1024\" height=\"683\" srcset=\"https:\/\/scinawa.pl\/wp-content\/uploads\/2024\/12\/2.jpg 1024w, https:\/\/scinawa.pl\/wp-content\/uploads\/2024\/12\/2-300x200.jpg 300w, https:\/\/scinawa.pl\/wp-content\/uploads\/2024\/12\/2-768x512.jpg 768w, https:\/\/scinawa.pl\/wp-content\/uploads\/2024\/12\/2-24x16.jpg 24w, https:\/\/scinawa.pl\/wp-content\/uploads\/2024\/12\/2-36x24.jpg 36w, https:\/\/scinawa.pl\/wp-content\/uploads\/2024\/12\/2-48x32.jpg 48w\" sizes=\"(max-width: 1024px) 100vw, 1024px\" \/><\/a><\/p>\n<p><a href=\"http:\/\/scinawa.pl\/wp-content\/uploads\/2024\/12\/3.jpg\"><img decoding=\"async\" loading=\"lazy\" class=\"aligncenter size-full wp-image-32575\" src=\"http:\/\/scinawa.pl\/wp-content\/uploads\/2024\/12\/3.jpg\" alt=\"\" width=\"1024\" height=\"683\" srcset=\"https:\/\/scinawa.pl\/wp-content\/uploads\/2024\/12\/3.jpg 1024w, https:\/\/scinawa.pl\/wp-content\/uploads\/2024\/12\/3-300x200.jpg 300w, https:\/\/scinawa.pl\/wp-content\/uploads\/2024\/12\/3-768x512.jpg 768w, https:\/\/scinawa.pl\/wp-content\/uploads\/2024\/12\/3-24x16.jpg 24w, https:\/\/scinawa.pl\/wp-content\/uploads\/2024\/12\/3-36x24.jpg 36w, https:\/\/scinawa.pl\/wp-content\/uploads\/2024\/12\/3-48x32.jpg 48w\" sizes=\"(max-width: 1024px) 100vw, 1024px\" \/><\/a><\/p>\n<p><a href=\"http:\/\/scinawa.pl\/wp-content\/uploads\/2024\/12\/4.jpg\"><img decoding=\"async\" loading=\"lazy\" class=\"aligncenter size-full wp-image-32576\" src=\"http:\/\/scinawa.pl\/wp-content\/uploads\/2024\/12\/4.jpg\" alt=\"\" width=\"1024\" height=\"683\" srcset=\"https:\/\/scinawa.pl\/wp-content\/uploads\/2024\/12\/4.jpg 1024w, https:\/\/scinawa.pl\/wp-content\/uploads\/2024\/12\/4-300x200.jpg 300w, https:\/\/scinawa.pl\/wp-content\/uploads\/2024\/12\/4-768x512.jpg 768w, https:\/\/scinawa.pl\/wp-content\/uploads\/2024\/12\/4-24x16.jpg 24w, https:\/\/scinawa.pl\/wp-content\/uploads\/2024\/12\/4-36x24.jpg 36w, https:\/\/scinawa.pl\/wp-content\/uploads\/2024\/12\/4-48x32.jpg 48w\" sizes=\"(max-width: 1024px) 100vw, 1024px\" \/><\/a><\/p>\n<p><a href=\"http:\/\/scinawa.pl\/wp-content\/uploads\/2024\/12\/5.jpg\"><img decoding=\"async\" loading=\"lazy\" class=\"aligncenter size-full wp-image-32577\" src=\"http:\/\/scinawa.pl\/wp-content\/uploads\/2024\/12\/5.jpg\" alt=\"\" width=\"1024\" height=\"683\" srcset=\"https:\/\/scinawa.pl\/wp-content\/uploads\/2024\/12\/5.jpg 1024w, https:\/\/scinawa.pl\/wp-content\/uploads\/2024\/12\/5-300x200.jpg 300w, https:\/\/scinawa.pl\/wp-content\/uploads\/2024\/12\/5-768x512.jpg 768w, https:\/\/scinawa.pl\/wp-content\/uploads\/2024\/12\/5-24x16.jpg 24w, https:\/\/scinawa.pl\/wp-content\/uploads\/2024\/12\/5-36x24.jpg 36w, https:\/\/scinawa.pl\/wp-content\/uploads\/2024\/12\/5-48x32.jpg 48w\" sizes=\"(max-width: 1024px) 100vw, 1024px\" \/><\/a><\/p>\n<p><a href=\"http:\/\/scinawa.pl\/wp-content\/uploads\/2024\/12\/6.jpg\"><img decoding=\"async\" loading=\"lazy\" class=\"aligncenter size-full wp-image-32578\" src=\"http:\/\/scinawa.pl\/wp-content\/uploads\/2024\/12\/6.jpg\" alt=\"\" width=\"1024\" height=\"683\" srcset=\"https:\/\/scinawa.pl\/wp-content\/uploads\/2024\/12\/6.jpg 1024w, https:\/\/scinawa.pl\/wp-content\/uploads\/2024\/12\/6-300x200.jpg 300w, https:\/\/scinawa.pl\/wp-content\/uploads\/2024\/12\/6-768x512.jpg 768w, https:\/\/scinawa.pl\/wp-content\/uploads\/2024\/12\/6-24x16.jpg 24w, https:\/\/scinawa.pl\/wp-content\/uploads\/2024\/12\/6-36x24.jpg 36w, https:\/\/scinawa.pl\/wp-content\/uploads\/2024\/12\/6-48x32.jpg 48w\" sizes=\"(max-width: 1024px) 100vw, 1024px\" \/><\/a><\/p>\n","protected":false},"excerpt":{"rendered":"<p>29 listopada br. og\u0142oszono wyniki IV Rankingu Gmin Wojew\u00f3dztwa Dolno\u015bl\u0105skiego. Specjalna gala odbywa\u0142a si\u0119 w Starostwie Powiatowym we Wroc\u0142awiu, podczas<\/p>\n","protected":false},"author":3,"featured_media":32579,"comment_status":"open","ping_status":"open","sticky":false,"template":"","format":"standard","meta":{"ngg_post_thumbnail":0},"categories":[12,3],"tags":[],"_links":{"self":[{"href":"https:\/\/scinawa.pl\/index.php\/wp-json\/wp\/v2\/posts\/32573"}],"collection":[{"href":"https:\/\/scinawa.pl\/index.php\/wp-json\/wp\/v2\/posts"}],"about":[{"href":"https:\/\/scinawa.pl\/index.php\/wp-json\/wp\/v2\/types\/post"}],"author":[{"embeddable":true,"href":"https:\/\/scinawa.pl\/index.php\/wp-json\/wp\/v2\/users\/3"}],"replies":[{"embeddable":true,"href":"https:\/\/scinawa.pl\/index.php\/wp-json\/wp\/v2\/comments?post=32573"}],"version-history":[{"count":1,"href":"https:\/\/scinawa.pl\/index.php\/wp-json\/wp\/v2\/posts\/32573\/revisions"}],"predecessor-version":[{"id":32580,"href":"https:\/\/scinawa.pl\/index.php\/wp-json\/wp\/v2\/posts\/32573\/revisions\/32580"}],"wp:featuredmedia":[{"embeddable":true,"href":"https:\/\/scinawa.pl\/index.php\/wp-json\/wp\/v2\/media\/32579"}],"wp:attachment":[{"href":"https:\/\/scinawa.pl\/index.php\/wp-json\/wp\/v2\/media?parent=32573"}],"wp:term":[{"taxonomy":"category","embeddable":true,"href":"https:\/\/scinawa.pl\/index.php\/wp-json\/wp\/v2\/categories?post=32573"},{"taxonomy":"post_tag","embeddable":true,"href":"https:\/\/scinawa.pl\/index.php\/wp-json\/wp\/v2\/tags?post=32573"}],"curies":[{"name":"wp","href":"https:\/\/api.w.org\/{rel}","templated":true}]}}