{"id":32243,"date":"2024-10-08T15:13:01","date_gmt":"2024-10-08T13:13:01","guid":{"rendered":"https:\/\/scinawa.pl\/?p=32243"},"modified":"2024-10-08T15:13:01","modified_gmt":"2024-10-08T13:13:01","slug":"scinawa-zwyciezyla-w-prestizowym-rankingu","status":"publish","type":"post","link":"https:\/\/scinawa.pl\/index.php\/2024\/10\/08\/scinawa-zwyciezyla-w-prestizowym-rankingu\/","title":{"rendered":"\u015acinawa zwyci\u0119\u017cy\u0142a w presti\u017cowym rankingu!!"},"content":{"rendered":"<p align=\"justify\"><strong>Za nami XII Samorz\u0105dowe Forum Kapita\u0142u i Finans\u00f3w, kt\u00f3re tradycyjnie zorganizowano Mi\u0119dzynarodowym Centrum Kongresowym w Katowicach. W dniach 8-9 pa\u017adziernika spotkali si\u0119 przedstawiciele administracji samorz\u0105dowej i publicznej, biznesmeni, finansi\u015bci oraz naukowcy. Podczas uroczystej Gali Inwestor\u00f3w Samorz\u0105dowych, kt\u00f3ra towarzyszy\u0142a wydarzeniu, Gmin\u0119 \u015acinawa reprezentowa\u0142 burmistrz Krystian Koszty\u0142a, kt\u00f3ry ju\u017c drugi raz z rz\u0119du odebra\u0142 bardzo presti\u017cowe wyr\u00f3\u017cnienie, dedykowane ma\u0142ym miastom! \u015acinawa zaj\u0119\u0142a 1. miejsce w Polsce w kategorii wydatki inwestycyjne samorz\u0105d\u00f3w, o co przecie\u017c nie by\u0142o \u0142atwo, bior\u0105c pod uwag\u0119 mocn\u0105 konkurencj\u0119!<\/strong><\/p>\n<p align=\"justify\">\u2013 Dzi\u0119kuj\u0119 i gratuluj\u0119 z tego miejsca wszystkim pracownikom zaanga\u017cowanym w realizacj\u0119 projekt\u00f3w inwestycyjnych, pocz\u0105wszy od etapu aplikowania o \u015brodki zewn\u0119trzne, poprzez kompleksowy nadz\u00f3r, sko\u0144czywszy na rozliczeniach pozyskanych dotacji. Strategia rozwoju \u015bcinawskiego samorz\u0105du nie zmienia si\u0119 od kilku ju\u017c lat, staramy si\u0119 si\u0119ga\u0107, gdzie tylko jest to mo\u017cliwe po wsparcie na potrzebne przedsi\u0119wzi\u0119cia, a nasz\u0105 skuteczno\u015b\u0107 w tym zakresie potwierdzaj\u0105 takie wyr\u00f3\u017cnienia, jak to, kt\u00f3re odbiera\u0142em w znamienitym gronie. Bez dotacji na inwestycje nie mogliby\u015bmy, licz\u0105c tylko na w\u0142asne dochody, wygrywa\u0107 og\u00f3lnopolskich ranking\u00f3w. Jeszcze raz podkre\u015bl\u0119, ta nagroda to efekt pracy wielu os\u00f3b \u2013 podsumowa\u0142 burmistrz Krystian Koszty\u0142a.<\/p>\n<p align=\"justify\">Samorz\u0105dowe forum to najwi\u0119ksza i najwa\u017cniejsza konferencja dla w\u0142adz samorz\u0105dowych w Polsce, podczas kt\u00f3rej dyskutuje si\u0119 o problemach wykorzystania zasob\u00f3w i aktyw\u00f3w, kt\u00f3rymi gminy dysponuj\u0105 do jak najskuteczniejszego realizowania polityk, strategii i zada\u0144 o charakterze lokalnym. Specjali\u015bci z r\u00f3\u017cnych dziedzin dziel\u0105 si\u0119 swoj\u0105 bogat\u0105 wiedz\u0105 podczas paneli dedykowanych pracownikom urz\u0119d\u00f3w, omawiaj\u0105 sytuacje kt\u00f3re ju\u017c si\u0119 wydarzy\u0142y oraz takie, z kt\u00f3rymi samorz\u0105dowcy mierzy\u0107 si\u0119 b\u0119d\u0105 w najbli\u017cszym czasie.<\/p>\n<p align=\"justify\">\u2013 W tym roku, wsp\u00f3lnie z dedykowanymi r\u00f3\u017cnym panelom ekspertami, om\u00f3wili\u015bmy kolejne wa\u017cne dla samorz\u0105d\u00f3w tematy. Rozmawiali\u015bmy o bezpiecze\u0144stwie i zarz\u0105dzaniu kryzysowym, finansach, gospodarce mieszkaniowej czy odpadowej. Takie spotkania s\u0105 bardzo cenne i pouczaj\u0105ce, mamy do dyspozycji do\u015bwiadczonych w poszczeg\u00f3lnych bran\u017cach prelegent\u00f3w, z kt\u00f3rymi wsp\u00f3lnie poszukujemy rozwi\u0105za\u0144 dla og\u00f3lnych problem\u00f3w, z kt\u00f3rymi zmagamy si\u0119 wszyscy w naszych gminach \u2013 doda\u0142 gospodarz \u015acinawy.<\/p>\n","protected":false},"excerpt":{"rendered":"<p>Za nami XII Samorz\u0105dowe Forum Kapita\u0142u i Finans\u00f3w, kt\u00f3re tradycyjnie zorganizowano Mi\u0119dzynarodowym Centrum Kongresowym w Katowicach. W dniach 8-9 pa\u017adziernika<\/p>\n","protected":false},"author":3,"featured_media":32244,"comment_status":"open","ping_status":"open","sticky":false,"template":"","format":"standard","meta":{"ngg_post_thumbnail":0},"categories":[12,3],"tags":[],"_links":{"self":[{"href":"https:\/\/scinawa.pl\/index.php\/wp-json\/wp\/v2\/posts\/32243"}],"collection":[{"href":"https:\/\/scinawa.pl\/index.php\/wp-json\/wp\/v2\/posts"}],"about":[{"href":"https:\/\/scinawa.pl\/index.php\/wp-json\/wp\/v2\/types\/post"}],"author":[{"embeddable":true,"href":"https:\/\/scinawa.pl\/index.php\/wp-json\/wp\/v2\/users\/3"}],"replies":[{"embeddable":true,"href":"https:\/\/scinawa.pl\/index.php\/wp-json\/wp\/v2\/comments?post=32243"}],"version-history":[{"count":1,"href":"https:\/\/scinawa.pl\/index.php\/wp-json\/wp\/v2\/posts\/32243\/revisions"}],"predecessor-version":[{"id":32245,"href":"https:\/\/scinawa.pl\/index.php\/wp-json\/wp\/v2\/posts\/32243\/revisions\/32245"}],"wp:featuredmedia":[{"embeddable":true,"href":"https:\/\/scinawa.pl\/index.php\/wp-json\/wp\/v2\/media\/32244"}],"wp:attachment":[{"href":"https:\/\/scinawa.pl\/index.php\/wp-json\/wp\/v2\/media?parent=32243"}],"wp:term":[{"taxonomy":"category","embeddable":true,"href":"https:\/\/scinawa.pl\/index.php\/wp-json\/wp\/v2\/categories?post=32243"},{"taxonomy":"post_tag","embeddable":true,"href":"https:\/\/scinawa.pl\/index.php\/wp-json\/wp\/v2\/tags?post=32243"}],"curies":[{"name":"wp","href":"https:\/\/api.w.org\/{rel}","templated":true}]}}