{"id":32188,"date":"2024-09-27T14:42:43","date_gmt":"2024-09-27T12:42:43","guid":{"rendered":"https:\/\/scinawa.pl\/?p=32188"},"modified":"2024-10-01T18:47:28","modified_gmt":"2024-10-01T16:47:28","slug":"zapraszamy-na-wielkie-otwarcie-centrum","status":"publish","type":"post","link":"https:\/\/scinawa.pl\/index.php\/2024\/09\/27\/zapraszamy-na-wielkie-otwarcie-centrum\/","title":{"rendered":"Zapraszamy na wielkie otwarcie Centrum"},"content":{"rendered":"<p align=\"justify\"><strong>Ju\u017c w najbli\u017csz\u0105 niedziel\u0119 29 wrze\u015bnia przy ulicy Legnickiej 12 w \u015acinawie (Strefa Aktywno\u015bci Gospodarczej) odb\u0119dzie si\u0119 uroczyste otwarcie <span class=\"x193iq5w xeuugli x13faqbe x1vvkbs x1xmvt09 x1lliihq x1s928wv xhkezso x1gmr53x x1cpjm7i x1fgarty x1943h6x xudqn12 x3x7a5m x6prxxf xvq8zen xo1l8bm xzsf02u x1yc453h\" dir=\"auto\">Odrza\u0144skiego Centrum Produktu i Us\u0142ug Lokalnych<\/span>. Warto sp\u0119dzi\u0107 t\u0119 niedziel\u0119 w\u0142a\u015bnie na SAG, bo organizatorzy &#8211; Stowarzyszenie Lokalne Grupa Dzia\u0142ania \u201eKraina \u0141\u0119g\u00f3w Odrza\u0144skich\u201d postarali si\u0119 o wiele atrakcji. Zadowoleni b\u0119d\u0105 wszyscy, kt\u00f3rzy lubi\u0105 odkrywa\u0107 nowe smaki, spodoba si\u0119 fanom dobrej muzyki czy mi\u0142o\u015bnikom sztuki, nie zabraknie warsztat\u00f3w i konkurs\u00f3w dla dzieci. Wydarzenie rozpocznie si\u0119 o godzinie 15:00, ale od 14:00 funkcjonowa\u0142 b\u0119dzie ju\u017c jarmark.<\/strong><\/p>\n<p align=\"justify\">Od godz.14:00<br \/>\nJarmark Produkt\u00f3w i Us\u0142ug Lokalnych Krainy \u0141\u0119g\u00f3w Odrza\u0144skich \u2013 ponad 20 r\u0119kodzielnik\u00f3w i producent\u00f3w<\/p>\n<p>O godz.15:00 UROCZYSTE OTWARCIE CENTRUM<br \/>\nW programie:<br \/>\n&#8211; Prelekcja Joanny Aniszczyk wroc\u0142awskiej dziennikarki kulinarnej &#8211; instagram I LOVE TO EAT,<br \/>\n&#8211; Prezentacja DZIKIEJ KUCHNI \u2013 \u0142\u0119gowej, ro\u015blinnej ksi\u0105\u017cki kucharskiej oraz degustacja potraw z ksi\u0105\u017cki,<br \/>\n&#8211; Degustacje produkt\u00f3w lokalnych CERTYFIKOWANYCH ZNAKIEM K\u0141O POLECA,<br \/>\n&#8211; Premiera piosenki promocyjnej KRAINY \u0141\u0118G\u00d3W ODRZA\u0143\u015aKICH \u2013 muzyka PETER J BIRCH, tekst MARCIN LOK\u015a,<br \/>\n&#8211; Stoiska \u0142\u0119gowych organizacji, m.in. Stowarzyszenie w Rudnie Jest Cudnie, Fundacja Przysta\u0144 w \u015acinawie z Warsztatami Terapii Zaj\u0119ciowej U\u015aMIECH, Stowarzyszenie KREDA, Opowie\u015bci o Odrze Andrzeja Ruszlewicza,<br \/>\n&#8211; Pokaz speed carvingu w wykonaniu Damiana Gacka,<br \/>\n&#8211; WR\u0118CZENIE NAGR\u00d3D W KONKURSIE INICJATYWA PARTNERSTWA 2017-2024,<br \/>\n&#8211; 20-lecie PROGRAMU GRANTOWEGO DZIA\u0141AJ LOKALNIE W KRAINIE \u0141\u0118G\u00d3W ODRZA\u0143SKICH,<br \/>\n&#8211; Konkursy i loterie z \u0142\u0119gowymi nagrodami \u2013 za ka\u017cde wydane, na jednym stoisku, 50 z\u0142 \u2013 los na \u0142\u0119gowe nagrody! Losowanie o godz.15:30, 16:30 i 18:00,<br \/>\n&#8211; Wystawa prac artysty kowala ADAMA PIECHOWIAKA,<br \/>\n&#8211; Wystawa malarstwa KATARZYNY LEMBRYK,<br \/>\n&#8211; KONKURS DLA DZIECI NA \u201e\u0141\u0118GOWEGO LUDKA\u201d z dar\u00f3w natury (o godz.16:30 wr\u0119czenie nagr\u00f3d),<br \/>\n&#8211; przez ca\u0142y czas trwania eventu warsztaty r\u0119kodzie\u0142a dla dzieci i doros\u0142ych (m.in. warsztaty ceramiki, warsztaty wiank\u00f3w \u2013 dla doros\u0142ych o godz.15:30, malowanie domk\u00f3w, makramy, mozaika witra\u017cowa, przypinki i inne),<br \/>\n&#8211; O godz.17:00 koncert multiinstrumentalisty, \u015bcinawianina Dawida Kr\u0119\u017cela.<\/p>\n<p>Jedzenie dostarcz\u0105:<br \/>\n&#8211; Swojskie z W\u0119dzarni z Wi\u0144ska (grill, mi\u0119siwa i w\u0119dliny),<br \/>\n&#8211; R\u0119cznie Robione z Wo\u0142owa (s\u0142odko\u015bci wszelakie).<\/p>\n<p><a href=\"http:\/\/scinawa.pl\/wp-content\/uploads\/2024\/09\/KLO2024_Foodi_A3_poster_-2.jpg\"><img decoding=\"async\" loading=\"lazy\" class=\"aligncenter size-full wp-image-32191\" src=\"http:\/\/scinawa.pl\/wp-content\/uploads\/2024\/09\/KLO2024_Foodi_A3_poster_-2.jpg\" alt=\"\" width=\"1754\" height=\"2480\" srcset=\"https:\/\/scinawa.pl\/wp-content\/uploads\/2024\/09\/KLO2024_Foodi_A3_poster_-2.jpg 1754w, https:\/\/scinawa.pl\/wp-content\/uploads\/2024\/09\/KLO2024_Foodi_A3_poster_-2-212x300.jpg 212w, https:\/\/scinawa.pl\/wp-content\/uploads\/2024\/09\/KLO2024_Foodi_A3_poster_-2-724x1024.jpg 724w, https:\/\/scinawa.pl\/wp-content\/uploads\/2024\/09\/KLO2024_Foodi_A3_poster_-2-768x1086.jpg 768w, https:\/\/scinawa.pl\/wp-content\/uploads\/2024\/09\/KLO2024_Foodi_A3_poster_-2-1086x1536.jpg 1086w, https:\/\/scinawa.pl\/wp-content\/uploads\/2024\/09\/KLO2024_Foodi_A3_poster_-2-1448x2048.jpg 1448w, https:\/\/scinawa.pl\/wp-content\/uploads\/2024\/09\/KLO2024_Foodi_A3_poster_-2-17x24.jpg 17w, https:\/\/scinawa.pl\/wp-content\/uploads\/2024\/09\/KLO2024_Foodi_A3_poster_-2-25x36.jpg 25w, https:\/\/scinawa.pl\/wp-content\/uploads\/2024\/09\/KLO2024_Foodi_A3_poster_-2-34x48.jpg 34w\" sizes=\"(max-width: 1754px) 100vw, 1754px\" \/><\/a><\/p>\n","protected":false},"excerpt":{"rendered":"<p>Ju\u017c w najbli\u017csz\u0105 niedziel\u0119 29 wrze\u015bnia przy ulicy Legnickiej 12 w \u015acinawie (Strefa Aktywno\u015bci Gospodarczej) odb\u0119dzie si\u0119 uroczyste otwarcie Odrza\u0144skiego<\/p>\n","protected":false},"author":3,"featured_media":32192,"comment_status":"open","ping_status":"open","sticky":false,"template":"","format":"standard","meta":{"ngg_post_thumbnail":0},"categories":[12,3],"tags":[],"_links":{"self":[{"href":"https:\/\/scinawa.pl\/index.php\/wp-json\/wp\/v2\/posts\/32188"}],"collection":[{"href":"https:\/\/scinawa.pl\/index.php\/wp-json\/wp\/v2\/posts"}],"about":[{"href":"https:\/\/scinawa.pl\/index.php\/wp-json\/wp\/v2\/types\/post"}],"author":[{"embeddable":true,"href":"https:\/\/scinawa.pl\/index.php\/wp-json\/wp\/v2\/users\/3"}],"replies":[{"embeddable":true,"href":"https:\/\/scinawa.pl\/index.php\/wp-json\/wp\/v2\/comments?post=32188"}],"version-history":[{"count":2,"href":"https:\/\/scinawa.pl\/index.php\/wp-json\/wp\/v2\/posts\/32188\/revisions"}],"predecessor-version":[{"id":32211,"href":"https:\/\/scinawa.pl\/index.php\/wp-json\/wp\/v2\/posts\/32188\/revisions\/32211"}],"wp:featuredmedia":[{"embeddable":true,"href":"https:\/\/scinawa.pl\/index.php\/wp-json\/wp\/v2\/media\/32192"}],"wp:attachment":[{"href":"https:\/\/scinawa.pl\/index.php\/wp-json\/wp\/v2\/media?parent=32188"}],"wp:term":[{"taxonomy":"category","embeddable":true,"href":"https:\/\/scinawa.pl\/index.php\/wp-json\/wp\/v2\/categories?post=32188"},{"taxonomy":"post_tag","embeddable":true,"href":"https:\/\/scinawa.pl\/index.php\/wp-json\/wp\/v2\/tags?post=32188"}],"curies":[{"name":"wp","href":"https:\/\/api.w.org\/{rel}","templated":true}]}}