{"id":32066,"date":"2024-09-16T13:26:03","date_gmt":"2024-09-16T11:26:03","guid":{"rendered":"https:\/\/scinawa.pl\/?p=32066"},"modified":"2024-09-16T15:11:45","modified_gmt":"2024-09-16T13:11:45","slug":"uwaga-mozna-pomoc-w-napelnianiu-workow-z-piaskiem-oraz-pobrac-juz-przygotowane","status":"publish","type":"post","link":"https:\/\/scinawa.pl\/index.php\/2024\/09\/16\/uwaga-mozna-pomoc-w-napelnianiu-workow-z-piaskiem-oraz-pobrac-juz-przygotowane\/","title":{"rendered":"Uwaga: mo\u017cna pom\u00f3c w nape\u0142nianiu work\u00f3w z piaskiem oraz pobra\u0107 ju\u017c przygotowane!"},"content":{"rendered":"<p align=\"justify\"><strong>W zwi\u0105zku z przekroczeniem stanu alarmowego na Odrze w \u015acinawie i ci\u0105g\u0142ym wzrostem poziomu rzeki, stra\u017cacy ochotnicy przygotowuj\u0105 worki z piaskiem do zabezpieczenia miejsc zagro\u017conych podtopieniami. Podobnie jak wczoraj, w godzinach od 13:00 do 17:00 <span class=\"x193iq5w xeuugli x13faqbe x1vvkbs x1xmvt09 x1lliihq x1s928wv xhkezso x1gmr53x x1cpjm7i x1fgarty x1943h6x xudqn12 x3x7a5m x6prxxf xvq8zen xo1l8bm xzsf02u x1yc453h\" dir=\"auto\">(z uwagi na du\u017ce zainteresowanie czas pracy i wydawania work\u00f3w wyd\u0142u\u017cono dzisiaj do 20:00!) <\/span>, ch\u0119tni mog\u0105 pom\u00f3c, zapraszamy na baz\u0119 ZGK przy ul. Jana Paw\u0142a II w \u015acinawie.<\/strong><\/p>\n<p align=\"justify\">W tym czasie b\u0119dzie r\u00f3wnie\u017c mo\u017cna pobra\u0107 nape\u0142nione ju\u017c piaskiem worki do zabezpieczania swoich gospodarstw. Prosimy, by w pierwszej kolejno\u015bci zg\u0142aszali si\u0119 mieszka\u0144cy, kt\u00f3rych posesje znajduj\u0105 si\u0119 w pobli\u017cu teren\u00f3w zalewowych i w ich s\u0105siedztwie dochodzi\u0142o w przesz\u0142o\u015bci do podtopie\u0144, a s\u0105 to m.in. ulice: Ko\u0142om\u0142y\u0144ska, Chobie\u0144ska, Weso\u0142a, 1 Maja, \u0141\u0105kowa, Kwiatowa, Rybna, \u017bo\u0142nierska w \u015acinawie, a tak\u017ce wsie s\u0105siaduj\u0105ce z Zimnic\u0105 i Odr\u0105.<br \/>\nEwentualne zagro\u017cenia nale\u017cy bezzw\u0142ocznie zg\u0142asza\u0107 po nr telefonu: 76\/846-18-40 do Komendy Powiatowej Pa\u0144stwowej Stra\u017cy Po\u017carnej w Lubinie. Do dyspozycji mieszka\u0144c\u00f3w gminy \u015acinawa pozostaje r\u00f3wnie\u017c pracownik UMiG ds. obronnych i zarz\u0105dzania kryzysowego: 570-335-112.<\/p>\n","protected":false},"excerpt":{"rendered":"<p>W zwi\u0105zku z przekroczeniem stanu alarmowego na Odrze w \u015acinawie i ci\u0105g\u0142ym wzrostem poziomu rzeki, stra\u017cacy ochotnicy przygotowuj\u0105 worki z<\/p>\n","protected":false},"author":3,"featured_media":32067,"comment_status":"open","ping_status":"open","sticky":false,"template":"","format":"standard","meta":{"ngg_post_thumbnail":0},"categories":[12,3],"tags":[],"_links":{"self":[{"href":"https:\/\/scinawa.pl\/index.php\/wp-json\/wp\/v2\/posts\/32066"}],"collection":[{"href":"https:\/\/scinawa.pl\/index.php\/wp-json\/wp\/v2\/posts"}],"about":[{"href":"https:\/\/scinawa.pl\/index.php\/wp-json\/wp\/v2\/types\/post"}],"author":[{"embeddable":true,"href":"https:\/\/scinawa.pl\/index.php\/wp-json\/wp\/v2\/users\/3"}],"replies":[{"embeddable":true,"href":"https:\/\/scinawa.pl\/index.php\/wp-json\/wp\/v2\/comments?post=32066"}],"version-history":[{"count":4,"href":"https:\/\/scinawa.pl\/index.php\/wp-json\/wp\/v2\/posts\/32066\/revisions"}],"predecessor-version":[{"id":32071,"href":"https:\/\/scinawa.pl\/index.php\/wp-json\/wp\/v2\/posts\/32066\/revisions\/32071"}],"wp:featuredmedia":[{"embeddable":true,"href":"https:\/\/scinawa.pl\/index.php\/wp-json\/wp\/v2\/media\/32067"}],"wp:attachment":[{"href":"https:\/\/scinawa.pl\/index.php\/wp-json\/wp\/v2\/media?parent=32066"}],"wp:term":[{"taxonomy":"category","embeddable":true,"href":"https:\/\/scinawa.pl\/index.php\/wp-json\/wp\/v2\/categories?post=32066"},{"taxonomy":"post_tag","embeddable":true,"href":"https:\/\/scinawa.pl\/index.php\/wp-json\/wp\/v2\/tags?post=32066"}],"curies":[{"name":"wp","href":"https:\/\/api.w.org\/{rel}","templated":true}]}}