{"id":32054,"date":"2024-09-13T11:03:58","date_gmt":"2024-09-13T09:03:58","guid":{"rendered":"https:\/\/scinawa.pl\/?p=32054"},"modified":"2024-09-13T11:03:58","modified_gmt":"2024-09-13T09:03:58","slug":"obchody-dnia-sybiraka-w-scinawie-2","status":"publish","type":"post","link":"https:\/\/scinawa.pl\/index.php\/2024\/09\/13\/obchody-dnia-sybiraka-w-scinawie-2\/","title":{"rendered":"Obchody Dnia Sybiraka w \u015acinawie"},"content":{"rendered":"<p align=\"justify\"><strong>Burmistrz \u015acinawy oraz Zarz\u0105d Ko\u0142a Zwi\u0105zku Sybirak\u00f3w w \u015acinawie serdecznie zapraszaj\u0105 do udzia\u0142u w obchodach Dnia Sybiraka. \u015awi\u0119to zosta\u0142o ustanowione w 1991 roku, a jego celem jest upami\u0119tnienie agresji ZSRR na Polsk\u0119 (17 wrze\u015bnia 1939 roku). \u015acinawskie obchody zaplanowano na niedziel\u0119 15 wrze\u015bnia, a rozpocznie je msza w miejscowym ko\u015bciele w intencji zbawienia zmar\u0142ych i zdrowia \u017cyj\u0105cych Zes\u0142a\u0144c\u00f3w. Tradycyjnie po eucharystii delegacje z\u0142o\u017c\u0105 kwiaty pod pomnikiem pami\u0119ci Sybirak\u00f3w na cmentarzu parafialnym.<\/strong><\/p>\n<p align=\"justify\"><a href=\"http:\/\/scinawa.pl\/wp-content\/uploads\/2024\/09\/457804769_919402030229034_9191089858097645225_n.jpg\"><img decoding=\"async\" loading=\"lazy\" class=\"aligncenter size-full wp-image-32055\" src=\"http:\/\/scinawa.pl\/wp-content\/uploads\/2024\/09\/457804769_919402030229034_9191089858097645225_n.jpg\" alt=\"\" width=\"1447\" height=\"2048\" srcset=\"https:\/\/scinawa.pl\/wp-content\/uploads\/2024\/09\/457804769_919402030229034_9191089858097645225_n.jpg 1447w, https:\/\/scinawa.pl\/wp-content\/uploads\/2024\/09\/457804769_919402030229034_9191089858097645225_n-212x300.jpg 212w, https:\/\/scinawa.pl\/wp-content\/uploads\/2024\/09\/457804769_919402030229034_9191089858097645225_n-724x1024.jpg 724w, https:\/\/scinawa.pl\/wp-content\/uploads\/2024\/09\/457804769_919402030229034_9191089858097645225_n-768x1087.jpg 768w, https:\/\/scinawa.pl\/wp-content\/uploads\/2024\/09\/457804769_919402030229034_9191089858097645225_n-1085x1536.jpg 1085w, https:\/\/scinawa.pl\/wp-content\/uploads\/2024\/09\/457804769_919402030229034_9191089858097645225_n-17x24.jpg 17w, https:\/\/scinawa.pl\/wp-content\/uploads\/2024\/09\/457804769_919402030229034_9191089858097645225_n-25x36.jpg 25w, https:\/\/scinawa.pl\/wp-content\/uploads\/2024\/09\/457804769_919402030229034_9191089858097645225_n-34x48.jpg 34w\" sizes=\"(max-width: 1447px) 100vw, 1447px\" \/><\/a><\/p>\n","protected":false},"excerpt":{"rendered":"<p>Burmistrz \u015acinawy oraz Zarz\u0105d Ko\u0142a Zwi\u0105zku Sybirak\u00f3w w \u015acinawie serdecznie zapraszaj\u0105 do udzia\u0142u w obchodach Dnia Sybiraka. \u015awi\u0119to zosta\u0142o ustanowione<\/p>\n","protected":false},"author":3,"featured_media":32056,"comment_status":"open","ping_status":"open","sticky":false,"template":"","format":"standard","meta":{"ngg_post_thumbnail":0},"categories":[12,3],"tags":[],"_links":{"self":[{"href":"https:\/\/scinawa.pl\/index.php\/wp-json\/wp\/v2\/posts\/32054"}],"collection":[{"href":"https:\/\/scinawa.pl\/index.php\/wp-json\/wp\/v2\/posts"}],"about":[{"href":"https:\/\/scinawa.pl\/index.php\/wp-json\/wp\/v2\/types\/post"}],"author":[{"embeddable":true,"href":"https:\/\/scinawa.pl\/index.php\/wp-json\/wp\/v2\/users\/3"}],"replies":[{"embeddable":true,"href":"https:\/\/scinawa.pl\/index.php\/wp-json\/wp\/v2\/comments?post=32054"}],"version-history":[{"count":1,"href":"https:\/\/scinawa.pl\/index.php\/wp-json\/wp\/v2\/posts\/32054\/revisions"}],"predecessor-version":[{"id":32057,"href":"https:\/\/scinawa.pl\/index.php\/wp-json\/wp\/v2\/posts\/32054\/revisions\/32057"}],"wp:featuredmedia":[{"embeddable":true,"href":"https:\/\/scinawa.pl\/index.php\/wp-json\/wp\/v2\/media\/32056"}],"wp:attachment":[{"href":"https:\/\/scinawa.pl\/index.php\/wp-json\/wp\/v2\/media?parent=32054"}],"wp:term":[{"taxonomy":"category","embeddable":true,"href":"https:\/\/scinawa.pl\/index.php\/wp-json\/wp\/v2\/categories?post=32054"},{"taxonomy":"post_tag","embeddable":true,"href":"https:\/\/scinawa.pl\/index.php\/wp-json\/wp\/v2\/tags?post=32054"}],"curies":[{"name":"wp","href":"https:\/\/api.w.org\/{rel}","templated":true}]}}