{"id":31370,"date":"2024-05-28T12:03:02","date_gmt":"2024-05-28T10:03:02","guid":{"rendered":"https:\/\/scinawa.pl\/?p=31370"},"modified":"2024-05-29T08:27:02","modified_gmt":"2024-05-29T06:27:02","slug":"komisja-zaopiniowala-zgloszone-kandydatury","status":"publish","type":"post","link":"https:\/\/scinawa.pl\/index.php\/2024\/05\/28\/komisja-zaopiniowala-zgloszone-kandydatury\/","title":{"rendered":"Komisja zaopiniowa\u0142a zg\u0142oszone kandydatury"},"content":{"rendered":"<p align=\"justify\"><strong>Powo\u0142ana przez radnych Rady Miejskiej w \u015acinawie Komisja Nominacyjna przeanalizowa\u0142a kandydatury zg\u0142oszone do Nagrody Miasta i Gminy \u015acinawa. \u0141\u0105cznie w terminie i zgodnie z procedur\u0105 wp\u0142yn\u0119\u0142o a\u017c 6 wniosk\u00f3w o przyznanie tego presti\u017cowego wyr\u00f3\u017cnienia. Zgodnie z decyzj\u0105 komisyjnej wi\u0119kszo\u015bci pod g\u0142osowanie rajc\u00f3w na najbli\u017cszej sesji zostan\u0105 poddane nast\u0119puj\u0105ce nominacje: Iwony Rej oraz Grupy Ratowniczej Dzies\u0142aw. Ju\u017c jutro rozpatrywane b\u0119d\u0105 uchwa\u0142y w sprawie przyznania Nagrody Miasta i Gminy \u015acinawa 2024, natomiast wyr\u00f3\u017cnienie zostanie wr\u0119czone w niedziel\u0119 2 czerwca, podczas obchod\u00f3w Dni \u015acinawy.<\/strong><\/p>\n<p align=\"justify\">\u2013 Uwa\u017cam, \u017ce samo zg\u0142oszenie danej organizacji, czy osoby jest ju\u017c du\u017cym wyr\u00f3\u017cnieniem, potwierdza bowiem, \u017ce s\u0105 one zauwa\u017cane i doceniane przez lokaln\u0105 spo\u0142eczno\u015b\u0107. Jako jeden z uprawnionych wed\u0142ug statuty do zg\u0142oszenia kandydatury, z\u0142o\u017cy\u0142em wniosek o przyznanie tegorocznej nagrody Alicji Moskal, kt\u00f3ra od lat anga\u017cuje si\u0119 w akcje charytatywne, nigdy biernie si\u0119 nie przygl\u0105da, jak inni pracuj\u0105, sama zakasuje r\u0119kawy i dzia\u0142a. Alicja organizuje festyny, koncerty, wydarzenia sportowe, zbi\u00f3rki dla ubogich i chorych, a tak\u017ce dla bezdomnych zwierz\u0105t. Kilka miesi\u0119cy temu zosta\u0142a doceniona i zauwa\u017cona poza nasz\u0105 gmin\u0105 otrzymuj\u0105c tytu\u0142 Wolontariusza Roku Powiatu Lubi\u0144skiego \u2013 m\u00f3wi burmistrz \u015acinawy Krystian Koszty\u0142a.<\/p>\n<p align=\"justify\">Pozosta\u0142e, opr\u00f3cz Alicji Moskal kandydatury to:<\/p>\n<p align=\"justify\">\u2022 Stowarzyszenie LKS \u201eSparta\u201d Parszowice \u2013 klub funkcjonuje od 2023 r. i zosta\u0142 za\u0142o\u017cony z inicjatywy mieszka\u0144c\u00f3w. Obecnie Sparta rywalizuje w A-klasie i jest liderem rozgrywek. Klub regularnie dostarcza pozytywnych emocji i integruje lokaln\u0105 spo\u0142eczno\u015b\u0107, promuje sport oraz aktywny wypoczynek. Klub zosta\u0142 wskazany przez Mieszka\u0144c\u00f3w Miasta i Gminy \u015acinawa.<\/p>\n<p align=\"justify\">\u2022 Iwona Rej \u2013 dyrektor rodzinnego domu dziecka w Przychowej. Plac\u00f3wk\u0105, kt\u00f3r\u0105 Pani Iwona za\u0142o\u017cy\u0142a dzia\u0142a od 2016 roku, a kobieta o wielkim sercu stara si\u0119, by trafiaj\u0105ce pod jej dach dzieci odzyska\u0142y poczucie bezpiecze\u0144stwa, wiar\u0119 w mi\u0142o\u015b\u0107 rodzicielsk\u0105, a na ich buziach zn\u00f3w pojawi\u0142y si\u0119 u\u015bmiechy. Obecnie w rodzinnym domu dziecka mieszka trzyna\u015bcioro dzieci, w tym troje niemowl\u0105t. Pani\u0105 Iwon\u0119 Rej wskaza\u0142 przewodnicz\u0105cy Rady Miejskiej w \u015acinawie.<\/p>\n<p align=\"justify\">\u2022 Stowarzyszenie Os\u00f3b z Pozytywn\u0105 Energi\u0105 \u015acinawska Grupa Nordic Walking \u2013 mieszka\u0144cy, kt\u00f3rzy od wielu lat promuj\u0105 aktywno\u015b\u0107 fizyczn\u0105, zdrowy tryb i pozytywne nastawienie do \u017cycia, integruj\u0105c mieszka\u0144c\u00f3w. S\u0105 otwarci na ka\u017cdego, kto chce dobrze si\u0119 bawi\u0107 i potrzebuje dobrego towarzystwa. Pasj\u0105 do sportu stowarzyszenie zara\u017ca r\u00f3wnie\u017c senior\u00f3w oraz osoby z niepe\u0142nosprawno\u015bciami. W naszym mie\u015bcie zorganizowali, czy te\u017c wsp\u00f3\u0142organizowali nie jedne ponadregionalne zawody, kt\u00f3rych przyk\u0142adem s\u0105: Walentynkowe Mistrzostwa Nordik Walking, czy ostatnio Dolno\u015bl\u0105ski Festiwal Nordik Walking, kt\u00f3ry odby\u0142 si\u0119 w \u015acinawie w sierpniu minionego roku. Grupa anga\u017cuje si\u0119 r\u00f3wnie\u017c w pomoc charytatywn\u0105, a jej imprezy s\u0105 zawsze wzorowo przygotowane. Kandydatur\u0119 wskaza\u0142o Stowarzyszenie Aktywnie dla Gminy \u015acinawa.<\/p>\n<p align=\"justify\">\u2022 Ryszard Kogut \u2013 wieloletni cz\u0142onek i by\u0142y prezes (obecnie wiceprezes) Ko\u0142a nr 33 \u015acinawa Polskiego Zwi\u0105zku W\u0119dkarskiego. Ryszard Kogut to by\u0142y nauczyciel, wychowawca m\u0142odzie\u017cy, trener pi\u0142ki no\u017cnej. Odbierany jest jako osoba o wielkim sercu, \u015bcinawianin, kt\u00f3ry reprezentuje gmin\u0119 i aktywnie uczestniczy we wszelkich przedsi\u0119wzi\u0119ciach dla lokalnej spo\u0142eczno\u015bci. Ryszarda Koguta zg\u0142osi\u0142 prezes Ko\u0142a nr 33 \u015acinawa Polskiego Zwi\u0105zku W\u0119dkarskiego.<\/p>\n<p align=\"justify\">\u2022 Grupa Ratownicza Dzies\u0142aw \u2013 wykwalifikowani i wyszkoleni ratownicy z Dzies\u0142awia uczestnicz\u0105 w akcjach poszukiwawczych i dzia\u0142aniach pomocowych na terenie Dolnego \u015al\u0105ska. Integruj\u0105 lokaln\u0105 spo\u0142eczno\u015b\u0107, edukuj\u0105 w zakresie pierwszej pomocy, pomagaj\u0105 osobom starszym, maj\u0105cym problemy z poruszaniem si\u0119, kt\u00f3rym organizuj\u0105 transport. Kandydatur\u0119 wskazali Mieszka\u0144cy Miasta i Gminy \u015acinawa.<\/p>\n","protected":false},"excerpt":{"rendered":"<p>Powo\u0142ana przez radnych Rady Miejskiej w \u015acinawie Komisja Nominacyjna przeanalizowa\u0142a kandydatury zg\u0142oszone do Nagrody Miasta i Gminy \u015acinawa. \u0141\u0105cznie w<\/p>\n","protected":false},"author":3,"featured_media":31375,"comment_status":"open","ping_status":"open","sticky":false,"template":"","format":"standard","meta":{"ngg_post_thumbnail":0},"categories":[12,3],"tags":[],"_links":{"self":[{"href":"https:\/\/scinawa.pl\/index.php\/wp-json\/wp\/v2\/posts\/31370"}],"collection":[{"href":"https:\/\/scinawa.pl\/index.php\/wp-json\/wp\/v2\/posts"}],"about":[{"href":"https:\/\/scinawa.pl\/index.php\/wp-json\/wp\/v2\/types\/post"}],"author":[{"embeddable":true,"href":"https:\/\/scinawa.pl\/index.php\/wp-json\/wp\/v2\/users\/3"}],"replies":[{"embeddable":true,"href":"https:\/\/scinawa.pl\/index.php\/wp-json\/wp\/v2\/comments?post=31370"}],"version-history":[{"count":4,"href":"https:\/\/scinawa.pl\/index.php\/wp-json\/wp\/v2\/posts\/31370\/revisions"}],"predecessor-version":[{"id":31377,"href":"https:\/\/scinawa.pl\/index.php\/wp-json\/wp\/v2\/posts\/31370\/revisions\/31377"}],"wp:featuredmedia":[{"embeddable":true,"href":"https:\/\/scinawa.pl\/index.php\/wp-json\/wp\/v2\/media\/31375"}],"wp:attachment":[{"href":"https:\/\/scinawa.pl\/index.php\/wp-json\/wp\/v2\/media?parent=31370"}],"wp:term":[{"taxonomy":"category","embeddable":true,"href":"https:\/\/scinawa.pl\/index.php\/wp-json\/wp\/v2\/categories?post=31370"},{"taxonomy":"post_tag","embeddable":true,"href":"https:\/\/scinawa.pl\/index.php\/wp-json\/wp\/v2\/tags?post=31370"}],"curies":[{"name":"wp","href":"https:\/\/api.w.org\/{rel}","templated":true}]}}