{"id":31328,"date":"2024-05-31T11:00:46","date_gmt":"2024-05-31T09:00:46","guid":{"rendered":"https:\/\/scinawa.pl\/?p=31328"},"modified":"2024-05-31T11:51:04","modified_gmt":"2024-05-31T09:51:04","slug":"zapraszamy-na-dni-scinawy","status":"publish","type":"post","link":"https:\/\/scinawa.pl\/index.php\/2024\/05\/31\/zapraszamy-na-dni-scinawy\/","title":{"rendered":"Zapraszamy na Dni \u015acinawy!"},"content":{"rendered":"<p align=\"justify\"><strong>Przypominamy, \u017ce najbli\u017cszy weekend w naszej gminie up\u0142ynie pod znakiem dobrej zabawy. Centrum Kultury i Biblioteki w \u015acinawie zorganizuje \u015bwi\u0119to miasta, tradycyjnie po\u0142\u0105czone z Dniem Dziecka. Dni \u015acinawy wracaj\u0105 nad Odr\u0119, do pi\u0119knego portu, kt\u00f3ry po przebudowie zyska\u0142 ca\u0142kiem nowe oblicze i mo\u017cliwo\u015bci. To wa\u017cne wydarzenia b\u0119d\u0105 mia\u0142y nale\u017cyt\u0105 opraw\u0119, a swoimi wyst\u0119pami u\u015bwietni\u0105 je prawdziwe gwiazdy \u2013 z Kamilem Bednarkiem na czele. Zaczynamy ju\u017c jutro!<\/strong><\/p>\n<p align=\"justify\">1 czerwca (sobota)<br \/>\nDni \u015acinawy rozpocznie blok atrakcji przeznaczonych dla najm\u0142odszych, nieprzypadkowo, bo przecie\u017c 1 czerwca obchodzimy ich \u015bwi\u0119to. Niezawodni i do\u015bwiadczeni animatorzy zorganizuj\u0105 zabawy oraz konkursy z nagrodami. Pozosta\u0142\u0105 energi\u0119 dzieci spo\u017cytkuj\u0105 na dmuchanym placu zabaw, kt\u00f3ry zostanie oddany im do zabawy ca\u0142kowicie bezp\u0142atnie!<br \/>\nMuzyczn\u0105 cz\u0119\u015b\u0107 imprezy rozpoczn\u0105 soli\u015bci z zespo\u0142u \u201eBez nazwy\u201d, a po nich nieprzeci\u0119tne umiej\u0119tno\u015bci zaprezentuj\u0105 tancerze ze \u201eStudia Balans\u201d. Uczniowie klasy 3 ze Szko\u0142y Podstawowej w Tymowej przygotowali kolejny wyst\u0119p wokalny, a po nich na scenie zamelduj\u0105 si\u0119 koledzy i kole\u017canki ze \u015acinawy. Pouczaj\u0105c\u0105, \u201eZdrow\u0105 bajk\u0119 o Czerwonym Kapturku\u201d zaproponuje grupa teatralna \u201eZaczarowana Kurtyna\u201d, kt\u00f3ra dzia\u0142a przy CKiB, a sztuczkami oczaruje publiczno\u015b\u0107 iluzjonista Pawe\u0142 Kwiecie\u0144.<br \/>\nPunktem kulminacyjnym dla pierwszego dnia b\u0119dzie 3. edycja \u201eNocy Klubowej Odra Dance Event\u201d, podczas kt\u00f3rej zaprezentuj\u0105 si\u0119 arty\u015bci doskonale znani fanom gatunk\u00f3w muzyki elektronicznej: Xeron Thant, Thomas Clarx, Alex McFeanly, Leon, Vnalogic oraz Damian Sk\u00f3ra.<\/p>\n<p align=\"justify\">2 czerwca (niedziela)<br \/>\nDrugi dzie\u0144 rozpoczniemy sportowym akcentem, bo \u015bciga\u0107 si\u0119 b\u0119d\u0105 m\u0142odzi cykli\u015bci w ramach Ligi Szk\u00f3\u0142ek Kolarskich.<\/p>\n<p><a href=\"http:\/\/scinawa.pl\/wp-content\/uploads\/2024\/05\/plakak-liga-szkolek-2024_.jpg\"><img decoding=\"async\" loading=\"lazy\" class=\"aligncenter size-full wp-image-31399\" src=\"http:\/\/scinawa.pl\/wp-content\/uploads\/2024\/05\/plakak-liga-szkolek-2024_.jpg\" alt=\"\" width=\"759\" height=\"1024\" srcset=\"https:\/\/scinawa.pl\/wp-content\/uploads\/2024\/05\/plakak-liga-szkolek-2024_.jpg 759w, https:\/\/scinawa.pl\/wp-content\/uploads\/2024\/05\/plakak-liga-szkolek-2024_-222x300.jpg 222w, https:\/\/scinawa.pl\/wp-content\/uploads\/2024\/05\/plakak-liga-szkolek-2024_-18x24.jpg 18w, https:\/\/scinawa.pl\/wp-content\/uploads\/2024\/05\/plakak-liga-szkolek-2024_-27x36.jpg 27w, https:\/\/scinawa.pl\/wp-content\/uploads\/2024\/05\/plakak-liga-szkolek-2024_-36x48.jpg 36w\" sizes=\"(max-width: 759px) 100vw, 759px\" \/><\/a><\/p>\n<p>Tradycyjnie przed publiczno\u015bci\u0105 w rodzinnej \u015acinawie zaprezentuje si\u0119 Dawid Kr\u0119\u017cel \u2013 zdolny muzyk, uczestnik wielkiego fina\u0142u \u201eSzansy na Sukces\u201d. O rockowe brzmienia zadba do\u015bwiadczony zesp\u00f3\u0142 \u201eNadmiar\u201d, kt\u00f3rego wokalista Damian Michalski, o charakterystycznym g\u0142osie, bra\u0142 udzia\u0142 w 5. edycji\u2013 bra\u0142 udzia\u0142 w The Voice of Poland. \u201eCosmos\u201d to formacja, kt\u00f3ra jest autorem hitu: \u201eDroga Pani, ale pani pachnie\u201d z 10-milionowym wynikiem odtworze\u0144 w serwisie YouTube. W \u015bwiat tw\u00f3rczo\u015bci Kory Jackowskiej zabiorze nas zesp\u00f3\u0142 \u201eRaz 2 tribute by Maanam\u201d. Natomiast o godzinie 20:45 wr\u0119czona zostanie Nagroda Miasta i Gminy \u015acinawa.<br \/>\nWreszcie na scenie pojawi si\u0119 wyczekiwany Kamil Bednarek. &#8222;Chwile jak Te\u201d, to jeden z najpopularniejszych utwor\u00f3w w dorobku artysty, chocia\u017c hit\u00f3w jest naprawd\u0119 wiele i ci\u0119\u017cko wymieni\u0107 wszystkie. Ale odwo\u0142uj\u0105c si\u0119 w\u0142a\u015bnie do tekstu tej piosenki: Takie chwile jak Te, nie zdarzaj\u0105 si\u0119 zbyt cz\u0119sto(\u2026)\u201d &#8211; to nie mo\u017ce Pa\u0144stwa zabrakn\u0105\u0107 na Dniach \u015acinawy, zapraszamy!<\/p>\n<p align=\"justify\">Wi\u0119cej informacji o imprezie, a tak\u017ce artystach, kt\u00f3rzy pojawi\u0105 si\u0119 na scenie w \u015bcinawskim porcie, dost\u0119pne na profilu facebookowym organizatora Centrum Kultury i Biblioteki w \u015acinawie: <a href=\"https:\/\/www.facebook.com\/CKiBScinawa\">https:\/\/www.facebook.com\/CKiBScinawa<\/a>.<\/p>\n<p align=\"justify\"><a href=\"http:\/\/scinawa.pl\/wp-content\/uploads\/2024\/05\/444789942_847693114066593_5077532389110761966_n.jpg\"><img decoding=\"async\" loading=\"lazy\" class=\"aligncenter size-full wp-image-31329\" src=\"http:\/\/scinawa.pl\/wp-content\/uploads\/2024\/05\/444789942_847693114066593_5077532389110761966_n.jpg\" alt=\"\" width=\"1424\" height=\"2048\" srcset=\"https:\/\/scinawa.pl\/wp-content\/uploads\/2024\/05\/444789942_847693114066593_5077532389110761966_n.jpg 1424w, https:\/\/scinawa.pl\/wp-content\/uploads\/2024\/05\/444789942_847693114066593_5077532389110761966_n-209x300.jpg 209w, https:\/\/scinawa.pl\/wp-content\/uploads\/2024\/05\/444789942_847693114066593_5077532389110761966_n-712x1024.jpg 712w, https:\/\/scinawa.pl\/wp-content\/uploads\/2024\/05\/444789942_847693114066593_5077532389110761966_n-768x1105.jpg 768w, https:\/\/scinawa.pl\/wp-content\/uploads\/2024\/05\/444789942_847693114066593_5077532389110761966_n-1068x1536.jpg 1068w, https:\/\/scinawa.pl\/wp-content\/uploads\/2024\/05\/444789942_847693114066593_5077532389110761966_n-17x24.jpg 17w, https:\/\/scinawa.pl\/wp-content\/uploads\/2024\/05\/444789942_847693114066593_5077532389110761966_n-25x36.jpg 25w, https:\/\/scinawa.pl\/wp-content\/uploads\/2024\/05\/444789942_847693114066593_5077532389110761966_n-33x48.jpg 33w\" sizes=\"(max-width: 1424px) 100vw, 1424px\" \/><\/a><\/p>\n","protected":false},"excerpt":{"rendered":"<p>Przypominamy, \u017ce najbli\u017cszy weekend w naszej gminie up\u0142ynie pod znakiem dobrej zabawy. Centrum Kultury i Biblioteki w \u015acinawie zorganizuje \u015bwi\u0119to<\/p>\n","protected":false},"author":3,"featured_media":31330,"comment_status":"open","ping_status":"open","sticky":false,"template":"","format":"standard","meta":{"ngg_post_thumbnail":0},"categories":[12,3],"tags":[],"_links":{"self":[{"href":"https:\/\/scinawa.pl\/index.php\/wp-json\/wp\/v2\/posts\/31328"}],"collection":[{"href":"https:\/\/scinawa.pl\/index.php\/wp-json\/wp\/v2\/posts"}],"about":[{"href":"https:\/\/scinawa.pl\/index.php\/wp-json\/wp\/v2\/types\/post"}],"author":[{"embeddable":true,"href":"https:\/\/scinawa.pl\/index.php\/wp-json\/wp\/v2\/users\/3"}],"replies":[{"embeddable":true,"href":"https:\/\/scinawa.pl\/index.php\/wp-json\/wp\/v2\/comments?post=31328"}],"version-history":[{"count":6,"href":"https:\/\/scinawa.pl\/index.php\/wp-json\/wp\/v2\/posts\/31328\/revisions"}],"predecessor-version":[{"id":31400,"href":"https:\/\/scinawa.pl\/index.php\/wp-json\/wp\/v2\/posts\/31328\/revisions\/31400"}],"wp:featuredmedia":[{"embeddable":true,"href":"https:\/\/scinawa.pl\/index.php\/wp-json\/wp\/v2\/media\/31330"}],"wp:attachment":[{"href":"https:\/\/scinawa.pl\/index.php\/wp-json\/wp\/v2\/media?parent=31328"}],"wp:term":[{"taxonomy":"category","embeddable":true,"href":"https:\/\/scinawa.pl\/index.php\/wp-json\/wp\/v2\/categories?post=31328"},{"taxonomy":"post_tag","embeddable":true,"href":"https:\/\/scinawa.pl\/index.php\/wp-json\/wp\/v2\/tags?post=31328"}],"curies":[{"name":"wp","href":"https:\/\/api.w.org\/{rel}","templated":true}]}}