{"id":31317,"date":"2024-05-17T11:26:08","date_gmt":"2024-05-17T09:26:08","guid":{"rendered":"https:\/\/scinawa.pl\/?p=31317"},"modified":"2024-05-17T13:27:35","modified_gmt":"2024-05-17T11:27:35","slug":"przyjmowanie-kandydatur-do-nagrody-miasta-i-gminy-scinawa-2","status":"publish","type":"post","link":"https:\/\/scinawa.pl\/index.php\/2024\/05\/17\/przyjmowanie-kandydatur-do-nagrody-miasta-i-gminy-scinawa-2\/","title":{"rendered":"Przyjmowanie kandydatur do Nagrody Miasta i Gminy \u015acinawa"},"content":{"rendered":"<p align=\"justify\"><strong>Na ostatniej sesji Rady Miejskiej przyj\u0119to uchwa\u0142\u0119 w sprawie wyboru Komisji Nominacyjnej, powo\u0142ywanej w celu opiniowania wniosk\u00f3w o przyznanie Nagrody Miasta i Gminy \u015acinawa. <\/strong><strong>Na pierwszym posiedzeniu w\/w komisji wybrano przewodnicz\u0105cego \u2013 radn\u0105 Ew\u0119 Moroch-Haschke. Termin sk\u0142adania wniosk\u00f3w o przyznanie Nagrody Miasta i Gminy \u015acinawa wraz z uzasadnieniem up\u0142ywa w pi\u0105tek, 24 maja. Dokumenty nale\u017cy sk\u0142ada\u0107 w sekretariacie \u015bcinawskiego urz\u0119du (biuro nr 11).<\/strong><\/p>\n<p align=\"justify\">Nagroda zostanie wr\u0119czona podczas Dni \u015acinawy, kt\u00f3re odb\u0119d\u0105 si\u0119 w dniach 1-2 czerwca br.<br \/>\nZgodnie ze statutem miasta nagrod\u0119 przyznaje uchwa\u0142\u0105 Rada Miejska w \u015acinawie na wniosek Komisji Nominacyjnej.<\/p>\n<p align=\"justify\">Uprawnionymi do sk\u0142adania wniosk\u00f3w z uzasadnieniem s\u0105:<br \/>\n\u2013 przewodnicz\u0105cy \u015bcinawskiej rady miejskiej,<br \/>\n\u2013 komisje rady,<br \/>\n\u2013 burmistrz \u015acinawy,<br \/>\n\u2013 organizacje i zak\u0142ady pracy dzia\u0142aj\u0105ce na terenie miasta i gminy,<br \/>\n\u2013 mieszka\u0144cy miasta i gminy \u015acinawa w liczbie co najmniej 25 os\u00f3b posiadaj\u0105cych pe\u0142n\u0105 zdolno\u015b\u0107 do czynno\u015bci prawnych.<\/p>\n<p align=\"justify\">Dotychczasowymi laureatami tego wyr\u00f3\u017cnienia byli:<br \/>\n2004 r. siostra Ancilla \u2013 Teresa Brze\u0144ska, ksi\u0105dz Pra\u0142at Bogdan Kaczorowski oraz Zesp\u00f3\u0142 Folklorystyczny Ziemi \u015acinawskiej;<br \/>\n2005 r. Zwi\u0105zek Sybirak\u00f3w w \u015acinawie oraz Lidia Stembalska;<br \/>\n2006 r. Jan Sidorowicz;<br \/>\n2007 r. Walenty Palica;<br \/>\n2008 r. Klub Karate Goju Ryu;<br \/>\n2009 r. Stowarzyszenie \u201eAktywny Dziewin\u201d;<br \/>\n2010 r. Mieczys\u0142aw Kra\u015bnia\u0144ski;<br \/>\n2011 r. Dariusz \u0141ach;<br \/>\n2012 r. Stowarzyszenie \u201eR\u00f3wne Szanse\u201d w \u015acinawie;<br \/>\n2013 r. Klub Sportowy \u201eStart\u201d \u015acinawa;<br \/>\n2014 r. Artur Trubicki;<br \/>\n2015 r. Kazimierz Makuchowski;<br \/>\n2016 r. Miejski Klub Sportowy \u201eODRA\u201d \u015acinawa;<br \/>\n2017 r. Ochotnicza Stra\u017c Po\u017carna w \u015acinawie;<br \/>\n2018 r. Henryk Smelkowski;<br \/>\n2019 r. Ewa Soli\u0144ska;<br \/>\n2022 r. Dorota Gi\u017cewska;<br \/>\n2023 r. Janina Kras, Beata Wolniczak, ksi\u0105dz Zbigniew Bu\u0142a.<\/p>\n<p><a href=\"http:\/\/scinawa.pl\/wp-content\/uploads\/2024\/05\/KOMUNIKAT-Komisji-Nominacyjnej.pdf\">KOMUNIKAT Komisji Nominacyjnej<\/a>.<\/p>\n","protected":false},"excerpt":{"rendered":"<p>Na ostatniej sesji Rady Miejskiej przyj\u0119to uchwa\u0142\u0119 w sprawie wyboru Komisji Nominacyjnej, powo\u0142ywanej w celu opiniowania wniosk\u00f3w o przyznanie Nagrody<\/p>\n","protected":false},"author":3,"featured_media":31010,"comment_status":"open","ping_status":"open","sticky":false,"template":"","format":"standard","meta":{"ngg_post_thumbnail":0},"categories":[12,3],"tags":[],"_links":{"self":[{"href":"https:\/\/scinawa.pl\/index.php\/wp-json\/wp\/v2\/posts\/31317"}],"collection":[{"href":"https:\/\/scinawa.pl\/index.php\/wp-json\/wp\/v2\/posts"}],"about":[{"href":"https:\/\/scinawa.pl\/index.php\/wp-json\/wp\/v2\/types\/post"}],"author":[{"embeddable":true,"href":"https:\/\/scinawa.pl\/index.php\/wp-json\/wp\/v2\/users\/3"}],"replies":[{"embeddable":true,"href":"https:\/\/scinawa.pl\/index.php\/wp-json\/wp\/v2\/comments?post=31317"}],"version-history":[{"count":2,"href":"https:\/\/scinawa.pl\/index.php\/wp-json\/wp\/v2\/posts\/31317\/revisions"}],"predecessor-version":[{"id":31320,"href":"https:\/\/scinawa.pl\/index.php\/wp-json\/wp\/v2\/posts\/31317\/revisions\/31320"}],"wp:featuredmedia":[{"embeddable":true,"href":"https:\/\/scinawa.pl\/index.php\/wp-json\/wp\/v2\/media\/31010"}],"wp:attachment":[{"href":"https:\/\/scinawa.pl\/index.php\/wp-json\/wp\/v2\/media?parent=31317"}],"wp:term":[{"taxonomy":"category","embeddable":true,"href":"https:\/\/scinawa.pl\/index.php\/wp-json\/wp\/v2\/categories?post=31317"},{"taxonomy":"post_tag","embeddable":true,"href":"https:\/\/scinawa.pl\/index.php\/wp-json\/wp\/v2\/tags?post=31317"}],"curies":[{"name":"wp","href":"https:\/\/api.w.org\/{rel}","templated":true}]}}