{"id":31244,"date":"2024-05-07T14:50:29","date_gmt":"2024-05-07T12:50:29","guid":{"rendered":"https:\/\/scinawa.pl\/?p=31244"},"modified":"2024-05-07T14:50:29","modified_gmt":"2024-05-07T12:50:29","slug":"gmina-scinawa-najlepsza-na-dolnym-slasku","status":"publish","type":"post","link":"https:\/\/scinawa.pl\/index.php\/2024\/05\/07\/gmina-scinawa-najlepsza-na-dolnym-slasku\/","title":{"rendered":"Gmina \u015acinawa najlepsza na Dolnym \u015al\u0105sku!"},"content":{"rendered":"<p align=\"justify\"><strong>23 kwietnia br. zosta\u0142y og\u0142oszone wyniki najnowszej edycji Rankingu Zr\u00f3wnowa\u017conego Rozwoju Jednostek Samorz\u0105du Terytorialnego, kt\u00f3rego partnerem od wielu lat jest Fundacja Polskiego God\u0142a Promocyjnego. Zestawienie przygotowano w oparciu o analiz\u0119 wska\u017anik\u00f3w obejmuj\u0105cych trzy obszary: gospodarczy, spo\u0142eczny i ochrony \u015brodowiska. Jest nam mi\u0142o zakomunikowa\u0107, \u017ce w skali kraju \u015acinawa zaj\u0119\u0142a wysok\u0105 \u2013 10. pozycj\u0119 w kategorii gmin miejsko-wiejskich, nasz samorz\u0105d jednocze\u015bnie okaza\u0142 si\u0119 najlepszy w tym zestawieniu na terenie wojew\u00f3dztwa dolno\u015bl\u0105skiego!<\/strong><\/p>\n<p align=\"justify\">Ranking Zr\u00f3wnowa\u017conego Rozwoju JST jest opracowywany pod kierunkiem prof. Eugeniusza Sobczaka. Powstaje w oparciu o analiz\u0119 16 wska\u017anik\u00f3w GUS, obejmuj\u0105cych trzy obszary rozwoju: gospodarczy, spo\u0142eczny i ochrony \u015brodowiska. Ranking uwzgl\u0119dnia wszystkie polskie miasta i gminy. Materia\u0142em \u017ar\u00f3d\u0142owym s\u0105 niezale\u017cne dane G\u0142\u00f3wnego Urz\u0119du Statystycznego. Wyniki rankingu odzwierciedlaj\u0105, w spos\u00f3b wiarygodny i przekrojowy, rozw\u00f3j polskich jednostek samorz\u0105du lokalnego i wskazuj\u0105 lider\u00f3w w podziale na gminy wiejskie, miejsko-wiejskie, miejskie oraz miasta na prawach powiatu.<br \/>\nOrganizatorami Konferencji, podczas kt\u00f3rej og\u0142oszono wyniki rankingu by\u0142y: Sejmowa Komisja Samorz\u0105du Terytorialnego i Polityki Regionalnej, Wydzia\u0142 Zarz\u0105dzania Politechniki Warszawskiej i Fundacja Polskiego God\u0142a Promocyjnego.<\/p>\n<p align=\"justify\"><a href=\"http:\/\/scinawa.pl\/wp-content\/uploads\/2024\/05\/sharpscinawa.pl_20240506_120803_page-0001.jpg\"><img decoding=\"async\" loading=\"lazy\" class=\"aligncenter size-full wp-image-31245\" src=\"http:\/\/scinawa.pl\/wp-content\/uploads\/2024\/05\/sharpscinawa.pl_20240506_120803_page-0001.jpg\" alt=\"\" width=\"1240\" height=\"1754\" srcset=\"https:\/\/scinawa.pl\/wp-content\/uploads\/2024\/05\/sharpscinawa.pl_20240506_120803_page-0001.jpg 1240w, https:\/\/scinawa.pl\/wp-content\/uploads\/2024\/05\/sharpscinawa.pl_20240506_120803_page-0001-212x300.jpg 212w, https:\/\/scinawa.pl\/wp-content\/uploads\/2024\/05\/sharpscinawa.pl_20240506_120803_page-0001-724x1024.jpg 724w, https:\/\/scinawa.pl\/wp-content\/uploads\/2024\/05\/sharpscinawa.pl_20240506_120803_page-0001-768x1086.jpg 768w, https:\/\/scinawa.pl\/wp-content\/uploads\/2024\/05\/sharpscinawa.pl_20240506_120803_page-0001-1086x1536.jpg 1086w, https:\/\/scinawa.pl\/wp-content\/uploads\/2024\/05\/sharpscinawa.pl_20240506_120803_page-0001-17x24.jpg 17w, https:\/\/scinawa.pl\/wp-content\/uploads\/2024\/05\/sharpscinawa.pl_20240506_120803_page-0001-25x36.jpg 25w, https:\/\/scinawa.pl\/wp-content\/uploads\/2024\/05\/sharpscinawa.pl_20240506_120803_page-0001-34x48.jpg 34w\" sizes=\"(max-width: 1240px) 100vw, 1240px\" \/><\/a>W kategorii gmin miejsko-wiejskich, w kt\u00f3rej zosta\u0142a wyr\u00f3\u017cniona \u015acinawa zwyci\u0119\u017cy\u0142 Dziwn\u00f3w.<\/p>\n<p><a href=\"http:\/\/scinawa.pl\/wp-content\/uploads\/2024\/05\/cats.jpg\"><img decoding=\"async\" loading=\"lazy\" class=\"aligncenter size-full wp-image-31246\" src=\"http:\/\/scinawa.pl\/wp-content\/uploads\/2024\/05\/cats.jpg\" alt=\"\" width=\"1295\" height=\"885\" srcset=\"https:\/\/scinawa.pl\/wp-content\/uploads\/2024\/05\/cats.jpg 1295w, https:\/\/scinawa.pl\/wp-content\/uploads\/2024\/05\/cats-300x205.jpg 300w, https:\/\/scinawa.pl\/wp-content\/uploads\/2024\/05\/cats-1024x700.jpg 1024w, https:\/\/scinawa.pl\/wp-content\/uploads\/2024\/05\/cats-768x525.jpg 768w, https:\/\/scinawa.pl\/wp-content\/uploads\/2024\/05\/cats-130x90.jpg 130w, https:\/\/scinawa.pl\/wp-content\/uploads\/2024\/05\/cats-24x16.jpg 24w, https:\/\/scinawa.pl\/wp-content\/uploads\/2024\/05\/cats-36x25.jpg 36w, https:\/\/scinawa.pl\/wp-content\/uploads\/2024\/05\/cats-48x33.jpg 48w\" sizes=\"(max-width: 1295px) 100vw, 1295px\" \/><\/a><\/p>\n","protected":false},"excerpt":{"rendered":"<p>23 kwietnia br. zosta\u0142y og\u0142oszone wyniki najnowszej edycji Rankingu Zr\u00f3wnowa\u017conego Rozwoju Jednostek Samorz\u0105du Terytorialnego, kt\u00f3rego partnerem od wielu lat jest<\/p>\n","protected":false},"author":3,"featured_media":31247,"comment_status":"open","ping_status":"open","sticky":false,"template":"","format":"standard","meta":{"ngg_post_thumbnail":0},"categories":[12,3],"tags":[],"_links":{"self":[{"href":"https:\/\/scinawa.pl\/index.php\/wp-json\/wp\/v2\/posts\/31244"}],"collection":[{"href":"https:\/\/scinawa.pl\/index.php\/wp-json\/wp\/v2\/posts"}],"about":[{"href":"https:\/\/scinawa.pl\/index.php\/wp-json\/wp\/v2\/types\/post"}],"author":[{"embeddable":true,"href":"https:\/\/scinawa.pl\/index.php\/wp-json\/wp\/v2\/users\/3"}],"replies":[{"embeddable":true,"href":"https:\/\/scinawa.pl\/index.php\/wp-json\/wp\/v2\/comments?post=31244"}],"version-history":[{"count":1,"href":"https:\/\/scinawa.pl\/index.php\/wp-json\/wp\/v2\/posts\/31244\/revisions"}],"predecessor-version":[{"id":31248,"href":"https:\/\/scinawa.pl\/index.php\/wp-json\/wp\/v2\/posts\/31244\/revisions\/31248"}],"wp:featuredmedia":[{"embeddable":true,"href":"https:\/\/scinawa.pl\/index.php\/wp-json\/wp\/v2\/media\/31247"}],"wp:attachment":[{"href":"https:\/\/scinawa.pl\/index.php\/wp-json\/wp\/v2\/media?parent=31244"}],"wp:term":[{"taxonomy":"category","embeddable":true,"href":"https:\/\/scinawa.pl\/index.php\/wp-json\/wp\/v2\/categories?post=31244"},{"taxonomy":"post_tag","embeddable":true,"href":"https:\/\/scinawa.pl\/index.php\/wp-json\/wp\/v2\/tags?post=31244"}],"curies":[{"name":"wp","href":"https:\/\/api.w.org\/{rel}","templated":true}]}}