{"id":31214,"date":"2024-04-30T11:23:53","date_gmt":"2024-04-30T09:23:53","guid":{"rendered":"https:\/\/scinawa.pl\/?p=31214"},"modified":"2024-04-30T11:25:35","modified_gmt":"2024-04-30T09:25:35","slug":"edukuja-i-pomagaja","status":"publish","type":"post","link":"https:\/\/scinawa.pl\/index.php\/2024\/04\/30\/edukuja-i-pomagaja\/","title":{"rendered":"Edukuj\u0105 i pomagaj\u0105"},"content":{"rendered":"<p align=\"justify\"><strong>Mieszka\u0144cy gminy \u015acinawa, ucz\u0119szczaj\u0105cy obecnie do I Liceum Og\u00f3lnokszta\u0142c\u0105cego w Lubinie: Emilia Marek i Micha\u0142 Musia\u0142 z przyjaci\u00f3\u0142mi, w ramach zespo\u0142u Social Equal, zrealizowali p\u00f3\u0142roczny projekt dotycz\u0105cy edukacji i dyskryminacji os\u00f3b z niepe\u0142nosprawno\u015bciami. M\u0142odzi i wra\u017cliwi ludzie zaj\u0119li si\u0119 powa\u017cn\u0105 dla spo\u0142ecze\u0144stwa tematyk\u0105, swoje dzia\u0142ania, badania i warsztaty prowadzili w ramach Olimpiady Zwolnieni z Teorii, pozytywny wp\u0142yw ich pracy na lokaln\u0105 spo\u0142eczno\u015b\u0107 zyska\u0142 uznanie w oczach organizator\u00f3w, dlatego zostali zaproszeni na wielki fina\u0142, kt\u00f3ry zostanie zorganizowany 23 maja w Warszawie! Serdecznie gratulujemy.<\/strong><\/p>\n<p align=\"justify\">&#8211; Temat naszego projektu wymy\u015blili\u015bmy do\u015b\u0107 spontanicznie, cho\u0107 troch\u0119 pod wp\u0142ywem mojej starszej siostry Karoliny \u2013 t\u0142umaczy Micha\u0142 Musia\u0142. \u2013 Przeprowadzili\u015bmy badania, zapoznali\u015bmy si\u0119 z fachow\u0105 literatur\u0105, niestety wyniki by\u0142y do\u015b\u0107 przykre, bo jako spo\u0142ecze\u0144stwo jeste\u015bmy do\u015b\u0107 s\u0142abo wydedukowani w zakresie wsp\u00f3\u0142pracy z osobami niepe\u0142nosprawnymi, nie tylko ich nie rozumiemy, ale cz\u0119sto wr\u0119cz je hejtujemy \u2013 dodaje lider zespo\u0142u.<br \/>\nM\u0142odzi mieszka\u0144cy \u015acinawy postanowili wi\u0119c dzia\u0142a\u0107, sami przygotowali materia\u0142y i rozpocz\u0119li spotkania w szko\u0142ach, r\u00f3wnie\u017c w \u015bcinawskiej podstaw\u00f3wce. \u2013 Jeste\u015bmy zadowoleni, bo \u015bwiadomo\u015b\u0107 naszych m\u0142odszych koleg\u00f3w i kole\u017canek na temat os\u00f3b z niepe\u0142noprawno\u015bciami ros\u0142a, przychodzi\u0142y chwile refleksji i zadumy. Przy okazji odwiedzili\u015bmy O\u015brodek Szkolno-Wychowawczy w Lubinie i razem z opiekunami dzieci zauwa\u017cali\u015bmy ich pozytywne zmiany, otwieranie si\u0119 na nas i wzajemn\u0105 wsp\u00f3\u0142prac\u0119 \u2013 relacjonuje Emilia Marek.<\/p>\n<p align=\"justify\">Przyjaciele ze \u015acinawy zdradzaj\u0105, \u017ce ich nauczyciele r\u00f3wnie\u017c byli pod wra\u017ceniem tematu, kt\u00f3ry zacz\u0119li zg\u0142\u0119bia\u0107 oraz osobistego rozwoju uczni\u00f3w. Nale\u017cy bowiem podkre\u015bli\u0107, \u017ce sama Olimpiada Zwolnieni z Teorii ma nauczy\u0107 m\u0142odych ludzi zarz\u0105dza\u0107 projektami, a Emilii i Micha\u0142owi uda\u0142o si\u0119 zrealizowa\u0107 wszystkie zadania, jakie sobie za\u0142o\u017cyli, co prze\u0142o\u017cy\u0142o si\u0119 na punkty i oczywi\u015bcie drog\u0119 do wielkiego fina\u0142u w Warszawie.<\/p>\n<p>Emilia i Micha\u0142 przygotowali specjalny spot:<\/p>\n<p style=\"text-align: center;\"><iframe loading=\"lazy\" title=\"YouTube video player\" src=\"https:\/\/www.youtube.com\/embed\/3ApkFpKYXtI?si=BbjMDUl7pVoRO2Wl\" allowfullscreen=\"allowfullscreen\" width=\"560\" height=\"315\" frameborder=\"0\"><\/iframe>&nbsp;<\/p>\n<p>&nbsp;<\/p>\n","protected":false},"excerpt":{"rendered":"<p>Mieszka\u0144cy gminy \u015acinawa, ucz\u0119szczaj\u0105cy obecnie do I Liceum Og\u00f3lnokszta\u0142c\u0105cego w Lubinie: Emilia Marek i Micha\u0142 Musia\u0142 z przyjaci\u00f3\u0142mi, w ramach<\/p>\n","protected":false},"author":3,"featured_media":31215,"comment_status":"open","ping_status":"open","sticky":false,"template":"","format":"standard","meta":{"ngg_post_thumbnail":0},"categories":[12,3],"tags":[],"_links":{"self":[{"href":"https:\/\/scinawa.pl\/index.php\/wp-json\/wp\/v2\/posts\/31214"}],"collection":[{"href":"https:\/\/scinawa.pl\/index.php\/wp-json\/wp\/v2\/posts"}],"about":[{"href":"https:\/\/scinawa.pl\/index.php\/wp-json\/wp\/v2\/types\/post"}],"author":[{"embeddable":true,"href":"https:\/\/scinawa.pl\/index.php\/wp-json\/wp\/v2\/users\/3"}],"replies":[{"embeddable":true,"href":"https:\/\/scinawa.pl\/index.php\/wp-json\/wp\/v2\/comments?post=31214"}],"version-history":[{"count":2,"href":"https:\/\/scinawa.pl\/index.php\/wp-json\/wp\/v2\/posts\/31214\/revisions"}],"predecessor-version":[{"id":31217,"href":"https:\/\/scinawa.pl\/index.php\/wp-json\/wp\/v2\/posts\/31214\/revisions\/31217"}],"wp:featuredmedia":[{"embeddable":true,"href":"https:\/\/scinawa.pl\/index.php\/wp-json\/wp\/v2\/media\/31215"}],"wp:attachment":[{"href":"https:\/\/scinawa.pl\/index.php\/wp-json\/wp\/v2\/media?parent=31214"}],"wp:term":[{"taxonomy":"category","embeddable":true,"href":"https:\/\/scinawa.pl\/index.php\/wp-json\/wp\/v2\/categories?post=31214"},{"taxonomy":"post_tag","embeddable":true,"href":"https:\/\/scinawa.pl\/index.php\/wp-json\/wp\/v2\/tags?post=31214"}],"curies":[{"name":"wp","href":"https:\/\/api.w.org\/{rel}","templated":true}]}}