{"id":30974,"date":"2024-03-19T15:55:00","date_gmt":"2024-03-19T14:55:00","guid":{"rendered":"https:\/\/scinawa.pl\/?p=30974"},"modified":"2024-03-19T15:55:00","modified_gmt":"2024-03-19T14:55:00","slug":"zdecyduj-o-rozkladzie-pomieszczen-w-gminnym-zlobku","status":"publish","type":"post","link":"https:\/\/scinawa.pl\/index.php\/2024\/03\/19\/zdecyduj-o-rozkladzie-pomieszczen-w-gminnym-zlobku\/","title":{"rendered":"Zdecyduj o rozk\u0142adzie pomieszcze\u0144 w gminnym \u017c\u0142obku!"},"content":{"rendered":"<p align=\"justify\"><strong>\u015acinawski samorz\u0105d oraz Biuro Projekt\u00f3w Architektonicznych FORMAT z Leszna, opracowuj\u0105ce na zlecenie gminy dokumentacj\u0119 dla \u017c\u0142obka publicznego w \u015acinawie, zach\u0119caj\u0105 do udzia\u0142u w g\u0142osowaniu na projekt rozk\u0142adu pomieszcze\u0144 w obiekcie, kt\u00f3ry nied\u0142ugo powstanie w naszym mie\u015bcie. Nale\u017cy podkre\u015bli\u0107, \u017ce na przedmiotow\u0105 inwestycj\u0119 pozyskano ju\u017c dofinansowanie z dw\u00f3ch \u017ar\u00f3de\u0142: ponad 732 tys. z\u0142 z Ministerstwa Rodziny i Polityki Spo\u0142ecznej w ramach program Maluch+ oraz 906 tys. z\u0142 z Rz\u0105dowego Funduszu Polski \u0141ad: Program Inwestycji Strategicznych. G\u0142osy mo\u017cna oddawa\u0107 \u201elajkuj\u0105c\u201d jedn\u0105 z trzech przygotowanych propozycji, zamieszczonych jako grafiki do niniejszego postu. Uwaga: uwzgl\u0119dnione zostan\u0105 g\u0142osy (\u201elajki\u201d) oddane do najbli\u017cszego poniedzia\u0142ku, tj. do 25 marca do godziny 23:59. Zapraszamy do g\u0142osowania!<\/strong><\/p>\n<p>Aby zag\u0142osowa\u0107 kliknij i zaloguj si\u0119 na Facebooku:<br \/>\n<iframe loading=\"lazy\" style=\"border: none; overflow: hidden;\" src=\"https:\/\/www.facebook.com\/plugins\/post.php?href=https%3A%2F%2Fwww.facebook.com%2Fgminascinawa%2Fposts%2Fpfbid02E43MesB7ZfYFYbW7sBBMJM9TELRMNqmm5Nf1V6MzsvxM3hmA5RTsJMLfmN1PvR1Sl&amp;show_text=true&amp;width=500\" scrolling=\"no\" allowfullscreen=\"allowfullscreen\" width=\"500\" height=\"787\" frameborder=\"0\"><\/iframe><\/p>\n","protected":false},"excerpt":{"rendered":"<p>\u015acinawski samorz\u0105d oraz Biuro Projekt\u00f3w Architektonicznych FORMAT z Leszna, opracowuj\u0105ce na zlecenie gminy dokumentacj\u0119 dla \u017c\u0142obka publicznego w \u015acinawie, zach\u0119caj\u0105<\/p>\n","protected":false},"author":3,"featured_media":30975,"comment_status":"open","ping_status":"open","sticky":false,"template":"","format":"standard","meta":{"ngg_post_thumbnail":0},"categories":[12],"tags":[],"_links":{"self":[{"href":"https:\/\/scinawa.pl\/index.php\/wp-json\/wp\/v2\/posts\/30974"}],"collection":[{"href":"https:\/\/scinawa.pl\/index.php\/wp-json\/wp\/v2\/posts"}],"about":[{"href":"https:\/\/scinawa.pl\/index.php\/wp-json\/wp\/v2\/types\/post"}],"author":[{"embeddable":true,"href":"https:\/\/scinawa.pl\/index.php\/wp-json\/wp\/v2\/users\/3"}],"replies":[{"embeddable":true,"href":"https:\/\/scinawa.pl\/index.php\/wp-json\/wp\/v2\/comments?post=30974"}],"version-history":[{"count":1,"href":"https:\/\/scinawa.pl\/index.php\/wp-json\/wp\/v2\/posts\/30974\/revisions"}],"predecessor-version":[{"id":30976,"href":"https:\/\/scinawa.pl\/index.php\/wp-json\/wp\/v2\/posts\/30974\/revisions\/30976"}],"wp:featuredmedia":[{"embeddable":true,"href":"https:\/\/scinawa.pl\/index.php\/wp-json\/wp\/v2\/media\/30975"}],"wp:attachment":[{"href":"https:\/\/scinawa.pl\/index.php\/wp-json\/wp\/v2\/media?parent=30974"}],"wp:term":[{"taxonomy":"category","embeddable":true,"href":"https:\/\/scinawa.pl\/index.php\/wp-json\/wp\/v2\/categories?post=30974"},{"taxonomy":"post_tag","embeddable":true,"href":"https:\/\/scinawa.pl\/index.php\/wp-json\/wp\/v2\/tags?post=30974"}],"curies":[{"name":"wp","href":"https:\/\/api.w.org\/{rel}","templated":true}]}}