{"id":30877,"date":"2024-02-28T13:12:56","date_gmt":"2024-02-28T12:12:56","guid":{"rendered":"https:\/\/scinawa.pl\/?p=30877"},"modified":"2024-02-28T13:12:56","modified_gmt":"2024-02-28T12:12:56","slug":"przetarg-na-budowe-swietlicy-w-debcu","status":"publish","type":"post","link":"https:\/\/scinawa.pl\/index.php\/2024\/02\/28\/przetarg-na-budowe-swietlicy-w-debcu\/","title":{"rendered":"Przetarg na budow\u0119 \u015bwietlicy w D\u0119bcu"},"content":{"rendered":"<p align=\"justify\"><strong>\u015acinawski samorz\u0105d za po\u015brednictwem Platformy Marketplanet e-Zamawiaj\u0105cy og\u0142osi\u0142 przetarg na budow\u0119 \u015bwietlicy wiejskiej w D\u0119bcu. Podczas styczniowej sesji radni Rady Miejskiej w \u015acinawie podj\u0119li uchwa\u0142\u0119, ujmuj\u0105c m.in. przedmiotowe zadanie i fundusze na nie w bud\u017cecie na bie\u017c\u0105cy rok. Nale\u017cy podkre\u015bli\u0107, \u017ce zasadnicza cz\u0119\u015b\u0107 koszt\u00f3w zostanie pokryta ze \u015brodk\u00f3w pozyskanych przez nasz samorz\u0105d z rz\u0105dowego Programu Inwestycji Strategicznych Polski \u0141ad.<\/strong><\/p>\n<p align=\"justify\">Z\u0142o\u017cone przez potencjalnych wykonawc\u00f3w oferty b\u0119d\u0105 analizowane przez specjalist\u00f3w od po\u0142owy marca br., kiedy nast\u0105pi ich otwarcie.<\/p>\n<p align=\"justify\">Gmina \u015acinawa wraca do realizowanego w poprzednich latach programu budowy i remont\u00f3w \u015bwietlic wiejskich, w nast\u0119pnej kolejno\u015bci samorz\u0105d zajmie si\u0119 kolejnymi obiektami, m.in. w Jurczu, Dzies\u0142awiu, D\u0142u\u017cycach czy Buszkowicach.<\/p>\n<p align=\"justify\">\u2013 Dzi\u0119ki radnym, kt\u00f3rzy w styczniu przyj\u0119li bud\u017cet zabezpieczono r\u00f3wnie\u017c wk\u0142ad w\u0142asny, niezb\u0119dny do realizacji tej inwestycji. Wcze\u015bniej aplikowali\u015bmy o zewn\u0119trzne \u015brodki i przyznano nam dotacje na wiele zada\u0144, w tym budow\u0119 nowej i potrzebnej \u015bwietlicy w D\u0119bcu. Wracamy do wa\u017cnego dla spo\u0142eczno\u015bci na wsiach tematu \u015bwietlic, przypomn\u0119, \u017ce w ostatnich latach wybudowali\u015bmy nowe obiekty w Przychowej oraz Parszowicach, a wyremontowali\u015bmy budynki w D\u0105browie \u015arodkowej, Lasowicach, Wielowsi czy Zaborowie, wyposa\u017caj\u0105c je w ekologiczne \u017ar\u00f3d\u0142a ogrzewania, czyli w pompy ciep\u0142a \u2013 przypomina burmistrz Krystian Koszty\u0142a.<\/p>\n<p align=\"justify\"><a href=\"http:\/\/scinawa.pl\/wp-content\/uploads\/2024\/02\/kasiorek.jpg\"><img decoding=\"async\" loading=\"lazy\" class=\"aligncenter size-full wp-image-30879\" src=\"http:\/\/scinawa.pl\/wp-content\/uploads\/2024\/02\/kasiorek.jpg\" alt=\"\" width=\"1024\" height=\"682\" srcset=\"https:\/\/scinawa.pl\/wp-content\/uploads\/2024\/02\/kasiorek.jpg 1024w, https:\/\/scinawa.pl\/wp-content\/uploads\/2024\/02\/kasiorek-300x200.jpg 300w, https:\/\/scinawa.pl\/wp-content\/uploads\/2024\/02\/kasiorek-768x512.jpg 768w, https:\/\/scinawa.pl\/wp-content\/uploads\/2024\/02\/kasiorek-24x16.jpg 24w, https:\/\/scinawa.pl\/wp-content\/uploads\/2024\/02\/kasiorek-36x24.jpg 36w, https:\/\/scinawa.pl\/wp-content\/uploads\/2024\/02\/kasiorek-48x32.jpg 48w\" sizes=\"(max-width: 1024px) 100vw, 1024px\" \/><\/a><br \/>\n<a href=\"http:\/\/scinawa.pl\/wp-content\/uploads\/2024\/02\/swietlica-debiec-01.jpg\"><img decoding=\"async\" loading=\"lazy\" class=\"aligncenter size-full wp-image-30880\" src=\"http:\/\/scinawa.pl\/wp-content\/uploads\/2024\/02\/swietlica-debiec-01.jpg\" alt=\"\" width=\"1024\" height=\"768\" srcset=\"https:\/\/scinawa.pl\/wp-content\/uploads\/2024\/02\/swietlica-debiec-01.jpg 1024w, https:\/\/scinawa.pl\/wp-content\/uploads\/2024\/02\/swietlica-debiec-01-300x225.jpg 300w, https:\/\/scinawa.pl\/wp-content\/uploads\/2024\/02\/swietlica-debiec-01-768x576.jpg 768w, https:\/\/scinawa.pl\/wp-content\/uploads\/2024\/02\/swietlica-debiec-01-24x18.jpg 24w, https:\/\/scinawa.pl\/wp-content\/uploads\/2024\/02\/swietlica-debiec-01-36x27.jpg 36w, https:\/\/scinawa.pl\/wp-content\/uploads\/2024\/02\/swietlica-debiec-01-48x36.jpg 48w\" sizes=\"(max-width: 1024px) 100vw, 1024px\" \/><\/a><\/p>\n","protected":false},"excerpt":{"rendered":"<p>\u015acinawski samorz\u0105d za po\u015brednictwem Platformy Marketplanet e-Zamawiaj\u0105cy og\u0142osi\u0142 przetarg na budow\u0119 \u015bwietlicy wiejskiej w D\u0119bcu. Podczas styczniowej sesji radni Rady<\/p>\n","protected":false},"author":3,"featured_media":30881,"comment_status":"open","ping_status":"open","sticky":false,"template":"","format":"standard","meta":{"ngg_post_thumbnail":0},"categories":[12,3],"tags":[],"_links":{"self":[{"href":"https:\/\/scinawa.pl\/index.php\/wp-json\/wp\/v2\/posts\/30877"}],"collection":[{"href":"https:\/\/scinawa.pl\/index.php\/wp-json\/wp\/v2\/posts"}],"about":[{"href":"https:\/\/scinawa.pl\/index.php\/wp-json\/wp\/v2\/types\/post"}],"author":[{"embeddable":true,"href":"https:\/\/scinawa.pl\/index.php\/wp-json\/wp\/v2\/users\/3"}],"replies":[{"embeddable":true,"href":"https:\/\/scinawa.pl\/index.php\/wp-json\/wp\/v2\/comments?post=30877"}],"version-history":[{"count":1,"href":"https:\/\/scinawa.pl\/index.php\/wp-json\/wp\/v2\/posts\/30877\/revisions"}],"predecessor-version":[{"id":30882,"href":"https:\/\/scinawa.pl\/index.php\/wp-json\/wp\/v2\/posts\/30877\/revisions\/30882"}],"wp:featuredmedia":[{"embeddable":true,"href":"https:\/\/scinawa.pl\/index.php\/wp-json\/wp\/v2\/media\/30881"}],"wp:attachment":[{"href":"https:\/\/scinawa.pl\/index.php\/wp-json\/wp\/v2\/media?parent=30877"}],"wp:term":[{"taxonomy":"category","embeddable":true,"href":"https:\/\/scinawa.pl\/index.php\/wp-json\/wp\/v2\/categories?post=30877"},{"taxonomy":"post_tag","embeddable":true,"href":"https:\/\/scinawa.pl\/index.php\/wp-json\/wp\/v2\/tags?post=30877"}],"curies":[{"name":"wp","href":"https:\/\/api.w.org\/{rel}","templated":true}]}}