{"id":30865,"date":"2024-02-26T14:40:08","date_gmt":"2024-02-26T13:40:08","guid":{"rendered":"https:\/\/scinawa.pl\/?p=30865"},"modified":"2024-02-26T14:40:08","modified_gmt":"2024-02-26T13:40:08","slug":"zlobek-w-scinawie-umowa-na-dokumentacje-podpisana","status":"publish","type":"post","link":"https:\/\/scinawa.pl\/index.php\/2024\/02\/26\/zlobek-w-scinawie-umowa-na-dokumentacje-podpisana\/","title":{"rendered":"\u017b\u0142obek w \u015acinawie: umowa na dokumentacj\u0119 podpisana!"},"content":{"rendered":"<p align=\"justify\"><strong>Biuro Projekt\u00f3w Architektonicznych FORMAT z Leszna opracuje dokumentacj\u0119 dla zadania zwi\u0105zanego z utworzeniem \u017c\u0142obka publicznego w \u015acinawie i miejscami opieki dla dzieci w wieku do lat 3. Nale\u017cy podkre\u015bli\u0107, \u017ce na realizacj\u0119 tej wa\u017cnej dla lokalnej spo\u0142eczno\u015bci inicjatywy, samorz\u0105d pozyska\u0142 ju\u017c dofinansowanie: ponad 732 tys. z\u0142 z Ministerstwa Rodziny i Polityki Spo\u0142ecznej w ramach program Maluch+ oraz 906 tys. z\u0142 z Rz\u0105dowego Funduszu Polski \u0141ad: Program Inwestycji Strategicznych. Obiekt, zgodnie z warunkami przyznanego wsparcia zewn\u0119trznego, zostanie uruchomiony najp\u00f3\u017aniej w 2026 roku, jednak w\u0142adze gminy deklaruj\u0105, \u017ce do\u0142o\u017c\u0105 wszelkich stara\u0144, by \u017c\u0142obek zosta\u0142 otwarty wcze\u015bniej.<\/strong><\/p>\n<p align=\"justify\">\u2013 Jeszcze w maju ubieg\u0142ego roku zosta\u0142a nam przyznana dotacja na \u017c\u0142obek w ramach programu Maluch+, zdawali\u015bmy sobie jednak spraw\u0119, \u017ce to niewystarczaj\u0105ca kwota i aplikowali\u015bmy o kolejne rz\u0105dowe \u015brodki, dzi\u0119ki czemu jeste\u015bmy finansowo lepiej zabezpieczeni \u2013 t\u0142umaczy\u0142 burmistrz Krystian Koszty\u0142a.<\/p>\n<p align=\"justify\">Dzi\u015b w Urz\u0119dzie Miasta i Gminy \u015acinawa podpisano pierwsz\u0105 umow\u0119, dzi\u0119ki kt\u00f3rej opracowana zostanie niezb\u0119dna do budowy obiektu dokumentacja. Kontrakt parafowa\u0142 burmistrz, z kolei wykonawc\u0119 reprezentowa\u0142a Joanna W\u0142odarz z leszczy\u0144skiego biura projektowego.<\/p>\n<p align=\"justify\">\u2013 Oczywi\u015bcie dostrzegali\u015bmy i nadal widzimy potrzeb\u0119 utworzenia \u017c\u0142obka w \u015acinawie, jeszcze kilka lat temu du\u017ce zainteresowanie tak\u0105 inwestycj\u0105 wykazywa\u0142y prywatne podmioty, odby\u0142em kilka rozm\u00f3w w tym zakresie, deklaruj\u0105c, \u017ce nasz samorz\u0105d b\u0119dzie dop\u0142aca\u0142 do funkcjonowania plac\u00f3wki. Niestety finalnie nikt z prywatnych inwestor\u00f3w si\u0119 nie zdecydowa\u0142, dlatego postanowili\u015bmy, \u017ce to \u015bcinawski samorz\u0105d utworzy, tak potrzebny obiekt. Zako\u0144czyli\u015bmy zadania z wykorzystaniem wielomilionowych \u015brodk\u00f3w unijnych, pozyskali\u015bmy zewn\u0119trzne wsparcie na \u017c\u0142obek i teraz nasz\u0105 uwag\u0119 koncentrujemy na kolejnych przedsi\u0119wzi\u0119cia, kt\u00f3re s\u0142u\u017cy\u0142y b\u0119d\u0105 lokalnej spo\u0142eczno\u015bci \u2013 uzupe\u0142ni\u0142 burmistrz.<\/p>\n<p align=\"justify\">\u2013 Burmistrz Koszty\u0142a przekaza\u0142 dzi\u015b kolejn\u0105 dobr\u0105 informacj\u0119, dzi\u0119ki temu, \u017ce gmina pozyska\u0142a na ten cel tak znacz\u0105ce dofinansowanie mo\u017cliwe b\u0119dzie zaprojektowanie i w kolejnym etapie wybudowanie \u017c\u0142obka publicznego. Jako radni mocno kibicujemy tej inwestycji, wcze\u015bniej ustalili\u015bmy, \u017ce \u017c\u0142obek to priorytetowe zadanie, zaraz po uko\u0144czeniu du\u017cych inwestycji oraz rozliczeniu \u015brodk\u00f3w z by\u0142ej ju\u017c perspektywy unijnej \u2013 dopowiedzia\u0142a radna Agnieszka Parzy\u0144ska, przewodnicz\u0105ca Komisji Zdrowia, Pomocy Spo\u0142ecznej, O\u015bwiaty, Kultury i Sportu, kt\u00f3ra obecna by\u0142a podczas podpisywania umowy.<\/p>\n<p align=\"justify\"><a href=\"http:\/\/scinawa.pl\/wp-content\/uploads\/2024\/02\/2-1.jpg\"><img decoding=\"async\" loading=\"lazy\" class=\"aligncenter size-full wp-image-30866\" src=\"http:\/\/scinawa.pl\/wp-content\/uploads\/2024\/02\/2-1.jpg\" alt=\"\" width=\"1024\" height=\"683\" srcset=\"https:\/\/scinawa.pl\/wp-content\/uploads\/2024\/02\/2-1.jpg 1024w, https:\/\/scinawa.pl\/wp-content\/uploads\/2024\/02\/2-1-300x200.jpg 300w, https:\/\/scinawa.pl\/wp-content\/uploads\/2024\/02\/2-1-768x512.jpg 768w, https:\/\/scinawa.pl\/wp-content\/uploads\/2024\/02\/2-1-24x16.jpg 24w, https:\/\/scinawa.pl\/wp-content\/uploads\/2024\/02\/2-1-36x24.jpg 36w, https:\/\/scinawa.pl\/wp-content\/uploads\/2024\/02\/2-1-48x32.jpg 48w\" sizes=\"(max-width: 1024px) 100vw, 1024px\" \/><\/a><\/p>\n<p align=\"justify\"><a href=\"http:\/\/scinawa.pl\/wp-content\/uploads\/2024\/02\/3-1.jpg\"><img decoding=\"async\" loading=\"lazy\" class=\"aligncenter size-full wp-image-30867\" src=\"http:\/\/scinawa.pl\/wp-content\/uploads\/2024\/02\/3-1.jpg\" alt=\"\" width=\"1024\" height=\"683\" srcset=\"https:\/\/scinawa.pl\/wp-content\/uploads\/2024\/02\/3-1.jpg 1024w, https:\/\/scinawa.pl\/wp-content\/uploads\/2024\/02\/3-1-300x200.jpg 300w, https:\/\/scinawa.pl\/wp-content\/uploads\/2024\/02\/3-1-768x512.jpg 768w, https:\/\/scinawa.pl\/wp-content\/uploads\/2024\/02\/3-1-24x16.jpg 24w, https:\/\/scinawa.pl\/wp-content\/uploads\/2024\/02\/3-1-36x24.jpg 36w, https:\/\/scinawa.pl\/wp-content\/uploads\/2024\/02\/3-1-48x32.jpg 48w\" sizes=\"(max-width: 1024px) 100vw, 1024px\" \/><\/a><\/p>\n","protected":false},"excerpt":{"rendered":"<p>Biuro Projekt\u00f3w Architektonicznych FORMAT z Leszna opracuje dokumentacj\u0119 dla zadania zwi\u0105zanego z utworzeniem \u017c\u0142obka publicznego w \u015acinawie i miejscami opieki<\/p>\n","protected":false},"author":3,"featured_media":30868,"comment_status":"open","ping_status":"open","sticky":false,"template":"","format":"standard","meta":{"ngg_post_thumbnail":0},"categories":[12,3],"tags":[],"_links":{"self":[{"href":"https:\/\/scinawa.pl\/index.php\/wp-json\/wp\/v2\/posts\/30865"}],"collection":[{"href":"https:\/\/scinawa.pl\/index.php\/wp-json\/wp\/v2\/posts"}],"about":[{"href":"https:\/\/scinawa.pl\/index.php\/wp-json\/wp\/v2\/types\/post"}],"author":[{"embeddable":true,"href":"https:\/\/scinawa.pl\/index.php\/wp-json\/wp\/v2\/users\/3"}],"replies":[{"embeddable":true,"href":"https:\/\/scinawa.pl\/index.php\/wp-json\/wp\/v2\/comments?post=30865"}],"version-history":[{"count":1,"href":"https:\/\/scinawa.pl\/index.php\/wp-json\/wp\/v2\/posts\/30865\/revisions"}],"predecessor-version":[{"id":30869,"href":"https:\/\/scinawa.pl\/index.php\/wp-json\/wp\/v2\/posts\/30865\/revisions\/30869"}],"wp:featuredmedia":[{"embeddable":true,"href":"https:\/\/scinawa.pl\/index.php\/wp-json\/wp\/v2\/media\/30868"}],"wp:attachment":[{"href":"https:\/\/scinawa.pl\/index.php\/wp-json\/wp\/v2\/media?parent=30865"}],"wp:term":[{"taxonomy":"category","embeddable":true,"href":"https:\/\/scinawa.pl\/index.php\/wp-json\/wp\/v2\/categories?post=30865"},{"taxonomy":"post_tag","embeddable":true,"href":"https:\/\/scinawa.pl\/index.php\/wp-json\/wp\/v2\/tags?post=30865"}],"curies":[{"name":"wp","href":"https:\/\/api.w.org\/{rel}","templated":true}]}}