{"id":30822,"date":"2024-02-15T15:00:05","date_gmt":"2024-02-15T14:00:05","guid":{"rendered":"https:\/\/scinawa.pl\/?p=30822"},"modified":"2024-02-15T12:40:29","modified_gmt":"2024-02-15T11:40:29","slug":"protest-rolnikow-mozliwe-utrudnienia","status":"publish","type":"post","link":"https:\/\/scinawa.pl\/index.php\/2024\/02\/15\/protest-rolnikow-mozliwe-utrudnienia\/","title":{"rendered":"Protest rolnik\u00f3w, mo\u017cliwe utrudnienia"},"content":{"rendered":"<p align=\"justify\"><strong>Informujemy, \u017ce jutro (pi\u0105tek 16 lutego) w godzinach od 09:00 do 14:00, odb\u0119dzie si\u0119 w Lubinie (mie\u015bcie powiatowym) protest rolnik\u00f3w, kt\u00f3ry mo\u017ce spowodowa\u0107 utrudnienia w ruchu drogowym. Pikietuj\u0105cy spotkaj\u0105 si\u0119 na parkingu lubi\u0144skiej gie\u0142dy. Udzia\u0142 w prote\u015bcie zapowiedzieli r\u00f3wnie\u017c rolnicy z gminy \u015acinawa.<\/strong><\/p>\n<p align=\"justify\">&nbsp;<\/p>\n<p align=\"justify\"><a href=\"http:\/\/scinawa.pl\/wp-content\/uploads\/2024\/02\/Zdjecie-WhatsApp-2024-02-15-o-10.29.48_0879122c-\u2014-kopia.jpg\"><img decoding=\"async\" loading=\"lazy\" class=\"aligncenter size-full wp-image-30823\" src=\"http:\/\/scinawa.pl\/wp-content\/uploads\/2024\/02\/Zdjecie-WhatsApp-2024-02-15-o-10.29.48_0879122c-\u2014-kopia.jpg\" alt=\"\" width=\"595\" height=\"842\" srcset=\"https:\/\/scinawa.pl\/wp-content\/uploads\/2024\/02\/Zdjecie-WhatsApp-2024-02-15-o-10.29.48_0879122c-\u2014-kopia.jpg 595w, https:\/\/scinawa.pl\/wp-content\/uploads\/2024\/02\/Zdjecie-WhatsApp-2024-02-15-o-10.29.48_0879122c-\u2014-kopia-212x300.jpg 212w, https:\/\/scinawa.pl\/wp-content\/uploads\/2024\/02\/Zdjecie-WhatsApp-2024-02-15-o-10.29.48_0879122c-\u2014-kopia-17x24.jpg 17w, https:\/\/scinawa.pl\/wp-content\/uploads\/2024\/02\/Zdjecie-WhatsApp-2024-02-15-o-10.29.48_0879122c-\u2014-kopia-25x36.jpg 25w, https:\/\/scinawa.pl\/wp-content\/uploads\/2024\/02\/Zdjecie-WhatsApp-2024-02-15-o-10.29.48_0879122c-\u2014-kopia-34x48.jpg 34w\" sizes=\"(max-width: 595px) 100vw, 595px\" \/><\/a><\/p>\n<p>&nbsp;<\/p>\n<p style=\"text-align: center;\">&nbsp;<\/p>\n<p style=\"text-align: center;\">&nbsp;<iframe loading=\"lazy\" title=\"YouTube video player\" src=\"https:\/\/www.youtube.com\/embed\/ZAPPhL9EyxU?si=8rCOMwA39xdcgG1R\" allowfullscreen=\"allowfullscreen\" width=\"560\" height=\"315\" frameborder=\"0\"><\/iframe><\/p>\n","protected":false},"excerpt":{"rendered":"<p>Informujemy, \u017ce jutro (pi\u0105tek 16 lutego) w godzinach od 09:00 do 14:00, odb\u0119dzie si\u0119 w Lubinie (mie\u015bcie powiatowym) protest rolnik\u00f3w,<\/p>\n","protected":false},"author":3,"featured_media":30828,"comment_status":"open","ping_status":"open","sticky":false,"template":"","format":"standard","meta":{"ngg_post_thumbnail":0},"categories":[12,3],"tags":[],"_links":{"self":[{"href":"https:\/\/scinawa.pl\/index.php\/wp-json\/wp\/v2\/posts\/30822"}],"collection":[{"href":"https:\/\/scinawa.pl\/index.php\/wp-json\/wp\/v2\/posts"}],"about":[{"href":"https:\/\/scinawa.pl\/index.php\/wp-json\/wp\/v2\/types\/post"}],"author":[{"embeddable":true,"href":"https:\/\/scinawa.pl\/index.php\/wp-json\/wp\/v2\/users\/3"}],"replies":[{"embeddable":true,"href":"https:\/\/scinawa.pl\/index.php\/wp-json\/wp\/v2\/comments?post=30822"}],"version-history":[{"count":3,"href":"https:\/\/scinawa.pl\/index.php\/wp-json\/wp\/v2\/posts\/30822\/revisions"}],"predecessor-version":[{"id":30826,"href":"https:\/\/scinawa.pl\/index.php\/wp-json\/wp\/v2\/posts\/30822\/revisions\/30826"}],"wp:featuredmedia":[{"embeddable":true,"href":"https:\/\/scinawa.pl\/index.php\/wp-json\/wp\/v2\/media\/30828"}],"wp:attachment":[{"href":"https:\/\/scinawa.pl\/index.php\/wp-json\/wp\/v2\/media?parent=30822"}],"wp:term":[{"taxonomy":"category","embeddable":true,"href":"https:\/\/scinawa.pl\/index.php\/wp-json\/wp\/v2\/categories?post=30822"},{"taxonomy":"post_tag","embeddable":true,"href":"https:\/\/scinawa.pl\/index.php\/wp-json\/wp\/v2\/tags?post=30822"}],"curies":[{"name":"wp","href":"https:\/\/api.w.org\/{rel}","templated":true}]}}