{"id":30798,"date":"2024-02-12T12:03:15","date_gmt":"2024-02-12T11:03:15","guid":{"rendered":"https:\/\/scinawa.pl\/?p=30798"},"modified":"2024-02-12T12:18:18","modified_gmt":"2024-02-12T11:18:18","slug":"scinawscy-strazacy-podsumowali-2023-rok","status":"publish","type":"post","link":"https:\/\/scinawa.pl\/index.php\/2024\/02\/12\/scinawscy-strazacy-podsumowali-2023-rok\/","title":{"rendered":"\u015acinawscy stra\u017cacy podsumowali 2023 rok"},"content":{"rendered":"<p align=\"justify\"><strong>W minion\u0105 sobot\u0119 odby\u0142o si\u0119 zebranie sprawozdawcze Ochotniczej Stra\u017cy Po\u017carnej w \u015acinawie. Druhowie podsumowali miniony rok oraz wsp\u00f3lnie dopracowali i zatwierdzili plany na najbli\u017cszy okres. Stra\u017cacy jednog\u0142o\u015bnie udzielili absolutorium zarz\u0105dowi swojej jednostki, o co zawnioskowa\u0142a wcze\u015bniej komisja rewizyjna, specjalne gratulacje na r\u0119ce prezesa OSP w \u015acinawie Paw\u0142a \u015awier\u017cewskiego z\u0142o\u017cy\u0142 uczestnicz\u0105cy w spotkaniu Eryk G\u00f3rski &#8211; komendant powiatowy Pa\u0144stwowej Stra\u017cy Po\u017carnej w Lubinie.<\/strong><\/p>\n<p align=\"justify\">Udzia\u0142 w zebraniu wzi\u0119li r\u00f3wnie\u017c zaproszeni go\u015bcie: burmistrz \u015acinawy Krystian Koszty\u0142a oraz m\u0142odszy referent ds. obronnych i zarz\u0105dzania Kryzysowego Wiktoria Zdobylak w \u015bcinawskim UMiG, a tak\u017ce przedstawiciele w\u0142adz powiatu lubi\u0144skiego.<br \/>\n&#8211; Serdecznie dzi\u0119kuj\u0119 wszystkim uczestnikom dzisiejszego zebrania, w szczeg\u00f3lno\u015bci komendantowi Erykowi G\u00f3rskiemu oraz burmistrzowi Krystianowi Kosztyle. Nasza wsp\u00f3\u0142praca z Gmin\u0105 \u015acinawa uk\u0142ada si\u0119 bardzo dobrze, mo\u017cemy na siebie liczy\u0107. Spotykamy si\u0119 wyj\u0105tkowo w centrum kultury, poniewa\u017c obecnie prowadzona jest przebudowa naszej remizy, modernizacja na ogromn\u0105 skal\u0119, kt\u00f3ra pozwoli dostosowa\u0107 obiekt do obecnie panuj\u0105cych standard\u00f3w. Nie ukrywam, \u017ce dla nas stra\u017cak\u00f3w to kolejny bodziec do dalszej pracy. Jednocze\u015bnie dzi\u0119kuj\u0119 wszystkim uczestnikom dzisiejszego spotkania, tak\u017ce za jednog\u0142o\u015bne udzielenie absolutorium, co jest dla nas potwierdzeniem, \u017ce dzia\u0142amy w profesjonalny spos\u00f3b \u2013 podsumowa\u0142 prezes zarz\u0105du Oddzia\u0142u Miejsko-Gminnego RP w \u015acinawie Stanis\u0142aw \u015awier\u017cewski.<\/p>\n<p align=\"justify\">O prowadzonej modernizacji remizy OSP pisali\u015bmy w artykule: <a href=\"https:\/\/scinawa.pl\/index.php\/2024\/01\/17\/roboty-budowlane-w-scinawskiej-remizie-foto\/\">Roboty budowlane w \u015bcinawskiej remizie.<\/a><\/p>\n<p align=\"justify\">&nbsp;<\/p>\n<p><a href=\"http:\/\/scinawa.pl\/wp-content\/uploads\/2024\/02\/2.jpg\"><img decoding=\"async\" loading=\"lazy\" class=\"aligncenter size-full wp-image-30800\" src=\"http:\/\/scinawa.pl\/wp-content\/uploads\/2024\/02\/2.jpg\" alt=\"\" width=\"1024\" height=\"822\" srcset=\"https:\/\/scinawa.pl\/wp-content\/uploads\/2024\/02\/2.jpg 1024w, https:\/\/scinawa.pl\/wp-content\/uploads\/2024\/02\/2-300x241.jpg 300w, https:\/\/scinawa.pl\/wp-content\/uploads\/2024\/02\/2-768x617.jpg 768w, https:\/\/scinawa.pl\/wp-content\/uploads\/2024\/02\/2-24x19.jpg 24w, https:\/\/scinawa.pl\/wp-content\/uploads\/2024\/02\/2-36x29.jpg 36w, https:\/\/scinawa.pl\/wp-content\/uploads\/2024\/02\/2-48x39.jpg 48w\" sizes=\"(max-width: 1024px) 100vw, 1024px\" \/><\/a><\/p>\n<p><a href=\"http:\/\/scinawa.pl\/wp-content\/uploads\/2024\/02\/3.jpg\"><img decoding=\"async\" loading=\"lazy\" class=\"aligncenter size-full wp-image-30801\" src=\"http:\/\/scinawa.pl\/wp-content\/uploads\/2024\/02\/3.jpg\" alt=\"\" width=\"1024\" height=\"822\" srcset=\"https:\/\/scinawa.pl\/wp-content\/uploads\/2024\/02\/3.jpg 1024w, https:\/\/scinawa.pl\/wp-content\/uploads\/2024\/02\/3-300x241.jpg 300w, https:\/\/scinawa.pl\/wp-content\/uploads\/2024\/02\/3-768x617.jpg 768w, https:\/\/scinawa.pl\/wp-content\/uploads\/2024\/02\/3-24x19.jpg 24w, https:\/\/scinawa.pl\/wp-content\/uploads\/2024\/02\/3-36x29.jpg 36w, https:\/\/scinawa.pl\/wp-content\/uploads\/2024\/02\/3-48x39.jpg 48w\" sizes=\"(max-width: 1024px) 100vw, 1024px\" \/><\/a><\/p>\n","protected":false},"excerpt":{"rendered":"<p>W minion\u0105 sobot\u0119 odby\u0142o si\u0119 zebranie sprawozdawcze Ochotniczej Stra\u017cy Po\u017carnej w \u015acinawie. Druhowie podsumowali miniony rok oraz wsp\u00f3lnie dopracowali i<\/p>\n","protected":false},"author":3,"featured_media":30799,"comment_status":"open","ping_status":"open","sticky":false,"template":"","format":"standard","meta":{"ngg_post_thumbnail":0},"categories":[12,3],"tags":[38],"_links":{"self":[{"href":"https:\/\/scinawa.pl\/index.php\/wp-json\/wp\/v2\/posts\/30798"}],"collection":[{"href":"https:\/\/scinawa.pl\/index.php\/wp-json\/wp\/v2\/posts"}],"about":[{"href":"https:\/\/scinawa.pl\/index.php\/wp-json\/wp\/v2\/types\/post"}],"author":[{"embeddable":true,"href":"https:\/\/scinawa.pl\/index.php\/wp-json\/wp\/v2\/users\/3"}],"replies":[{"embeddable":true,"href":"https:\/\/scinawa.pl\/index.php\/wp-json\/wp\/v2\/comments?post=30798"}],"version-history":[{"count":3,"href":"https:\/\/scinawa.pl\/index.php\/wp-json\/wp\/v2\/posts\/30798\/revisions"}],"predecessor-version":[{"id":30804,"href":"https:\/\/scinawa.pl\/index.php\/wp-json\/wp\/v2\/posts\/30798\/revisions\/30804"}],"wp:featuredmedia":[{"embeddable":true,"href":"https:\/\/scinawa.pl\/index.php\/wp-json\/wp\/v2\/media\/30799"}],"wp:attachment":[{"href":"https:\/\/scinawa.pl\/index.php\/wp-json\/wp\/v2\/media?parent=30798"}],"wp:term":[{"taxonomy":"category","embeddable":true,"href":"https:\/\/scinawa.pl\/index.php\/wp-json\/wp\/v2\/categories?post=30798"},{"taxonomy":"post_tag","embeddable":true,"href":"https:\/\/scinawa.pl\/index.php\/wp-json\/wp\/v2\/tags?post=30798"}],"curies":[{"name":"wp","href":"https:\/\/api.w.org\/{rel}","templated":true}]}}